{"id":150941,"date":"2026-01-28T12:07:11","date_gmt":"2026-01-28T15:07:11","guid":{"rendered":"https:\/\/senoticias.com.br\/se\/?p=150941"},"modified":"2026-01-28T12:07:11","modified_gmt":"2026-01-28T15:07:11","slug":"policia-federal-realiza-operacao-contra-abuso-sexual-infantojuvenil-no-interior-de-sergipe","status":"publish","type":"post","link":"https:\/\/senoticias.com.br\/se\/policia-federal-realiza-operacao-contra-abuso-sexual-infantojuvenil-no-interior-de-sergipe\/","title":{"rendered":"Pol\u00edcia Federal realiza opera\u00e7\u00e3o contra abuso sexual infantojuvenil no interior de Sergipe"},"content":{"rendered":"<p>A Pol\u00edcia Federal deflagrou, na manh\u00e3 desta quarta-feira (28), a <strong>Opera\u00e7\u00e3o Argos II<\/strong>, com o objetivo de combater o compartilhamento de arquivos de abuso sexual infantil na internet.<\/p>\n<p>Durante a a\u00e7\u00e3o, foi cumprido um mandado de busca e apreens\u00e3o na resid\u00eancia do investigado no munic\u00edpio de Santana do S\u00e3o Francisco\/SE. No local, foram apreendidos um aparelho celular e dispositivos eletr\u00f4nicos que contribuir\u00e3o para o prosseguimento das investiga\u00e7\u00f5es.<\/p>\n<p>Al\u00e9m do material digital, os policiais encontraram uma arma de fogo sem registro. Diante do fato, o investigado foi preso em flagrante pelo crime de posse ilegal de arma de fogo e encaminhado \u00e0 Superintend\u00eancia Regional da Pol\u00edcia Federal para os procedimentos cab\u00edveis.<\/p>\n<p><strong>Nomenclatura e alerta<\/strong><\/p>\n<p>Embora o termo &#8220;pornografia&#8221; ainda seja utilizado em nossa legisla\u00e7\u00e3o (art. 241-E da Lei n\u00ba 8.069, de 1990 &#8211; Estatuto da Crian\u00e7a e do Adolescente) para definir &#8220;qualquer situa\u00e7\u00e3o que envolva crian\u00e7a ou adolescente em atividades sexuais expl\u00edcitas, reais ou simuladas, ou exibi\u00e7\u00e3o dos \u00f3rg\u00e3os genitais de uma crian\u00e7a ou adolescente para fins primordialmente sexuais&#8221;, a comunidade internacional entende que o melhor nessas situa\u00e7\u00f5es \u00e9 referir-se a crimes de &#8220;abuso sexual de crian\u00e7as e adolescentes&#8221; ou mesmo &#8220;viol\u00eancia sexual de crian\u00e7as e adolescentes&#8221;, pois a nomenclatura ajuda a dar dimens\u00e3o da viol\u00eancia infligida nas v\u00edtimas desses crimes t\u00e3o devastadores.<\/p>\n<p>Al\u00e9m disso, a Pol\u00edcia Federal alerta aos pais e aos respons\u00e1veis sobre a import\u00e2ncia de monitorar e orientar seus filhos no mundo virtual e f\u00edsico, protegendo-os dos riscos de abusos sexuais. Conversar abertamente sobre os perigos do mundo virtual, explicar como utilizar redes sociais, jogos e aplicativos de forma segura e acompanhar de perto as atividades online dos jovens s\u00e3o medidas essenciais de prote\u00e7\u00e3o. Estar atento a mudan\u00e7as de comportamento, como isolamento repentino ou segredo em rela\u00e7\u00e3o ao uso do celular e do computador, pode ajudar a identificar situa\u00e7\u00f5es de risco.<\/p>\n<div id=\"attachment_150942\" style=\"width: 610px\" class=\"wp-caption aligncenter\"><a href=\"https:\/\/senoticias.com.br\/se\/wp-content\/uploads\/2026\/01\/Operacao-da-Policia-Federal-SE-Noticias.jpeg\"><img loading=\"lazy\" decoding=\"async\" aria-describedby=\"caption-attachment-150942\" class=\"size-full wp-image-150942\" src=\"https:\/\/senoticias.com.br\/se\/wp-content\/uploads\/2026\/01\/Operacao-da-Policia-Federal-SE-Noticias.jpeg\" alt=\"\" width=\"600\" height=\"421\" srcset=\"https:\/\/senoticias.com.br\/se\/wp-content\/uploads\/2026\/01\/Operacao-da-Policia-Federal-SE-Noticias.jpeg 600w, https:\/\/senoticias.com.br\/se\/wp-content\/uploads\/2026\/01\/Operacao-da-Policia-Federal-SE-Noticias-300x211.jpeg 300w\" sizes=\"(max-width: 600px) 100vw, 600px\" \/><\/a><p id=\"caption-attachment-150942\" class=\"wp-caption-text\">Mandado de busca e apreens\u00e3o foi cumprido em Santana do S\u00e3o Francisco\/SE &#8211; Foto: ascom\/PF\/SE<\/p><\/div>\n<p>\u00c9 igualmente importante ensinar \u00e0s crian\u00e7as e adolescentes como agir diante de contatos inadequados em ambientes virtuais, refor\u00e7ando que podem e devem procurar ajuda. A preven\u00e7\u00e3o \u00e9 a maneira mais eficaz de garantir a seguran\u00e7a e o bem-estar de crian\u00e7as e adolescentes, e a informa\u00e7\u00e3o continua sendo um instrumento capaz de salvar vidas.<\/p>\n<p><strong><em>Acompanhe tamb\u00e9m o SE Not\u00edcias no\u00a0<a href=\"https:\/\/twitter.com\/Senoticias\" target=\"_blank\" rel=\"noreferrer noopener\">Twitter<\/a>,\u00a0<a href=\"https:\/\/www.facebook.com\/senoticias1\" target=\"_blank\" rel=\"noreferrer noopener\">Facebook<\/a>\u00a0e no\u00a0<a href=\"https:\/\/www.instagram.com\/senoticias\/\" target=\"_blank\" rel=\"noreferrer noopener\">Instagram<\/a><\/em><\/strong><\/p>\n<p>Comunica\u00e7\u00e3o Social da Pol\u00edcia Federal em Sergipe<\/p>\n<p>&nbsp;<\/p>\n","protected":false},"excerpt":{"rendered":"<p>A Pol\u00edcia Federal deflagrou, na manh\u00e3 desta quarta-feira (28), a Opera\u00e7\u00e3o Argos II, com o objetivo de combater o compartilhamento de arquivos de abuso sexual infantil na internet. Durante a a\u00e7\u00e3o, foi cumprido um mandado de busca e apreens\u00e3o na resid\u00eancia do investigado no munic\u00edpio de Santana do S\u00e3o Francisco\/SE. No local, foram apreendidos um [&hellip;]<\/p>\n","protected":false},"author":6557,"featured_media":150942,"comment_status":"closed","ping_status":"closed","sticky":false,"template":"","format":"standard","meta":{"footnotes":""},"categories":[15,7],"tags":[44642,3212,1947],"class_list":{"0":"post-150941","1":"post","2":"type-post","3":"status-publish","4":"format-standard","5":"has-post-thumbnail","7":"category-destaques","8":"category-policia","9":"tag-operacao-argos-ii","10":"tag-pf","11":"tag-policia-federal"},"_links":{"self":[{"href":"https:\/\/senoticias.com.br\/se\/wp-json\/wp\/v2\/posts\/150941"}],"collection":[{"href":"https:\/\/senoticias.com.br\/se\/wp-json\/wp\/v2\/posts"}],"about":[{"href":"https:\/\/senoticias.com.br\/se\/wp-json\/wp\/v2\/types\/post"}],"author":[{"embeddable":true,"href":"https:\/\/senoticias.com.br\/se\/wp-json\/wp\/v2\/users\/6557"}],"replies":[{"embeddable":true,"href":"https:\/\/senoticias.com.br\/se\/wp-json\/wp\/v2\/comments?post=150941"}],"version-history":[{"count":0,"href":"https:\/\/senoticias.com.br\/se\/wp-json\/wp\/v2\/posts\/150941\/revisions"}],"wp:featuredmedia":[{"embeddable":true,"href":"https:\/\/senoticias.com.br\/se\/wp-json\/wp\/v2\/media\/150942"}],"wp:attachment":[{"href":"https:\/\/senoticias.com.br\/se\/wp-json\/wp\/v2\/media?parent=150941"}],"wp:term":[{"taxonomy":"category","embeddable":true,"href":"https:\/\/senoticias.com.br\/se\/wp-json\/wp\/v2\/categories?post=150941"},{"taxonomy":"post_tag","embeddable":true,"href":"https:\/\/senoticias.com.br\/se\/wp-json\/wp\/v2\/tags?post=150941"}],"curies":[{"name":"wp","href":"https:\/\/api.w.org\/{rel}","templated":true}]}}