{"id":150935,"date":"2026-01-28T06:29:39","date_gmt":"2026-01-28T09:29:39","guid":{"rendered":"https:\/\/senoticias.com.br\/se\/?p=150935"},"modified":"2026-01-28T06:40:01","modified_gmt":"2026-01-28T09:40:01","slug":"ao-lado-de-leite-e-ratinho-jr-caiado-anuncia-ida-ao-psd-passo-adiante","status":"publish","type":"post","link":"https:\/\/senoticias.com.br\/se\/ao-lado-de-leite-e-ratinho-jr-caiado-anuncia-ida-ao-psd-passo-adiante\/","title":{"rendered":"Ao lado de Leite e Ratinho Jr., Caiado anuncia ida ao PSD: &#8216;Passo adiante&#8217;"},"content":{"rendered":"<p>O governador de Goi\u00e1s, Ronaldo Caiado, anunciou sua filia\u00e7\u00e3o ao PSD hoje \u00e1 noite, horas ap\u00f3s comunicar sua sa\u00edda do Uni\u00e3o Brasil.<\/p>\n<p>Caiado afirmou que \u00e9 grato ao Uni\u00e3o Brasil, mas \u00e9 hora de dar &#8220;um passo adiante&#8221;. O an\u00fancio foi feito ao lado dos governadores Eduardo Leite (PSD), do Rio Grande do Sul, e Ratinho Jr. (PSD), do Paran\u00e1.<\/p>\n<div id=\"attachment_150936\" style=\"width: 601px\" class=\"wp-caption aligncenter\"><a href=\"https:\/\/senoticias.com.br\/se\/wp-content\/uploads\/2026\/01\/Ronaldo-Caiado-SE-Noticias.jpeg\"><img loading=\"lazy\" decoding=\"async\" aria-describedby=\"caption-attachment-150936\" class=\"size-full wp-image-150936\" src=\"https:\/\/senoticias.com.br\/se\/wp-content\/uploads\/2026\/01\/Ronaldo-Caiado-SE-Noticias.jpeg\" alt=\"\" width=\"591\" height=\"370\" srcset=\"https:\/\/senoticias.com.br\/se\/wp-content\/uploads\/2026\/01\/Ronaldo-Caiado-SE-Noticias.jpeg 591w, https:\/\/senoticias.com.br\/se\/wp-content\/uploads\/2026\/01\/Ronaldo-Caiado-SE-Noticias-300x188.jpeg 300w, https:\/\/senoticias.com.br\/se\/wp-content\/uploads\/2026\/01\/Ronaldo-Caiado-SE-Noticias-120x76.jpeg 120w, https:\/\/senoticias.com.br\/se\/wp-content\/uploads\/2026\/01\/Ronaldo-Caiado-SE-Noticias-274x173.jpeg 274w, https:\/\/senoticias.com.br\/se\/wp-content\/uploads\/2026\/01\/Ronaldo-Caiado-SE-Noticias-308x192.jpeg 308w\" sizes=\"(max-width: 591px) 100vw, 591px\" \/><\/a><p id=\"caption-attachment-150936\" class=\"wp-caption-text\">Caiado pretende ser candidato \u00e0 presid\u00eancia da Rep\u00fablica &#8211; Divulga\u00e7\u00e3o\/Governo de Goi\u00e1s<\/p><\/div>\n<p>Sem oficializar uma pr\u00e9-candidatura, Caiado afirmou que, dentre os tr\u00eas, quem sair candidato \u00e0 presid\u00eancia da Rep\u00fablica ter\u00e1 o apoio dos demais. &#8220;Aqui n\u00e3o tem o interesse pessoal de cada um. Aquele que for escolhido levar\u00e1 essa bandeira de um projeto de esperan\u00e7a e de resgate.&#8221;.<\/p>\n<p>Como pano de fundo da mudan\u00e7a, est\u00e1 o poss\u00edvel apoio do Uni\u00e3o Brasil \u00e0 candidatura de Fl\u00e1vio Bolsonaro (PL). No in\u00edcio do m\u00eas, o senador e filho do ex-presidente Jair Bolsonaro (PL) afirmou que o presidente da legenda, Ant\u00f4nio Rueda, \u00e9 entusiasta de sua pr\u00e9-candidatura.<\/p>\n<p>Mais cedo, Caiado defendeu a pulveriza\u00e7\u00e3o de candidatos do seu espectro pol\u00edtico. Segundo ele, &#8220;com o PT no poder, \u00e9 um processo duro, ele n\u00e3o tem limite e tem que ganhar a elei\u00e7\u00e3o a qualquer custo. Se n\u00f3s tivermos um candidato s\u00f3, ele ter\u00e1 dificuldade de caminhar de hoje at\u00e9 4 de outubro&#8221;, afirmou ele em entrevista \u00e0 Novabrasil.<\/p>\n<p>Tamb\u00e9m na avalia\u00e7\u00e3o do governador de Goi\u00e1s, n\u00e3o h\u00e1 garantias de que o nome apoiado pelo ex-presidente Bolsonaro ter\u00e1 mais chances vencer a elei\u00e7\u00e3o. &#8220;Ningu\u00e9m nega o prest\u00edgio dele [Bolsonaro], mas s\u00e3o duas coisas distintas: uma coisa \u00e9 ele candidato e outra \u00e9 um indicado dele candidato. Por mais prest\u00edgio que a pessoa tenha, n\u00e3o consegue transferir 100% dos votos&#8221;, declarou, prometendo apoio a Fl\u00e1vio em um eventual segundo turno.<\/p>\n<p><strong><em>Acompanhe tamb\u00e9m o SE Not\u00edcias no\u00a0<a href=\"https:\/\/twitter.com\/Senoticias\" target=\"_blank\" rel=\"noreferrer noopener\">Twitter<\/a>,\u00a0<a href=\"https:\/\/www.facebook.com\/senoticias1\" target=\"_blank\" rel=\"noreferrer noopener\">Facebook<\/a>\u00a0e no\u00a0<a href=\"https:\/\/www.instagram.com\/senoticias\/\" target=\"_blank\" rel=\"noreferrer noopener\">Instagram<\/a><\/em><\/strong><\/p>\n<p>Fonte: Portal UOL<\/p>\n","protected":false},"excerpt":{"rendered":"<p>O governador de Goi\u00e1s, Ronaldo Caiado, anunciou sua filia\u00e7\u00e3o ao PSD hoje \u00e1 noite, horas ap\u00f3s comunicar sua sa\u00edda do Uni\u00e3o Brasil. Caiado afirmou que \u00e9 grato ao Uni\u00e3o Brasil, mas \u00e9 hora de dar &#8220;um passo adiante&#8221;. O an\u00fancio foi feito ao lado dos governadores Eduardo Leite (PSD), do Rio Grande do Sul, e [&hellip;]<\/p>\n","protected":false},"author":6557,"featured_media":150936,"comment_status":"closed","ping_status":"closed","sticky":false,"template":"","format":"standard","meta":{"footnotes":""},"categories":[15,2961,1],"tags":[43697,41598,43696],"class_list":{"0":"post-150935","1":"post","2":"type-post","3":"status-publish","4":"format-standard","5":"has-post-thumbnail","7":"category-destaques","8":"category-nacional","9":"category-sem-categoria","10":"tag-caiado","11":"tag-eleicoes-2026","12":"tag-governador-ronaldo-caiado"},"_links":{"self":[{"href":"https:\/\/senoticias.com.br\/se\/wp-json\/wp\/v2\/posts\/150935"}],"collection":[{"href":"https:\/\/senoticias.com.br\/se\/wp-json\/wp\/v2\/posts"}],"about":[{"href":"https:\/\/senoticias.com.br\/se\/wp-json\/wp\/v2\/types\/post"}],"author":[{"embeddable":true,"href":"https:\/\/senoticias.com.br\/se\/wp-json\/wp\/v2\/users\/6557"}],"replies":[{"embeddable":true,"href":"https:\/\/senoticias.com.br\/se\/wp-json\/wp\/v2\/comments?post=150935"}],"version-history":[{"count":0,"href":"https:\/\/senoticias.com.br\/se\/wp-json\/wp\/v2\/posts\/150935\/revisions"}],"wp:featuredmedia":[{"embeddable":true,"href":"https:\/\/senoticias.com.br\/se\/wp-json\/wp\/v2\/media\/150936"}],"wp:attachment":[{"href":"https:\/\/senoticias.com.br\/se\/wp-json\/wp\/v2\/media?parent=150935"}],"wp:term":[{"taxonomy":"category","embeddable":true,"href":"https:\/\/senoticias.com.br\/se\/wp-json\/wp\/v2\/categories?post=150935"},{"taxonomy":"post_tag","embeddable":true,"href":"https:\/\/senoticias.com.br\/se\/wp-json\/wp\/v2\/tags?post=150935"}],"curies":[{"name":"wp","href":"https:\/\/api.w.org\/{rel}","templated":true}]}}