{"id":150930,"date":"2026-01-27T15:40:51","date_gmt":"2026-01-27T18:40:51","guid":{"rendered":"https:\/\/senoticias.com.br\/se\/?p=150930"},"modified":"2026-01-27T15:40:51","modified_gmt":"2026-01-27T18:40:51","slug":"sealba-show-2026-abre-o-calendario-nacional-de-feiras-agricolas-confira-a-programacao","status":"publish","type":"post","link":"https:\/\/senoticias.com.br\/se\/sealba-show-2026-abre-o-calendario-nacional-de-feiras-agricolas-confira-a-programacao\/","title":{"rendered":"Sealba Show 2026 abre o calend\u00e1rio nacional de feiras agr\u00edcolas; confira a programa\u00e7\u00e3o"},"content":{"rendered":"<p>A Sealba Show, maior vitrine do agroneg\u00f3cio da regi\u00e3o Sealba e maior evento de neg\u00f3cios de Sergipe, chega \u00e0 sua quinta edi\u00e7\u00e3o reafirmando seu papel estrat\u00e9gico no cen\u00e1rio nacional. A feira acontece de 04 a 07 de fevereiro de 2026, em Itabaiana (SE), e abre oficialmente o calend\u00e1rio nacional de feiras agr\u00edcolas, reunindo produtores rurais, empresas, autoridades, t\u00e9cnicos, institui\u00e7\u00f5es financeiras e especialistas do setor.<\/p>\n<p>Na \u00faltima edi\u00e7\u00e3o, em 2025, a feira recebeu cerca de 60 mil visitantes e movimentou mais de R$ 360 milh\u00f5es em neg\u00f3cios, resultado que consolida a Sealba Show como um dos principais ambientes de gera\u00e7\u00e3o de oportunidades do Nordeste. Para 2026, a expectativa \u00e9 superar novamente esses n\u00fameros, mantendo a trajet\u00f3ria de crescimento cont\u00ednuo registrada desde sua cria\u00e7\u00e3o.<\/p>\n<div id=\"attachment_150931\" style=\"width: 610px\" class=\"wp-caption aligncenter\"><a href=\"https:\/\/senoticias.com.br\/se\/wp-content\/uploads\/2026\/01\/Sealba-Show-SE-Noticias.jpg\"><img loading=\"lazy\" decoding=\"async\" aria-describedby=\"caption-attachment-150931\" class=\"size-full wp-image-150931\" src=\"https:\/\/senoticias.com.br\/se\/wp-content\/uploads\/2026\/01\/Sealba-Show-SE-Noticias.jpg\" alt=\"\" width=\"600\" height=\"406\" srcset=\"https:\/\/senoticias.com.br\/se\/wp-content\/uploads\/2026\/01\/Sealba-Show-SE-Noticias.jpg 600w, https:\/\/senoticias.com.br\/se\/wp-content\/uploads\/2026\/01\/Sealba-Show-SE-Noticias-300x203.jpg 300w, https:\/\/senoticias.com.br\/se\/wp-content\/uploads\/2026\/01\/Sealba-Show-SE-Noticias-90x60.jpg 90w, https:\/\/senoticias.com.br\/se\/wp-content\/uploads\/2026\/01\/Sealba-Show-SE-Noticias-95x64.jpg 95w\" sizes=\"(max-width: 600px) 100vw, 600px\" \/><\/a><p id=\"caption-attachment-150931\" class=\"wp-caption-text\"><br \/>Sealba Show 2026 abre o calend\u00e1rio nacional de feiras agr\u00edcolas &#8211; Foto: Samara Fagundes<\/p><\/div>\n<p>Para o presidente do Sistema Faese\/Senar, Gustavo Dias, a feira representa muito mais do que resultados financeiros. \u201cOs n\u00fameros alcan\u00e7ados a cada edi\u00e7\u00e3o refletem a for\u00e7a do produtor rural, a capacidade de inova\u00e7\u00e3o do nosso agro e o compromisso do Sistema Faese\/Senar em criar um ambiente que gere desenvolvimento, oportunidades e crescimento para toda a regi\u00e3o Sealba\u201d, destacou.<\/p>\n<p>Breve hist\u00f3rico<\/p>\n<p>Idealizada em 2021, a Sealba Show nasceu com o prop\u00f3sito de fortalecer o agroneg\u00f3cio do territ\u00f3rio Sealba. Ap\u00f3s a suspens\u00e3o da primeira edi\u00e7\u00e3o em virtude da pandemia, a feira ganhou for\u00e7a em 2022, quando se firmou como vitrine do agro regional, com 30 mil m\u00b2 de \u00e1rea e R$ 60 milh\u00f5es em neg\u00f3cios. Em 2023, o maior palco de neg\u00f3cios do agro sergipano dobrou de tamanho, alcan\u00e7ou 40 mil visitantes e movimentou R$ 220 milh\u00f5es, marcando um per\u00edodo de grande expans\u00e3o. Em 2024, consolidou-se como uma das principais feiras do calend\u00e1rio do Nordeste, superando 50 mil visitantes. J\u00e1 em 2025, a Sealba Show se tornou a terceira maior feira do Nordeste, reunindo mais de 175 marcas nacionais e internacionais.<\/p>\n<p>Segundo o coordenador geral da Sealba Show, Ivan Sobral, o crescimento da feira confirma a for\u00e7a da proposta inicial. \u201cA Sealba Show nasceu da necessidade de dar visibilidade ao potencial produtivo da regi\u00e3o Sealba e de criar um espa\u00e7o onde o produtor tivesse acesso direto \u00e0 tecnologia, ao cr\u00e9dito, ao conhecimento e \u00e0s decis\u00f5es que impactam o campo.\u201d, afirmou.<\/p>\n<p>A feira tem como objetivo conectar quem produz a quem decide, promovendo acesso \u00e0 tecnologia, inova\u00e7\u00e3o, cr\u00e9dito rural, conhecimento t\u00e9cnico e solu\u00e7\u00f5es para diferentes culturas. Consolidou-se como espa\u00e7o de lan\u00e7amentos, troca de experi\u00eancias e fortalecimento das cadeias produtivas.<\/p>\n<p><strong>Regi\u00e3o Sealba<\/strong><\/p>\n<p>A regi\u00e3o Sealba, que integra \u00e1reas de Sergipe, Alagoas e Bahia, destaca-se pelo alto potencial agr\u00edcola, especialmente na produ\u00e7\u00e3o de gr\u00e3os. A realiza\u00e7\u00e3o da maior feira de neg\u00f3cios do agro sergipano foi decisiva para alavancar o territ\u00f3rio, atrair investimentos, al\u00e9m de acelerar a moderniza\u00e7\u00e3o do campo.<\/p>\n<p><strong>Programa\u00e7\u00e3o oficial<\/strong><\/p>\n<p>Ao longo dos quatro dias, o p\u00fablico poder\u00e1 participar de workshops, agroencontros, a\u00e7\u00f5es voltadas a p\u00fablicos espec\u00edficos, como mulheres e jovens do agro, al\u00e9m de leil\u00f5es que fortalecem a pecu\u00e1ria regional.<\/p>\n<p><strong>Programa\u00e7\u00e3o \u2013 Sealba Show 2026<\/strong><\/p>\n<p><strong>04 de fevereiro | Quarta-feira<\/strong><\/p>\n<p><strong>08h \u2013<\/strong> Abertura com expositores<br \/>\n<strong>14h \u2013<\/strong> Workshop do Agroneg\u00f3cio (Faese, OAB e CRC)<br \/>\n<strong>18h \u2013<\/strong> 1\u00ba Leil\u00e3o Quarto de Milha Sealba<\/p>\n<p><strong>05 de fevereiro | Quinta-feira<\/strong><\/p>\n<p><strong>10h \u2013<\/strong> Agroencontro de Produtores Rurais<br \/>\n<strong>14h \u2013<\/strong> Sealba para Elas<br \/>\n<strong>18h \u2013<\/strong> 1\u00ba Leil\u00e3o Sealba Ovinotop<\/p>\n<p><strong>06 de fevereiro | Sexta-feira<\/strong><\/p>\n<p><strong>14h \u2013<\/strong> Encontro do Agro \u2013 Homenagem M\u00e9rito Agro<br \/>\n<strong>18h \u2013<\/strong> 3\u00ba Leil\u00e3o Leite Sealba<\/p>\n<p><strong>07 de fevereiro | S\u00e1bado<\/strong><\/p>\n<p><strong>10h \u2013<\/strong> Encontro do Agro com os Jovens<br \/>\n<strong>14h \u2013<\/strong> 1\u00ba Leil\u00e3o Nelore Maim<\/p>\n<p><strong>Homenagem M\u00e9rito Agro<\/strong><\/p>\n<p>Durante a programa\u00e7\u00e3o da Sealba Show 2026, a Faese realiza a Homenagem M\u00e9rito Agro, reconhecimento destinado a personalidades que contribuem de forma significativa para o fortalecimento do agroneg\u00f3cio. Nesta edi\u00e7\u00e3o, ser\u00e3o homenageados o governador de Sergipe, F\u00e1bio Mitidieri, pelo apoio institucional ao setor; Expedito Matos Nascimento (in memoriam), produtor rural que deixou um legado de dedica\u00e7\u00e3o ao campo; Jos\u00e9 Augusto Vieira, do Grupo Marat\u00e1, pela contribui\u00e7\u00e3o empresarial ao agro; Mariv\u00e2nia F\u00e9lix Schoenherr, produtora rural e refer\u00eancia na valoriza\u00e7\u00e3o do papel da mulher no agroneg\u00f3cio; Jos\u00e9 Teles de Andrade Sobrinho, o Z\u00e9 do Po\u00e7o, produtor de leite reconhecido por sua trajet\u00f3ria no campo; e o deputado federal Pedro Lupion, presidente da Frente Parlamentar da Agropecu\u00e1ria (FPA), pelo trabalho em defesa do setor produtivo no cen\u00e1rio nacional.<\/p>\n<p><strong>Realiza\u00e7\u00e3o e patroc\u00ednio<\/strong><\/p>\n<p>A Sealba Show 2026 \u00e9 uma realiza\u00e7\u00e3o da Federa\u00e7\u00e3o da Agricultura e Pecu\u00e1ria do Estado de Sergipe (Faese), com a correaliza\u00e7\u00e3o do Sebrae, patroc\u00ednio do Governo de Sergipe, Banese, Banco do Nordeste e Governo Federal, CNA, Senar e Prefeitura de Itabaiana. O evento conta ainda com o apoio da Energisa e da AMS Geradores.<\/p>\n<p><strong><em>Acompanhe tamb\u00e9m o SE Not\u00edcias no\u00a0<a href=\"https:\/\/twitter.com\/Senoticias\" target=\"_blank\" rel=\"noreferrer noopener\">Twitter<\/a>,\u00a0<a href=\"https:\/\/www.facebook.com\/senoticias1\" target=\"_blank\" rel=\"noreferrer noopener\">Facebook<\/a>\u00a0e no\u00a0<a href=\"https:\/\/www.instagram.com\/senoticias\/\" target=\"_blank\" rel=\"noreferrer noopener\">Instagram<\/a><\/em><\/strong><\/p>\n<p>Por Samara Fagundes\/ascom\/divulga\u00e7\u00e3o<\/p>\n<p>&nbsp;<\/p>\n<p>&nbsp;<\/p>\n<p>&nbsp;<\/p>\n","protected":false},"excerpt":{"rendered":"<p>A Sealba Show, maior vitrine do agroneg\u00f3cio da regi\u00e3o Sealba e maior evento de neg\u00f3cios de Sergipe, chega \u00e0 sua quinta edi\u00e7\u00e3o reafirmando seu papel estrat\u00e9gico no cen\u00e1rio nacional. A feira acontece de 04 a 07 de fevereiro de 2026, em Itabaiana (SE), e abre oficialmente o calend\u00e1rio nacional de feiras agr\u00edcolas, reunindo produtores rurais, [&hellip;]<\/p>\n","protected":false},"author":6557,"featured_media":150931,"comment_status":"closed","ping_status":"closed","sticky":false,"template":"","format":"standard","meta":{"footnotes":""},"categories":[15,38],"tags":[38086,44641],"class_list":{"0":"post-150930","1":"post","2":"type-post","3":"status-publish","4":"format-standard","5":"has-post-thumbnail","7":"category-destaques","8":"category-municipios","9":"tag-sealba-show","10":"tag-sealba-show-2026"},"_links":{"self":[{"href":"https:\/\/senoticias.com.br\/se\/wp-json\/wp\/v2\/posts\/150930"}],"collection":[{"href":"https:\/\/senoticias.com.br\/se\/wp-json\/wp\/v2\/posts"}],"about":[{"href":"https:\/\/senoticias.com.br\/se\/wp-json\/wp\/v2\/types\/post"}],"author":[{"embeddable":true,"href":"https:\/\/senoticias.com.br\/se\/wp-json\/wp\/v2\/users\/6557"}],"replies":[{"embeddable":true,"href":"https:\/\/senoticias.com.br\/se\/wp-json\/wp\/v2\/comments?post=150930"}],"version-history":[{"count":0,"href":"https:\/\/senoticias.com.br\/se\/wp-json\/wp\/v2\/posts\/150930\/revisions"}],"wp:featuredmedia":[{"embeddable":true,"href":"https:\/\/senoticias.com.br\/se\/wp-json\/wp\/v2\/media\/150931"}],"wp:attachment":[{"href":"https:\/\/senoticias.com.br\/se\/wp-json\/wp\/v2\/media?parent=150930"}],"wp:term":[{"taxonomy":"category","embeddable":true,"href":"https:\/\/senoticias.com.br\/se\/wp-json\/wp\/v2\/categories?post=150930"},{"taxonomy":"post_tag","embeddable":true,"href":"https:\/\/senoticias.com.br\/se\/wp-json\/wp\/v2\/tags?post=150930"}],"curies":[{"name":"wp","href":"https:\/\/api.w.org\/{rel}","templated":true}]}}