{"id":150927,"date":"2026-01-27T15:08:16","date_gmt":"2026-01-27T18:08:16","guid":{"rendered":"https:\/\/senoticias.com.br\/se\/?p=150927"},"modified":"2026-01-27T15:08:16","modified_gmt":"2026-01-27T18:08:16","slug":"policia-civil-efetua-prisao-preventiva-por-stalking-e-violacao-de-medida-protetiva","status":"publish","type":"post","link":"https:\/\/senoticias.com.br\/se\/policia-civil-efetua-prisao-preventiva-por-stalking-e-violacao-de-medida-protetiva\/","title":{"rendered":"Pol\u00edcia Civil efetua pris\u00e3o preventiva por stalking e viola\u00e7\u00e3o de medida protetiva"},"content":{"rendered":"<p>A Pol\u00edcia Civil de Sergipe, por interm\u00e9dio da Delegacia Especializada em Crimes Homof\u00f3bicos, Racismo e Intoler\u00e2ncia Religiosa, cumpriu uma ordem de pris\u00e3o preventiva contra a investigada, por descumprimento de medida protetiva emergencial e persegui\u00e7\u00e3o de uma mulher com quem manteve relacionamento afetivo. A deten\u00e7\u00e3o ocorreu nesta segunda-feira, 26, na Grande Aracaju.<\/p>\n<p>As apura\u00e7\u00f5es indicam que, ap\u00f3s o fim do relacionamento, a suspeita come\u00e7ou a perseguir a v\u00edtima, invadindo tanto sua casa quanto seu local de trabalho, al\u00e9m de furtar objetos e dinheiro do carro dela, somando-se a diversas tentativas de aproxima\u00e7\u00e3o, mesmo com a concess\u00e3o judicial de medidas de prote\u00e7\u00e3o, incorrendo assim no delito de stalking.<\/p>\n<div id=\"attachment_149672\" style=\"width: 586px\" class=\"wp-caption aligncenter\"><a href=\"https:\/\/senoticias.com.br\/se\/wp-content\/uploads\/2025\/10\/Policia-Civil-SE-Noticias.jpeg\"><img loading=\"lazy\" decoding=\"async\" aria-describedby=\"caption-attachment-149672\" class=\"size-full wp-image-149672\" src=\"https:\/\/senoticias.com.br\/se\/wp-content\/uploads\/2025\/10\/Policia-Civil-SE-Noticias.jpeg\" alt=\"\" width=\"576\" height=\"431\" srcset=\"https:\/\/senoticias.com.br\/se\/wp-content\/uploads\/2025\/10\/Policia-Civil-SE-Noticias.jpeg 576w, https:\/\/senoticias.com.br\/se\/wp-content\/uploads\/2025\/10\/Policia-Civil-SE-Noticias-300x224.jpeg 300w, https:\/\/senoticias.com.br\/se\/wp-content\/uploads\/2025\/10\/Policia-Civil-SE-Noticias-45x35.jpeg 45w\" sizes=\"(max-width: 576px) 100vw, 576px\" \/><\/a><p id=\"caption-attachment-149672\" class=\"wp-caption-text\">Investiga\u00e7\u00e3o aponta reiteradas viola\u00e7\u00f5es judiciais, persegui\u00e7\u00e3o e furtos contra a v\u00edtima, mesmo ap\u00f3s concess\u00e3o de prote\u00e7\u00e3o legal &#8211; Foto: ascom\/divulga\u00e7\u00e3o<\/p><\/div>\n<p>Considerando a reincid\u00eancia dos atos e o n\u00e3o cumprimento das ordens judiciais, julgou-se que estavam presentes as condi\u00e7\u00f5es legais para solicitar a pris\u00e3o preventiva, visando assegurar a implementa\u00e7\u00e3o das medidas de prote\u00e7\u00e3o e preservar a integridade da v\u00edtima.<\/p>\n<p>Na segunda, em cumprimento \u00e0 determina\u00e7\u00e3o judicial, a investigada foi detida e ser\u00e1 levada para a audi\u00eancia de cust\u00f3dia.<\/p>\n<p>A Pol\u00edcia Civil refor\u00e7a que o n\u00e3o cumprimento de medidas protetivas \u00e9 um crime e que atua, de forma rigorosa, para garantir a efetividade das decis\u00f5es judiciais e a prote\u00e7\u00e3o das v\u00edtimas de viol\u00eancia.<\/p>\n<p><strong><em>Acompanhe tamb\u00e9m o SE Not\u00edcias no\u00a0<a href=\"https:\/\/twitter.com\/Senoticias\" target=\"_blank\" rel=\"noreferrer noopener\">Twitter<\/a>,\u00a0<a href=\"https:\/\/www.facebook.com\/senoticias1\" target=\"_blank\" rel=\"noreferrer noopener\">Facebook<\/a>\u00a0e no\u00a0<a href=\"https:\/\/www.instagram.com\/senoticias\/\" target=\"_blank\" rel=\"noreferrer noopener\">Instagram<\/a><\/em><\/strong><\/p>\n<p>Fonte: SSP\/SE<\/p>\n","protected":false},"excerpt":{"rendered":"<p>A Pol\u00edcia Civil de Sergipe, por interm\u00e9dio da Delegacia Especializada em Crimes Homof\u00f3bicos, Racismo e Intoler\u00e2ncia Religiosa, cumpriu uma ordem de pris\u00e3o preventiva contra a investigada, por descumprimento de medida protetiva emergencial e persegui\u00e7\u00e3o de uma mulher com quem manteve relacionamento afetivo. A deten\u00e7\u00e3o ocorreu nesta segunda-feira, 26, na Grande Aracaju. As apura\u00e7\u00f5es indicam que, [&hellip;]<\/p>\n","protected":false},"author":6557,"featured_media":149672,"comment_status":"closed","ping_status":"closed","sticky":false,"template":"","format":"standard","meta":{"footnotes":""},"categories":[15,7],"tags":[78,39457],"class_list":{"0":"post-150927","1":"post","2":"type-post","3":"status-publish","4":"format-standard","5":"has-post-thumbnail","7":"category-destaques","8":"category-policia","9":"tag-policia-civil","10":"tag-stalking"},"_links":{"self":[{"href":"https:\/\/senoticias.com.br\/se\/wp-json\/wp\/v2\/posts\/150927"}],"collection":[{"href":"https:\/\/senoticias.com.br\/se\/wp-json\/wp\/v2\/posts"}],"about":[{"href":"https:\/\/senoticias.com.br\/se\/wp-json\/wp\/v2\/types\/post"}],"author":[{"embeddable":true,"href":"https:\/\/senoticias.com.br\/se\/wp-json\/wp\/v2\/users\/6557"}],"replies":[{"embeddable":true,"href":"https:\/\/senoticias.com.br\/se\/wp-json\/wp\/v2\/comments?post=150927"}],"version-history":[{"count":0,"href":"https:\/\/senoticias.com.br\/se\/wp-json\/wp\/v2\/posts\/150927\/revisions"}],"wp:featuredmedia":[{"embeddable":true,"href":"https:\/\/senoticias.com.br\/se\/wp-json\/wp\/v2\/media\/149672"}],"wp:attachment":[{"href":"https:\/\/senoticias.com.br\/se\/wp-json\/wp\/v2\/media?parent=150927"}],"wp:term":[{"taxonomy":"category","embeddable":true,"href":"https:\/\/senoticias.com.br\/se\/wp-json\/wp\/v2\/categories?post=150927"},{"taxonomy":"post_tag","embeddable":true,"href":"https:\/\/senoticias.com.br\/se\/wp-json\/wp\/v2\/tags?post=150927"}],"curies":[{"name":"wp","href":"https:\/\/api.w.org\/{rel}","templated":true}]}}