{"id":150925,"date":"2026-01-27T09:04:17","date_gmt":"2026-01-27T12:04:17","guid":{"rendered":"https:\/\/senoticias.com.br\/se\/?p=150925"},"modified":"2026-01-27T09:04:17","modified_gmt":"2026-01-27T12:04:17","slug":"operacao-da-policia-federal-e-da-policia-militar-apreende-mais-de-uma-tonelada-de-drogas-na-br-101-em-sergipe","status":"publish","type":"post","link":"https:\/\/senoticias.com.br\/se\/operacao-da-policia-federal-e-da-policia-militar-apreende-mais-de-uma-tonelada-de-drogas-na-br-101-em-sergipe\/","title":{"rendered":"Opera\u00e7\u00e3o da Pol\u00edcia Federal e da Pol\u00edcia Militar apreende mais de uma tonelada de drogas na BR-101, em Sergipe"},"content":{"rendered":"<p>A For\u00e7a Integrada de Combate ao Crime Organizado em Sergipe (FICCO\/SE), com apoio do Batalh\u00e3o de Opera\u00e7\u00f5es Especiais (BOPE) e da Companhia Independente de Policiamento com C\u00e3es (CIPC\u00e3es), apreendeu, na noite desta segunda-feira (26\/01), mais de uma tonelada de maconha prensada. A a\u00e7\u00e3o ocorreu durante bloqueios na BR-101, nas cidades de Itaporanga D\u2019Ajuda e Est\u00e2ncia\/SE, onde foram interceptados dois caminh\u00f5es suspeitos de realizarem transporte interestadual de drogas.<\/p>\n<p>A a\u00e7\u00e3o teve in\u00edcio a partir de informa\u00e7\u00f5es recebidas pela FICCO\/SE, que estaria para chegar no Estado de Sergipe uma grande quantidade de maconha, que seria destinada ao abastecimento de festas de carnaval em diversas cidades do Estado de Sergipe e de outros Estados da Regi\u00e3o Nordeste.<\/p>\n<div id=\"attachment_150926\" style=\"width: 604px\" class=\"wp-caption aligncenter\"><a href=\"https:\/\/senoticias.com.br\/se\/wp-content\/uploads\/2026\/01\/Forcas-de-Seguranca-SE-Noticias.jpeg\"><img loading=\"lazy\" decoding=\"async\" aria-describedby=\"caption-attachment-150926\" class=\"size-full wp-image-150926\" src=\"https:\/\/senoticias.com.br\/se\/wp-content\/uploads\/2026\/01\/Forcas-de-Seguranca-SE-Noticias.jpeg\" alt=\"\" width=\"594\" height=\"346\" srcset=\"https:\/\/senoticias.com.br\/se\/wp-content\/uploads\/2026\/01\/Forcas-de-Seguranca-SE-Noticias.jpeg 594w, https:\/\/senoticias.com.br\/se\/wp-content\/uploads\/2026\/01\/Forcas-de-Seguranca-SE-Noticias-300x175.jpeg 300w\" sizes=\"(max-width: 594px) 100vw, 594px\" \/><\/a><p id=\"caption-attachment-150926\" class=\"wp-caption-text\">A\u00e7\u00e3o conjunta da Pol\u00edcia Federal e da Pol\u00edcia Militar apreende mais de uma tonelada de drogas na BR-101 &#8211; Foto: ascom\/divulga\u00e7\u00e3o<\/p><\/div>\n<p>Foram realizadas barreiras policiais na BR 101, nas cidades de Itaporanga D\u2019Ajuda e de Est\u00e2ncia, onde dois caminh\u00f5es com placas do Estado de Sergipe foram abordados e durante a revista na carroceria, no meio de uma carga l\u00edcita de madeira foram encontradas caixas de papel\u00e3o e no seu interior uma grande quantidade de maconha.<\/p>\n<p>Foram presas tr\u00eas pessoas em flagrante delito, sendo que um dos ocupantes do caminh\u00e3o j\u00e1 possu\u00eda antecedentes criminais por tr\u00e1fico de drogas nos anos de 2015 e 2016, sendo um velho conhecido da Pol\u00edcia Sergipana. Os conduzidos foram encaminhados \u00e0 Superintend\u00eancia Regional da Pol\u00edcia Federal em Aracaju, onde foi lavrado o flagrante.<\/p>\n<p>A a\u00e7\u00e3o refor\u00e7a a atua\u00e7\u00e3o integrada das for\u00e7as de seguran\u00e7a p\u00fablica em Sergipe no combate ao crime organizado e ao tr\u00e1fico de drogas.<\/p>\n<p>A FICCO\/SE \u00e9 composta por integrantes da Pol\u00edcia Federal, Pol\u00edcia Civil, Pol\u00edcia Militar, Pol\u00edcia Penal e Secretaria Nacional de Pol\u00edticas Penais, atuando de forma integrada no enfrentamento ao crime organizado no estado.<\/p>\n<p><strong><em>Acompanhe tamb\u00e9m o SE Not\u00edcias no\u00a0<a href=\"https:\/\/twitter.com\/Senoticias\" target=\"_blank\" rel=\"noreferrer noopener\">Twitter<\/a>,\u00a0<a href=\"https:\/\/www.facebook.com\/senoticias1\" target=\"_blank\" rel=\"noreferrer noopener\">Facebook<\/a>\u00a0e no\u00a0<a href=\"https:\/\/www.instagram.com\/senoticias\/\" target=\"_blank\" rel=\"noreferrer noopener\">Instagram<\/a><\/em><\/strong><\/p>\n<p>Da Assessoria de Comunica\u00e7\u00e3o Social da Pol\u00edcia Federal em Sergipe<\/p>\n<p>&nbsp;<\/p>\n","protected":false},"excerpt":{"rendered":"<p>A For\u00e7a Integrada de Combate ao Crime Organizado em Sergipe (FICCO\/SE), com apoio do Batalh\u00e3o de Opera\u00e7\u00f5es Especiais (BOPE) e da Companhia Independente de Policiamento com C\u00e3es (CIPC\u00e3es), apreendeu, na noite desta segunda-feira (26\/01), mais de uma tonelada de maconha prensada. A a\u00e7\u00e3o ocorreu durante bloqueios na BR-101, nas cidades de Itaporanga D\u2019Ajuda e Est\u00e2ncia\/SE, [&hellip;]<\/p>\n","protected":false},"author":6557,"featured_media":150926,"comment_status":"closed","ping_status":"closed","sticky":false,"template":"","format":"standard","meta":{"footnotes":""},"categories":[15,7],"tags":[42741,2497,41253,1947],"class_list":{"0":"post-150925","1":"post","2":"type-post","3":"status-publish","4":"format-standard","5":"has-post-thumbnail","7":"category-destaques","8":"category-policia","9":"tag-a-ficco-se","10":"tag-drogas","11":"tag-ficco","12":"tag-policia-federal"},"_links":{"self":[{"href":"https:\/\/senoticias.com.br\/se\/wp-json\/wp\/v2\/posts\/150925"}],"collection":[{"href":"https:\/\/senoticias.com.br\/se\/wp-json\/wp\/v2\/posts"}],"about":[{"href":"https:\/\/senoticias.com.br\/se\/wp-json\/wp\/v2\/types\/post"}],"author":[{"embeddable":true,"href":"https:\/\/senoticias.com.br\/se\/wp-json\/wp\/v2\/users\/6557"}],"replies":[{"embeddable":true,"href":"https:\/\/senoticias.com.br\/se\/wp-json\/wp\/v2\/comments?post=150925"}],"version-history":[{"count":0,"href":"https:\/\/senoticias.com.br\/se\/wp-json\/wp\/v2\/posts\/150925\/revisions"}],"wp:featuredmedia":[{"embeddable":true,"href":"https:\/\/senoticias.com.br\/se\/wp-json\/wp\/v2\/media\/150926"}],"wp:attachment":[{"href":"https:\/\/senoticias.com.br\/se\/wp-json\/wp\/v2\/media?parent=150925"}],"wp:term":[{"taxonomy":"category","embeddable":true,"href":"https:\/\/senoticias.com.br\/se\/wp-json\/wp\/v2\/categories?post=150925"},{"taxonomy":"post_tag","embeddable":true,"href":"https:\/\/senoticias.com.br\/se\/wp-json\/wp\/v2\/tags?post=150925"}],"curies":[{"name":"wp","href":"https:\/\/api.w.org\/{rel}","templated":true}]}}