{"id":150922,"date":"2026-01-26T18:15:08","date_gmt":"2026-01-26T21:15:08","guid":{"rendered":"https:\/\/senoticias.com.br\/se\/?p=150922"},"modified":"2026-01-26T18:48:41","modified_gmt":"2026-01-26T21:48:41","slug":"smtt-interdita-vias-em-aracaju-para-afericao-de-radares-nesta-segunda-feira-26","status":"publish","type":"post","link":"https:\/\/senoticias.com.br\/se\/smtt-interdita-vias-em-aracaju-para-afericao-de-radares-nesta-segunda-feira-26\/","title":{"rendered":"SMTT interdita vias em Aracaju para aferi\u00e7\u00e3o de radares nesta segunda-feira, 26"},"content":{"rendered":"<p>A Prefeitura de Aracaju, por meio da Superintend\u00eancia Municipal de Transportes e Tr\u00e2nsito (SMTT), realizar\u00e1 a partir das 21h desta segunda-feira, 26, o fechamento da avenida Jos\u00e9 Carlos Silva, no bairro S\u00e3o Conrado, e o bloqueio de um trecho da avenida Tancredo Neves, nas proximidades do Hospital de Urg\u00eancias de Sergipe (HUSE), para a verifica\u00e7\u00e3o anual obrigat\u00f3ria dos radares de fiscaliza\u00e7\u00e3o eletr\u00f4nica, procedimento t\u00e9cnico que exige a interdi\u00e7\u00e3o tempor\u00e1ria das vias.<\/p>\n<p>A opera\u00e7\u00e3o ser\u00e1 conduzida por equipes t\u00e9cnicas respons\u00e1veis pela verifica\u00e7\u00e3o dos equipamentos com o apoio de agentes da SMTT para garantir a seguran\u00e7a vi\u00e1ria e organizar o fluxo de ve\u00edculos nas \u00e1reas afetadas. A aferi\u00e7\u00e3o \u00e9 obrigat\u00f3ria e tem como objetivo assegurar que os radares estejam funcionando dentro dos padr\u00f5es exigidos pelos \u00f3rg\u00e3os reguladores, garantindo precis\u00e3o nas medi\u00e7\u00f5es de velocidade e maior seguran\u00e7a jur\u00eddica nas autua\u00e7\u00f5es.<\/p>\n<div id=\"attachment_150923\" style=\"width: 460px\" class=\"wp-caption aligncenter\"><a href=\"https:\/\/senoticias.com.br\/se\/wp-content\/uploads\/2026\/01\/Radares-SE-Noticias.jpeg\"><img loading=\"lazy\" decoding=\"async\" aria-describedby=\"caption-attachment-150923\" class=\"size-full wp-image-150923\" src=\"https:\/\/senoticias.com.br\/se\/wp-content\/uploads\/2026\/01\/Radares-SE-Noticias.jpeg\" alt=\"\" width=\"450\" height=\"469\" srcset=\"https:\/\/senoticias.com.br\/se\/wp-content\/uploads\/2026\/01\/Radares-SE-Noticias.jpeg 450w, https:\/\/senoticias.com.br\/se\/wp-content\/uploads\/2026\/01\/Radares-SE-Noticias-288x300.jpeg 288w\" sizes=\"(max-width: 450px) 100vw, 450px\" \/><\/a><p id=\"caption-attachment-150923\" class=\"wp-caption-text\">SMTT interdita vias em Aracaju para aferi\u00e7\u00e3o de radares &#8211; Foto: arquivo\/SMTT\/Aju<\/p><\/div>\n<p>Na avenida Jos\u00e9 Carlos Silva, os desvios ser\u00e3o feitos de acordo com o sentido da via. No sentido Norte\u2013Sul, os condutores dever\u00e3o acessar a avenida P (conhecida como Avenida da Torre). J\u00e1 no sentido Sul\u2013Norte, o desvio ser\u00e1 realizado pela Rua Jo\u00e3o Batista Machado. No caso da avenida Tancredo Neves, nas imedia\u00e7\u00f5es do HUSE, o bloqueio ocorrer\u00e1 apenas no sentido Norte, e os condutores dever\u00e3o utilizar como rota alternativa a Avenida Tiradentes.<\/p>\n<p>O coordenador de tr\u00e2nsito, Walter Faro, destaca que a opera\u00e7\u00e3o foi planejada para causar o menor impacto poss\u00edvel na mobilidade da regi\u00e3o. \u201cEscolhemos um hor\u00e1rio de menor fluxo justamente para reduzir os transtornos aos condutores. \u00c9 um procedimento t\u00e9cnico r\u00e1pido, mas essencial para garantir que os radares estejam funcionando corretamente e cumprindo seu papel na preserva\u00e7\u00e3o de vidas no tr\u00e2nsito\u201d, afirmou.<\/p>\n<p><strong><em>Acompanhe tamb\u00e9m o SE Not\u00edcias no\u00a0<a href=\"https:\/\/twitter.com\/Senoticias\" target=\"_blank\" rel=\"noreferrer noopener\">Twitter<\/a>,\u00a0<a href=\"https:\/\/www.facebook.com\/senoticias1\" target=\"_blank\" rel=\"noreferrer noopener\">Facebook<\/a>\u00a0e no\u00a0<a href=\"https:\/\/www.instagram.com\/senoticias\/\" target=\"_blank\" rel=\"noreferrer noopener\">Instagram<\/a><\/em><\/strong><\/p>\n<p>Ascom\/SMTT\/Aju<\/p>\n","protected":false},"excerpt":{"rendered":"<p>A Prefeitura de Aracaju, por meio da Superintend\u00eancia Municipal de Transportes e Tr\u00e2nsito (SMTT), realizar\u00e1 a partir das 21h desta segunda-feira, 26, o fechamento da avenida Jos\u00e9 Carlos Silva, no bairro S\u00e3o Conrado, e o bloqueio de um trecho da avenida Tancredo Neves, nas proximidades do Hospital de Urg\u00eancias de Sergipe (HUSE), para a verifica\u00e7\u00e3o [&hellip;]<\/p>\n","protected":false},"author":6557,"featured_media":150923,"comment_status":"closed","ping_status":"closed","sticky":false,"template":"","format":"standard","meta":{"footnotes":""},"categories":[15,6],"tags":[44640,213,9403,44639],"class_list":{"0":"post-150922","1":"post","2":"type-post","3":"status-publish","4":"format-standard","5":"has-post-thumbnail","7":"category-destaques","8":"category-politica","9":"tag-afericao-de-radares","10":"tag-prefeitura-de-aracaju","11":"tag-radares","12":"tag-smtt-aju"},"_links":{"self":[{"href":"https:\/\/senoticias.com.br\/se\/wp-json\/wp\/v2\/posts\/150922"}],"collection":[{"href":"https:\/\/senoticias.com.br\/se\/wp-json\/wp\/v2\/posts"}],"about":[{"href":"https:\/\/senoticias.com.br\/se\/wp-json\/wp\/v2\/types\/post"}],"author":[{"embeddable":true,"href":"https:\/\/senoticias.com.br\/se\/wp-json\/wp\/v2\/users\/6557"}],"replies":[{"embeddable":true,"href":"https:\/\/senoticias.com.br\/se\/wp-json\/wp\/v2\/comments?post=150922"}],"version-history":[{"count":0,"href":"https:\/\/senoticias.com.br\/se\/wp-json\/wp\/v2\/posts\/150922\/revisions"}],"wp:featuredmedia":[{"embeddable":true,"href":"https:\/\/senoticias.com.br\/se\/wp-json\/wp\/v2\/media\/150923"}],"wp:attachment":[{"href":"https:\/\/senoticias.com.br\/se\/wp-json\/wp\/v2\/media?parent=150922"}],"wp:term":[{"taxonomy":"category","embeddable":true,"href":"https:\/\/senoticias.com.br\/se\/wp-json\/wp\/v2\/categories?post=150922"},{"taxonomy":"post_tag","embeddable":true,"href":"https:\/\/senoticias.com.br\/se\/wp-json\/wp\/v2\/tags?post=150922"}],"curies":[{"name":"wp","href":"https:\/\/api.w.org\/{rel}","templated":true}]}}