{"id":150918,"date":"2026-01-26T13:36:03","date_gmt":"2026-01-26T16:36:03","guid":{"rendered":"https:\/\/senoticias.com.br\/se\/?p=150918"},"modified":"2026-01-26T15:53:17","modified_gmt":"2026-01-26T18:53:17","slug":"governo-de-sergipe-lanca-faixa-reversivel-na-rodovia-inacio-barbosa-para-otimizar-fluxo-no-litoral-sul","status":"publish","type":"post","link":"https:\/\/senoticias.com.br\/se\/governo-de-sergipe-lanca-faixa-reversivel-na-rodovia-inacio-barbosa-para-otimizar-fluxo-no-litoral-sul\/","title":{"rendered":"Governo de Sergipe lan\u00e7a faixa revers\u00edvel na Rodovia In\u00e1cio Barbosa para otimizar fluxo no litoral sul"},"content":{"rendered":"<p>O Governo de Sergipe, por meio do Departamento Estadual de Infraestrutura Rodovi\u00e1ria (DER\/SE), anunciou, nesta segunda-feira, 26, a implementa\u00e7\u00e3o de uma faixa revers\u00edvel na Rodovia SE-100, In\u00e1cio Barbosa (antiga Jos\u00e9 Sarney). A medida visa solucionar os hist\u00f3ricos pontos de reten\u00e7\u00e3o no acesso \u00e0s praias da capital, organizando o tr\u00e1fego nos dias de maior movimento.<\/p>\n<div id=\"attachment_150919\" style=\"width: 609px\" class=\"wp-caption aligncenter\"><a href=\"https:\/\/senoticias.com.br\/se\/wp-content\/uploads\/2026\/01\/d9217d0d-b454-4afe-a799-d5b38b65b94b-e1769445323894.jpeg\"><img loading=\"lazy\" decoding=\"async\" aria-describedby=\"caption-attachment-150919\" class=\"size-full wp-image-150919\" src=\"https:\/\/senoticias.com.br\/se\/wp-content\/uploads\/2026\/01\/d9217d0d-b454-4afe-a799-d5b38b65b94b-e1769445323894.jpeg\" alt=\"\" width=\"599\" height=\"399\" \/><\/a><p id=\"caption-attachment-150919\" class=\"wp-caption-text\">Governo de Sergipe lan\u00e7a faixa revers\u00edvel na Rodovia In\u00e1cio Barbosa &#8211; Foto: Igor Matias\/ASN<\/p><\/div>\n<p>O sistema, que compreende um trecho de 5,3 km, come\u00e7ar\u00e1 a operar oficialmente, no pr\u00f3ximo dia 31. A log\u00edstica prev\u00ea tr\u00eas faixas de rolamento, sendo uma delas din\u00e2mica:<\/p>\n<p><strong>&#8211; Das 8h \u00e0s 15h<\/strong>: duas faixas no sentido Aracaju\/Praias (da Rua Dep. Cl\u00f3vis Rollemberg at\u00e9 o Bar Mar\u00e9 Mansa) e uma no sentido contr\u00e1rio.<\/p>\n<p><strong>&#8211; Das 15h \u00e0s 19h<\/strong>: invers\u00e3o do fluxo, com duas faixas no sentido Praias\/Aracaju, para facilitar o retorno \u00e0 capital.<\/p>\n<p>Para o diretor-presidente do DER\/SE, Anderson das Neves, a iniciativa reflete o crescimento tur\u00edstico e urbano da regi\u00e3o. &#8220;Estamos entregando uma solu\u00e7\u00e3o inteligente para um gargalo antigo. O litoral sul, hoje, \u00e9 um polo de expans\u00e3o imobili\u00e1ria e tur\u00edstica, e n\u00e3o podemos mais aceitar que o cidad\u00e3o perca tanto tempo em congestionamentos. Este sistema de faixa revers\u00edvel \u00e9 uma resposta pr\u00e1tica que une engenharia de tr\u00e1fego e bem-estar para o sergipano e para o turista que nos visita&#8221;, destacou.<\/p>\n<p>O diretor de Tr\u00e2nsito do DER\/SE, Geraldo Motta, refor\u00e7a que a mudan\u00e7a \u00e9 baseada em dados t\u00e9cnicos. &#8220;Nossos estudos de contagem volum\u00e9trica mostraram que o fluxo triplica em hor\u00e1rios de pico nos fins de semana. Com a faixa revers\u00edvel, dobramos a capacidade da via no sentido de maior demanda, garantindo que o tr\u00e2nsito flua de maneira cont\u00ednua. Teremos uma sinaliza\u00e7\u00e3o vertical e horizontal rigorosa para que n\u00e3o restem d\u00favidas ao condutor. O objetivo \u00e9 ampliar a seguran\u00e7a vi\u00e1ria e melhorar a fluidez na regi\u00e3o, trazendo mais conforto e qualidade de vida para quem circula por aqui\u201d, explicou.<\/p>\n<p>Al\u00e9m das mudan\u00e7as na rodovia principal, a rua Jo\u00e3o Mota dos Santos (lateral da AABB) ter\u00e1 sentido \u00fanico para a Rodovia dos N\u00e1ufragos entre as 8h e 19h, aos fins de semana e feriados, proibindo o acesso inverso.<\/p>\n<p>A opera\u00e7\u00e3o contar\u00e1 com o apoio integral do Batalh\u00e3o de Pol\u00edcia Rodovi\u00e1ria Estadual (BPRv). O comandante da unidade, coronel Silveira, ressaltou o papel da fiscaliza\u00e7\u00e3o para o sucesso da medida. \u00a0&#8220;Nosso foco inicial ser\u00e1 a orienta\u00e7\u00e3o e a presen\u00e7a ostensiva. A faixa revers\u00edvel exige aten\u00e7\u00e3o redobrada dos motoristas, e as equipes do BPRv estar\u00e3o posicionadas em pontos estrat\u00e9gicos para garantir que a sinaliza\u00e7\u00e3o seja respeitada. Nosso objetivo \u00e9 reduzir drasticamente o risco de colis\u00f5es frontais e garantir que a seguran\u00e7a vi\u00e1ria caminhe junto com a rapidez no deslocamento&#8221;, afirmou.<\/p>\n<p>O DER\/SE ressalta que a finalidade da faixa revers\u00edvel \u00e9 otimizar a mobilidade urbana no litoral, garantindo um tr\u00e1fego mais humano e eficiente para todos os frequentadores da zona sul da capital sergipana.<\/p>\n<p><strong><em>Acompanhe tamb\u00e9m o SE Not\u00edcias no\u00a0<a href=\"https:\/\/twitter.com\/Senoticias\" target=\"_blank\" rel=\"noreferrer noopener\">Twitter<\/a>,\u00a0<a href=\"https:\/\/www.facebook.com\/senoticias1\" target=\"_blank\" rel=\"noreferrer noopener\">Facebook<\/a>\u00a0e no\u00a0<a href=\"https:\/\/www.instagram.com\/senoticias\/\" target=\"_blank\" rel=\"noreferrer noopener\">Instagram<\/a><\/em><\/strong><\/p>\n<p><strong>Fonte: Ag\u00eancia Sergipe de Not\u00edcias<\/strong><\/p>\n","protected":false},"excerpt":{"rendered":"<p>O Governo de Sergipe, por meio do Departamento Estadual de Infraestrutura Rodovi\u00e1ria (DER\/SE), anunciou, nesta segunda-feira, 26, a implementa\u00e7\u00e3o de uma faixa revers\u00edvel na Rodovia SE-100, In\u00e1cio Barbosa (antiga Jos\u00e9 Sarney). A medida visa solucionar os hist\u00f3ricos pontos de reten\u00e7\u00e3o no acesso \u00e0s praias da capital, organizando o tr\u00e1fego nos dias de maior movimento. O [&hellip;]<\/p>\n","protected":false},"author":6557,"featured_media":0,"comment_status":"closed","ping_status":"closed","sticky":false,"template":"","format":"standard","meta":{"footnotes":""},"categories":[15,6],"tags":[44638,16279],"class_list":{"0":"post-150918","1":"post","2":"type-post","3":"status-publish","4":"format-standard","6":"category-destaques","7":"category-politica","8":"tag-faixa-reversivel","9":"tag-transito-2"},"_links":{"self":[{"href":"https:\/\/senoticias.com.br\/se\/wp-json\/wp\/v2\/posts\/150918"}],"collection":[{"href":"https:\/\/senoticias.com.br\/se\/wp-json\/wp\/v2\/posts"}],"about":[{"href":"https:\/\/senoticias.com.br\/se\/wp-json\/wp\/v2\/types\/post"}],"author":[{"embeddable":true,"href":"https:\/\/senoticias.com.br\/se\/wp-json\/wp\/v2\/users\/6557"}],"replies":[{"embeddable":true,"href":"https:\/\/senoticias.com.br\/se\/wp-json\/wp\/v2\/comments?post=150918"}],"version-history":[{"count":0,"href":"https:\/\/senoticias.com.br\/se\/wp-json\/wp\/v2\/posts\/150918\/revisions"}],"wp:attachment":[{"href":"https:\/\/senoticias.com.br\/se\/wp-json\/wp\/v2\/media?parent=150918"}],"wp:term":[{"taxonomy":"category","embeddable":true,"href":"https:\/\/senoticias.com.br\/se\/wp-json\/wp\/v2\/categories?post=150918"},{"taxonomy":"post_tag","embeddable":true,"href":"https:\/\/senoticias.com.br\/se\/wp-json\/wp\/v2\/tags?post=150918"}],"curies":[{"name":"wp","href":"https:\/\/api.w.org\/{rel}","templated":true}]}}