{"id":150916,"date":"2026-01-26T15:51:00","date_gmt":"2026-01-26T18:51:00","guid":{"rendered":"https:\/\/senoticias.com.br\/se\/?p=150916"},"modified":"2026-01-26T15:51:43","modified_gmt":"2026-01-26T18:51:43","slug":"fim-de-semana-registra-oito-mortes-no-transito-em-sergipe-seis-casos-envolveram-motocicletas","status":"publish","type":"post","link":"https:\/\/senoticias.com.br\/se\/fim-de-semana-registra-oito-mortes-no-transito-em-sergipe-seis-casos-envolveram-motocicletas\/","title":{"rendered":"Fim de semana registra oito mortes no tr\u00e2nsito em Sergipe; seis casos envolveram motocicletas"},"content":{"rendered":"<p>O fim de semana foi marcado por graves sinistros de tr\u00e2nsito nas rodovias estaduais e na capital sergipana, resultando em oito mortes e nove pessoas feridas. Os dados foram divulgados pelo Batalh\u00e3o de Pol\u00edcia Rodovi\u00e1ria (BPRv) e pelo Batalh\u00e3o de Pol\u00edcia de Tr\u00e2nsito (BPTran), ambos da Pol\u00edcia Militar de Sergipe (PMSE), al\u00e9m de confirma\u00e7\u00e3o pr\u00f3pria do <em><strong>Portal SE Not\u00edcias.<\/strong><\/em><\/p>\n<p>Al\u00e9m dos dados oficiais divulgados pelo <strong>BPRv e pelo BPTran<\/strong>, o<strong><em> Portal SE Not\u00edcias<\/em><\/strong> confirmou uma das v\u00edtimas da viol\u00eancia no tr\u00e2nsito neste fim de semana. Por volta das 17h do domingo (25), um grave acidente foi registrado na rodovia SE-270, nas proximidades do povoado \u00c1gua Fria, no munic\u00edpio de Salgado. A v\u00edtima, identificada como Adailton Rufino Santos, morador do povoado S\u00e3o Raimundo, conduzia uma motocicleta quando perdeu o controle do ve\u00edculo, saiu da pista e colidiu contra um poste. Ele chegou a ser socorrido e conduzido ao Hospital Universit\u00e1rio de Lagarto, mas n\u00e3o resistiu aos ferimentos e veio a \u00f3bito.<\/p>\n<div id=\"attachment_150920\" style=\"width: 556px\" class=\"wp-caption aligncenter\"><a href=\"https:\/\/senoticias.com.br\/se\/wp-content\/uploads\/2026\/01\/Vitimas-do-transito-SE-Noticias.jpg\"><img loading=\"lazy\" decoding=\"async\" aria-describedby=\"caption-attachment-150920\" class=\"size-full wp-image-150920\" src=\"https:\/\/senoticias.com.br\/se\/wp-content\/uploads\/2026\/01\/Vitimas-do-transito-SE-Noticias.jpg\" alt=\"\" width=\"546\" height=\"728\" srcset=\"https:\/\/senoticias.com.br\/se\/wp-content\/uploads\/2026\/01\/Vitimas-do-transito-SE-Noticias.jpg 546w, https:\/\/senoticias.com.br\/se\/wp-content\/uploads\/2026\/01\/Vitimas-do-transito-SE-Noticias-225x300.jpg 225w\" sizes=\"(max-width: 546px) 100vw, 546px\" \/><\/a><p id=\"caption-attachment-150920\" class=\"wp-caption-text\">Maria Thayana Domingas Sousa Santos e Stefany Lima de Oliva &#8211; Morreram em Itabaianinha &#8211; Foto: arquivo de fam\u00edlia.<\/p><\/div>\n<p>De acordo com o <strong>BPRv<\/strong>, foram registrados seis acidentes nas rodovias estaduais, com <strong>cinco \u00f3bitos e nove pessoas lesionadas<\/strong>. J\u00e1 o BPTran contabilizou mais dois \u00f3bitos em ocorr\u00eancias na capital, totalizando seis mortes nos registros oficiais, n\u00famero que, somado aos demais casos detalhados, fecha o total de oito \u00f3bitos no per\u00edodo.<\/p>\n<p>Na sexta-feira (23), um capotamento na rodovia SE-230, no munic\u00edpio de Siriri, deixou uma pessoa ferida e uma morta. A v\u00edtima fatal foi identificada como Gabriel Jos\u00e9 Alc\u00e2ntara Santos, de 22 anos, que chegou a ser socorrido pelo Servi\u00e7o de Atendimento M\u00f3vel de Urg\u00eancia (Samu) e encaminhado ao Hospital Jos\u00e9 Franco, em Nossa Senhora do Socorro, mas n\u00e3o resistiu aos ferimentos.<\/p>\n<p>Ainda na sexta-feira (23), uma crian\u00e7a de tr\u00eas anos, identificada como Arthur Ventura Santos Nascimento, foi atropelada por uma motocicleta no bairro Matapu\u00e3, na Zona de Expans\u00e3o de Aracaju. Segundo informa\u00e7\u00f5es, o menino tentou atravessar a via quando foi atingido. Ele foi levado inicialmente ao Hospital Jos\u00e9 Franco Sobrinho e, posteriormente, transferido para o Hospital de Urg\u00eancias de Sergipe (Huse), onde faleceu na manh\u00e3 do domingo (25).<\/p>\n<p>No s\u00e1bado (24), uma colis\u00e3o traseira envolvendo uma kombi e uma bicicleta na rodovia Rosendo Ribeiro de Souza (SE-170), em Lagarto, resultou na morte do ciclista Valdemir Siria da Concei\u00e7\u00e3o, de 43 anos.<\/p>\n<p>No domingo (25), uma colis\u00e3o entre duas motocicletas na rodovia SE-050, conhecida como Rodovia dos N\u00e1ufragos, no bairro Mosqueiro, deixou uma mulher morta e dois homens feridos. A v\u00edtima fatal foi identificada como Marlene dos Santos Souza, de 56 anos. Segundo o BPRv, uma das motocicletas realizava uma convers\u00e3o a partir do acostamento quando foi atingida transversalmente por outra moto que seguia no sentido Atalaia\/Mosqueiro. Os dois condutores foram socorridos pelo Samu e encaminhados para unidade hospitalar. Devido \u00e0 gravidade dos ferimentos, n\u00e3o foi poss\u00edvel a realiza\u00e7\u00e3o do teste do etil\u00f4metro. Marlene, passageira da motocicleta que realizou a convers\u00e3o, teve o \u00f3bito confirmado ainda dentro da ambul\u00e2ncia.<\/p>\n<p>Tamb\u00e9m na madrugada de domingo (25), o BPTran registrou uma colis\u00e3o entre uma motocicleta Honda\/CB 300 Twister e um Jeep Compass na Avenida Jos\u00e9 Carlos Silva, no bairro Farol\u00e2ndia, em Aracaju. O motociclista Alex Cardoso de Souza, de 37 anos, foi socorrido pelo Samu, mas morreu ainda no local. O condutor do autom\u00f3vel fugiu ap\u00f3s o acidente, impossibilitando a realiza\u00e7\u00e3o do teste de alcoolemia.<\/p>\n<p>Outro acidente grave foi registrado na rodovia SE-290, no povoado Ilha, em Itabaianinha, onde duas jovens morreram ap\u00f3s uma colis\u00e3o frontal entre um carro e uma motocicleta Honda Biz 110. As v\u00edtimas foram identificadas como Maria Thayana Domingas Sousa Santos, de 26 anos, e Stefany Lima de Oliva, tamb\u00e9m de 26 anos. Ambas eram moradoras do povoado Ilha e n\u00e3o resistiram aos ferimentos, falecendo ainda no local.<\/p>\n<p><strong><em>Acompanhe tamb\u00e9m o SE Not\u00edcias no\u00a0<a href=\"https:\/\/twitter.com\/Senoticias\" target=\"_blank\" rel=\"noreferrer noopener\">Twitter<\/a>,\u00a0<a href=\"https:\/\/www.facebook.com\/senoticias1\" target=\"_blank\" rel=\"noreferrer noopener\">Facebook<\/a>\u00a0e no\u00a0<a href=\"https:\/\/www.instagram.com\/senoticias\/\" target=\"_blank\" rel=\"noreferrer noopener\">Instagram<\/a><\/em><\/strong><\/p>\n<p><em><strong>Reda\u00e7\u00e3o SE Not\u00edcias<\/strong><\/em><\/p>\n","protected":false},"excerpt":{"rendered":"<p>O fim de semana foi marcado por graves sinistros de tr\u00e2nsito nas rodovias estaduais e na capital sergipana, resultando em oito mortes e nove pessoas feridas. Os dados foram divulgados pelo Batalh\u00e3o de Pol\u00edcia Rodovi\u00e1ria (BPRv) e pelo Batalh\u00e3o de Pol\u00edcia de Tr\u00e2nsito (BPTran), ambos da Pol\u00edcia Militar de Sergipe (PMSE), al\u00e9m de confirma\u00e7\u00e3o pr\u00f3pria [&hellip;]<\/p>\n","protected":false},"author":6557,"featured_media":150920,"comment_status":"closed","ping_status":"closed","sticky":false,"template":"","format":"standard","meta":{"footnotes":""},"categories":[15,7],"tags":[2036,40338,11226],"class_list":{"0":"post-150916","1":"post","2":"type-post","3":"status-publish","4":"format-standard","5":"has-post-thumbnail","7":"category-destaques","8":"category-policia","9":"tag-bprv","10":"tag-bptran","11":"tag-violencia-no-transito"},"_links":{"self":[{"href":"https:\/\/senoticias.com.br\/se\/wp-json\/wp\/v2\/posts\/150916"}],"collection":[{"href":"https:\/\/senoticias.com.br\/se\/wp-json\/wp\/v2\/posts"}],"about":[{"href":"https:\/\/senoticias.com.br\/se\/wp-json\/wp\/v2\/types\/post"}],"author":[{"embeddable":true,"href":"https:\/\/senoticias.com.br\/se\/wp-json\/wp\/v2\/users\/6557"}],"replies":[{"embeddable":true,"href":"https:\/\/senoticias.com.br\/se\/wp-json\/wp\/v2\/comments?post=150916"}],"version-history":[{"count":0,"href":"https:\/\/senoticias.com.br\/se\/wp-json\/wp\/v2\/posts\/150916\/revisions"}],"wp:featuredmedia":[{"embeddable":true,"href":"https:\/\/senoticias.com.br\/se\/wp-json\/wp\/v2\/media\/150920"}],"wp:attachment":[{"href":"https:\/\/senoticias.com.br\/se\/wp-json\/wp\/v2\/media?parent=150916"}],"wp:term":[{"taxonomy":"category","embeddable":true,"href":"https:\/\/senoticias.com.br\/se\/wp-json\/wp\/v2\/categories?post=150916"},{"taxonomy":"post_tag","embeddable":true,"href":"https:\/\/senoticias.com.br\/se\/wp-json\/wp\/v2\/tags?post=150916"}],"curies":[{"name":"wp","href":"https:\/\/api.w.org\/{rel}","templated":true}]}}