{"id":150902,"date":"2026-01-24T12:04:46","date_gmt":"2026-01-24T15:04:46","guid":{"rendered":"https:\/\/senoticias.com.br\/se\/?p=150902"},"modified":"2026-01-24T12:07:22","modified_gmt":"2026-01-24T15:07:22","slug":"inscricoes-para-a-corrida-do-verao-sergipe-em-aracaju-abrem-segunda-26","status":"publish","type":"post","link":"https:\/\/senoticias.com.br\/se\/inscricoes-para-a-corrida-do-verao-sergipe-em-aracaju-abrem-segunda-26\/","title":{"rendered":"Inscri\u00e7\u00f5es para a corrida do Ver\u00e3o Sergipe em Aracaju abrem segunda, 26"},"content":{"rendered":"<p>O Governo de Sergipe, por meio da Secretaria de Estado do Esporte e Lazer (Seel), abre no dia 26 de janeiro, a partir das 12h, as inscri\u00e7\u00f5es para a <strong>primeira \u2018Corrida do Ver\u00e3o Sergipe 2026<\/strong>\u2019, na capital sergipana, um dos eventos esportivos mais aguardados do calend\u00e1rio de ver\u00e3o do estado. A prova ser\u00e1 realizada no dia 1\u00ba de fevereiro, na areia da praia da Orla de Atalaia, reunindo atletas profissionais e amadores em um percurso desafiador e repleto de belas paisagens.<\/p>\n<p>A corrida acontecer\u00e1 das 7h30 \u00e0s 9h30, hor\u00e1rio definido estrategicamente em fun\u00e7\u00e3o da t\u00e1bua de mar\u00e9 e das caracter\u00edsticas do percurso, que ser\u00e1 totalmente realizado na areia. Os participantes poder\u00e3o escolher entre as dist\u00e2ncias de 5 km ou 10 km, atendendo a diferentes n\u00edveis de preparo f\u00edsico e experi\u00eancia na modalidade.<\/p>\n<div id=\"attachment_150903\" style=\"width: 601px\" class=\"wp-caption aligncenter\"><a href=\"https:\/\/senoticias.com.br\/se\/wp-content\/uploads\/2026\/01\/Corrida-na-Areia-de-Atalaia-SE-Noticias.png\"><img loading=\"lazy\" decoding=\"async\" aria-describedby=\"caption-attachment-150903\" class=\"size-full wp-image-150903\" src=\"https:\/\/senoticias.com.br\/se\/wp-content\/uploads\/2026\/01\/Corrida-na-Areia-de-Atalaia-SE-Noticias.png\" alt=\"\" width=\"591\" height=\"394\" srcset=\"https:\/\/senoticias.com.br\/se\/wp-content\/uploads\/2026\/01\/Corrida-na-Areia-de-Atalaia-SE-Noticias.png 591w, https:\/\/senoticias.com.br\/se\/wp-content\/uploads\/2026\/01\/Corrida-na-Areia-de-Atalaia-SE-Noticias-300x200.png 300w, https:\/\/senoticias.com.br\/se\/wp-content\/uploads\/2026\/01\/Corrida-na-Areia-de-Atalaia-SE-Noticias-90x60.png 90w, https:\/\/senoticias.com.br\/se\/wp-content\/uploads\/2026\/01\/Corrida-na-Areia-de-Atalaia-SE-Noticias-180x120.png 180w, https:\/\/senoticias.com.br\/se\/wp-content\/uploads\/2026\/01\/Corrida-na-Areia-de-Atalaia-SE-Noticias-95x64.png 95w\" sizes=\"(max-width: 591px) 100vw, 591px\" \/><\/a><p id=\"caption-attachment-150903\" class=\"wp-caption-text\">Prova acontece no dia 1\u00ba de fevereiro e ter\u00e1 disputas de 5 km e 10 km, movimentando a Orla de Atalaia com percurso desafiador na areia &#8211; Foto: IA<\/p><\/div>\n<p>As inscri\u00e7\u00f5es devem ser feitas exclusivamente pelo <a href=\"https:\/\/veraosergipe.se.gov.br\/\"><strong>site oficial do evento<\/strong><\/a> e seguir\u00e3o abertas at\u00e9 o preenchimento total das vagas, que s\u00e3o limitadas. A organiza\u00e7\u00e3o refor\u00e7a a import\u00e2ncia de os interessados ficarem atentos ao prazo para n\u00e3o perderem a oportunidade de participar de uma das provas mais tradicionais do ver\u00e3o sergipano.<\/p>\n<p><strong>Entrega de kits<\/strong><\/p>\n<p>A entrega dos kits dos atletas acontecer\u00e1 em datas e locais espec\u00edficos. Nos dias 29 e 30 de janeiro, a retirada ser\u00e1 realizada na Arena Batist\u00e3o, das 9h \u00e0s 17h. J\u00e1 no dia 31 de janeiro, os kits poder\u00e3o ser retirados na arena do evento, tamb\u00e9m das 9h \u00e0s 17h. A organiza\u00e7\u00e3o refor\u00e7a que n\u00e3o haver\u00e1 entrega de kits no domingo, dia da prova, sendo indispens\u00e1vel que os participantes realizem a retirada dentro do prazo estabelecido.<\/p>\n<p>O evento contar\u00e1 com infraestrutura completa para os atletas, incluindo pontos de hidrata\u00e7\u00e3o ao longo do percurso, suporte m\u00e9dico e organiza\u00e7\u00e3o especializada para garantir seguran\u00e7a e qualidade \u00e0 prova.<\/p>\n<p>Para a secret\u00e1ria de Estado do Esporte e Lazer, Mariana Dantas, a prova refor\u00e7a o compromisso do Governo de Sergipe com a promo\u00e7\u00e3o do esporte e da qualidade de vida. \u201cA tradicional corrida j\u00e1 faz parte do calend\u00e1rio esportivo do nosso estado e \u00e9 um evento que une sa\u00fade, inclus\u00e3o e valoriza\u00e7\u00e3o dos nossos espa\u00e7os p\u00fablicos. Preparamos uma prova bem estruturada, com percurso desafiador e toda a seguran\u00e7a necess\u00e1ria para que atletas e amadores vivenciem uma grande experi\u00eancia na Orla de Atalaia\u201d, destacou a secret\u00e1ria.<\/p>\n<p><strong><em>Acompanhe tamb\u00e9m o SE Not\u00edcias no\u00a0<a href=\"https:\/\/twitter.com\/Senoticias\" target=\"_blank\" rel=\"noreferrer noopener\">Twitter<\/a>,\u00a0<a href=\"https:\/\/www.facebook.com\/senoticias1\" target=\"_blank\" rel=\"noreferrer noopener\">Facebook<\/a>\u00a0e no\u00a0<a href=\"https:\/\/www.instagram.com\/senoticias\/\" target=\"_blank\" rel=\"noreferrer noopener\">Instagram<\/a><\/em><\/strong><\/p>\n<p>Fonte: ASN<\/p>\n","protected":false},"excerpt":{"rendered":"<p>O Governo de Sergipe, por meio da Secretaria de Estado do Esporte e Lazer (Seel), abre no dia 26 de janeiro, a partir das 12h, as inscri\u00e7\u00f5es para a primeira \u2018Corrida do Ver\u00e3o Sergipe 2026\u2019, na capital sergipana, um dos eventos esportivos mais aguardados do calend\u00e1rio de ver\u00e3o do estado. A prova ser\u00e1 realizada no [&hellip;]<\/p>\n","protected":false},"author":6557,"featured_media":150903,"comment_status":"closed","ping_status":"closed","sticky":false,"template":"","format":"standard","meta":{"footnotes":""},"categories":[15,26],"tags":[44637,40408],"class_list":{"0":"post-150902","1":"post","2":"type-post","3":"status-publish","4":"format-standard","5":"has-post-thumbnail","7":"category-destaques","8":"category-esportes","9":"tag-corrida-na-areia","10":"tag-verao-sergipe"},"_links":{"self":[{"href":"https:\/\/senoticias.com.br\/se\/wp-json\/wp\/v2\/posts\/150902"}],"collection":[{"href":"https:\/\/senoticias.com.br\/se\/wp-json\/wp\/v2\/posts"}],"about":[{"href":"https:\/\/senoticias.com.br\/se\/wp-json\/wp\/v2\/types\/post"}],"author":[{"embeddable":true,"href":"https:\/\/senoticias.com.br\/se\/wp-json\/wp\/v2\/users\/6557"}],"replies":[{"embeddable":true,"href":"https:\/\/senoticias.com.br\/se\/wp-json\/wp\/v2\/comments?post=150902"}],"version-history":[{"count":0,"href":"https:\/\/senoticias.com.br\/se\/wp-json\/wp\/v2\/posts\/150902\/revisions"}],"wp:featuredmedia":[{"embeddable":true,"href":"https:\/\/senoticias.com.br\/se\/wp-json\/wp\/v2\/media\/150903"}],"wp:attachment":[{"href":"https:\/\/senoticias.com.br\/se\/wp-json\/wp\/v2\/media?parent=150902"}],"wp:term":[{"taxonomy":"category","embeddable":true,"href":"https:\/\/senoticias.com.br\/se\/wp-json\/wp\/v2\/categories?post=150902"},{"taxonomy":"post_tag","embeddable":true,"href":"https:\/\/senoticias.com.br\/se\/wp-json\/wp\/v2\/tags?post=150902"}],"curies":[{"name":"wp","href":"https:\/\/api.w.org\/{rel}","templated":true}]}}