{"id":150897,"date":"2026-01-23T16:05:51","date_gmt":"2026-01-23T19:05:51","guid":{"rendered":"https:\/\/senoticias.com.br\/se\/?p=150897"},"modified":"2026-01-23T16:05:51","modified_gmt":"2026-01-23T19:05:51","slug":"dois-homens-morrem-apos-troca-de-tiros-com-a-policia-ao-serem-flagrados-planejando-homicidios-em-aracaju","status":"publish","type":"post","link":"https:\/\/senoticias.com.br\/se\/dois-homens-morrem-apos-troca-de-tiros-com-a-policia-ao-serem-flagrados-planejando-homicidios-em-aracaju\/","title":{"rendered":"Dois homens morrem ap\u00f3s troca de tiros com a pol\u00edcia ao serem flagrados planejando homic\u00eddios em Aracaju"},"content":{"rendered":"<p>Dois suspeitos morreram ap\u00f3s uma troca de tiros com policiais militares do Batalh\u00e3o de Radiopatrulha (BPRp), na madrugada desta sexta-feira, 23, na Rua Rafael de Aguiar, no bairro Cirurgia, em Aracaju.<\/p>\n<p>Ao <strong><em>SE Not\u00edcias<\/em>,<\/strong> o comandante do Batalh\u00e3o de Policiamento de Radiopatrulha, tenente-coronel Vitor Anderson, informou que a abordagem foi resultado de um trabalho de intelig\u00eancia que identificou que a dupla estaria reunida em uma resid\u00eancia planejando homic\u00eddios, com o objetivo de assumir um ponto de venda de drogas na regi\u00e3o central da capital.<\/p>\n<div id=\"attachment_150898\" style=\"width: 605px\" class=\"wp-caption aligncenter\"><a href=\"https:\/\/senoticias.com.br\/se\/wp-content\/uploads\/2026\/01\/Radio-patrulha-se-noticias.jpg\"><img loading=\"lazy\" decoding=\"async\" aria-describedby=\"caption-attachment-150898\" class=\"size-full wp-image-150898\" src=\"https:\/\/senoticias.com.br\/se\/wp-content\/uploads\/2026\/01\/Radio-patrulha-se-noticias.jpg\" alt=\"\" width=\"595\" height=\"352\" srcset=\"https:\/\/senoticias.com.br\/se\/wp-content\/uploads\/2026\/01\/Radio-patrulha-se-noticias.jpg 595w, https:\/\/senoticias.com.br\/se\/wp-content\/uploads\/2026\/01\/Radio-patrulha-se-noticias-300x177.jpg 300w\" sizes=\"(max-width: 595px) 100vw, 595px\" \/><\/a><p id=\"caption-attachment-150898\" class=\"wp-caption-text\">Com os indiv\u00edduos, foram apreendidos uma pistola calibre .40 e um rev\u00f3lver calibre .38. &#8211; Foto: BRRp<\/p><\/div>\n<p>Segundo o comandante, ao chegarem ao local, os policiais visualizaram os suspeitos portando armas de fogo. Ao perceberem a presen\u00e7a das equipes, os indiv\u00edduos tentaram fugir e passaram a efetuar disparos contra os militares.<\/p>\n<p>Diante da injusta agress\u00e3o e do risco iminente, houve o revide proporcional para cessar a amea\u00e7a. Ap\u00f3s o confronto, os suspeitos foram encontrados feridos, receberam socorro imediato e foram encaminhados ao hospital, mas n\u00e3o resistiram e evolu\u00edram a \u00f3bito.<\/p>\n<p>As armas utilizadas pelos suspeitos foram apreendidas e a ocorr\u00eancia foi devidamente comunicada \u00e0s autoridades competentes.<\/p>\n<p>Com os indiv\u00edduos, identificados pelas iniciais A. K. S. C. e J. C. L. J., foram apreendidos uma pistola calibre .40 e um rev\u00f3lver calibre .38.<\/p>\n<p><strong><em>Acompanhe tamb\u00e9m o SE Not\u00edcias no\u00a0<a href=\"https:\/\/twitter.com\/Senoticias\" target=\"_blank\" rel=\"noreferrer noopener\">Twitter<\/a>,\u00a0<a href=\"https:\/\/www.facebook.com\/senoticias1\" target=\"_blank\" rel=\"noreferrer noopener\">Facebook<\/a>\u00a0e no\u00a0<a href=\"https:\/\/www.instagram.com\/senoticias\/\" target=\"_blank\" rel=\"noreferrer noopener\">Instagram<\/a><\/em><\/strong><\/p>\n<p><strong>Reda\u00e7\u00e3o SE Not\u00edcias<\/strong><\/p>\n","protected":false},"excerpt":{"rendered":"<p>Dois suspeitos morreram ap\u00f3s uma troca de tiros com policiais militares do Batalh\u00e3o de Radiopatrulha (BPRp), na madrugada desta sexta-feira, 23, na Rua Rafael de Aguiar, no bairro Cirurgia, em Aracaju. Ao SE Not\u00edcias, o comandante do Batalh\u00e3o de Policiamento de Radiopatrulha, tenente-coronel Vitor Anderson, informou que a abordagem foi resultado de um trabalho de [&hellip;]<\/p>\n","protected":false},"author":6557,"featured_media":150898,"comment_status":"closed","ping_status":"closed","sticky":false,"template":"","format":"standard","meta":{"footnotes":""},"categories":[15,7],"tags":[37153,11469],"class_list":{"0":"post-150897","1":"post","2":"type-post","3":"status-publish","4":"format-standard","5":"has-post-thumbnail","7":"category-destaques","8":"category-policia","9":"tag-batalhao-de-radiopatrulha","10":"tag-dois-homens-morrem"},"_links":{"self":[{"href":"https:\/\/senoticias.com.br\/se\/wp-json\/wp\/v2\/posts\/150897"}],"collection":[{"href":"https:\/\/senoticias.com.br\/se\/wp-json\/wp\/v2\/posts"}],"about":[{"href":"https:\/\/senoticias.com.br\/se\/wp-json\/wp\/v2\/types\/post"}],"author":[{"embeddable":true,"href":"https:\/\/senoticias.com.br\/se\/wp-json\/wp\/v2\/users\/6557"}],"replies":[{"embeddable":true,"href":"https:\/\/senoticias.com.br\/se\/wp-json\/wp\/v2\/comments?post=150897"}],"version-history":[{"count":0,"href":"https:\/\/senoticias.com.br\/se\/wp-json\/wp\/v2\/posts\/150897\/revisions"}],"wp:featuredmedia":[{"embeddable":true,"href":"https:\/\/senoticias.com.br\/se\/wp-json\/wp\/v2\/media\/150898"}],"wp:attachment":[{"href":"https:\/\/senoticias.com.br\/se\/wp-json\/wp\/v2\/media?parent=150897"}],"wp:term":[{"taxonomy":"category","embeddable":true,"href":"https:\/\/senoticias.com.br\/se\/wp-json\/wp\/v2\/categories?post=150897"},{"taxonomy":"post_tag","embeddable":true,"href":"https:\/\/senoticias.com.br\/se\/wp-json\/wp\/v2\/tags?post=150897"}],"curies":[{"name":"wp","href":"https:\/\/api.w.org\/{rel}","templated":true}]}}