{"id":150895,"date":"2026-01-23T12:56:19","date_gmt":"2026-01-23T15:56:19","guid":{"rendered":"https:\/\/senoticias.com.br\/se\/?p=150895"},"modified":"2026-01-26T15:53:56","modified_gmt":"2026-01-26T18:53:56","slug":"secretaria-de-seguranca-publica-de-sergipe-descarta-envenenamento-por-metanol-e-aponta-overdose-como-causa-de-morte","status":"publish","type":"post","link":"https:\/\/senoticias.com.br\/se\/secretaria-de-seguranca-publica-de-sergipe-descarta-envenenamento-por-metanol-e-aponta-overdose-como-causa-de-morte\/","title":{"rendered":"Secretaria de Seguran\u00e7a P\u00fablica de Sergipe descarta envenenamento por metanol e aponta overdose como causa de morte"},"content":{"rendered":"<p>A Secretaria de Seguran\u00e7a P\u00fablica de Sergipe (SSP), por meio das Pol\u00edcias Civil e Cient\u00edfica, divulgou nesta sexta-feira, 23, os esclarecimentos t\u00e9cnicos sobre a morte de um homem que estava internado na Unidade de Terapia Intensiva (UTI) do Hospital de Urg\u00eancias de Sergipe (HUSE) desde o \u00faltimo dia 19, inicialmente sob suspeita de envenenamento por metanol. Ap\u00f3s investiga\u00e7\u00e3o policial e exames periciais, a hip\u00f3tese foi descartada, sendo confirmada como causa do \u00f3bito uma overdose.<\/p>\n<div id=\"attachment_150896\" style=\"width: 570px\" class=\"wp-caption aligncenter\"><a href=\"https:\/\/senoticias.com.br\/se\/wp-content\/uploads\/2026\/01\/2ec4deb5-2402-4a24-afff-19c227fc8d61.jpeg\"><img loading=\"lazy\" decoding=\"async\" aria-describedby=\"caption-attachment-150896\" class=\"size-full wp-image-150896\" src=\"https:\/\/senoticias.com.br\/se\/wp-content\/uploads\/2026\/01\/2ec4deb5-2402-4a24-afff-19c227fc8d61.jpeg\" alt=\"\" width=\"560\" height=\"374\" srcset=\"https:\/\/senoticias.com.br\/se\/wp-content\/uploads\/2026\/01\/2ec4deb5-2402-4a24-afff-19c227fc8d61.jpeg 560w, https:\/\/senoticias.com.br\/se\/wp-content\/uploads\/2026\/01\/2ec4deb5-2402-4a24-afff-19c227fc8d61-300x200.jpeg 300w, https:\/\/senoticias.com.br\/se\/wp-content\/uploads\/2026\/01\/2ec4deb5-2402-4a24-afff-19c227fc8d61-90x60.jpeg 90w, https:\/\/senoticias.com.br\/se\/wp-content\/uploads\/2026\/01\/2ec4deb5-2402-4a24-afff-19c227fc8d61-180x120.jpeg 180w, https:\/\/senoticias.com.br\/se\/wp-content\/uploads\/2026\/01\/2ec4deb5-2402-4a24-afff-19c227fc8d61-95x64.jpeg 95w\" sizes=\"(max-width: 560px) 100vw, 560px\" \/><\/a><p id=\"caption-attachment-150896\" class=\"wp-caption-text\">Investiga\u00e7\u00e3o concluiu an\u00e1lises periciais em menos de 24 horas &#8211; Foto: SSP\/SE<\/p><\/div>\n<p>Segundo a delegada Mariana Amorim, da 5\u00aa Delegacia Metropolitana, o homem deu entrada inicialmente no Hospital Regional Jos\u00e9 Franco, na segunda-feira, apresentando quadro cl\u00ednico grave, associado \u00e0 ingest\u00e3o de subst\u00e2ncias e consumo excessivo de bebida alco\u00f3lica. \u201cA Secretaria de Estado da Sa\u00fade notificou a Secretaria de Seguran\u00e7a P\u00fablica diante da suspeita inicial de ingest\u00e3o de subst\u00e2ncia t\u00f3xica. A partir disso, a Pol\u00edcia Civil foi acionada e imediatamente iniciou os levantamentos preliminares\u201d, explicou.<\/p>\n<p>Com a comunica\u00e7\u00e3o oficial, a Pol\u00edcia Civil instaurou os procedimentos investigativos e acionou a Pol\u00edcia Cient\u00edfica, que deslocou equipe t\u00e9cnica ao hospital para a coleta de amostras e an\u00e1lise pericial. O objetivo era identificar a subst\u00e2ncia envolvida e verificar a exist\u00eancia de elementos que pudessem caracterizar intoxica\u00e7\u00e3o por metanol ou outro agente qu\u00edmico.<\/p>\n<p>De acordo com o diretor-geral da Pol\u00edcia Cient\u00edfica, Victor Barros, os exames laboratoriais foram conclu\u00eddos em tempo c\u00e9lere. \u201cEm menos de 24 horas, obtivemos os resultados. N\u00e3o foi identificado metanol nas amostras analisadas. Foram realizadas pesquisas para \u00e1lcool, coca\u00edna, outras drogas e medicamentos. O que se constatou foi uma elevada concentra\u00e7\u00e3o de \u00e1lcool et\u00edlico na urina, al\u00e9m da presen\u00e7a de coca\u00edna e coquetileno\u201d, detalhou.<\/p>\n<p>Com a conclus\u00e3o das an\u00e1lises, os peritos constataram que os sinais cl\u00ednicos apresentados eram compat\u00edveis com um quadro de overdose, condi\u00e7\u00e3o que pode, em um primeiro momento, simular intoxica\u00e7\u00e3o por metanol. Diante das evid\u00eancias t\u00e9cnicas, a investiga\u00e7\u00e3o foi encerrada com o descarte definitivo da hip\u00f3tese inicial.<\/p>\n<p>Durante a apura\u00e7\u00e3o, tamb\u00e9m foi verificado que o homem j\u00e1 possu\u00eda hist\u00f3rico de atendimentos hospitalares relacionados ao uso excessivo de \u00e1lcool e drogas. Al\u00e9m disso, n\u00e3o foram encontrados registros de antecedentes criminais em seu nome.<\/p>\n<p><strong><em>Acompanhe tamb\u00e9m o SE Not\u00edcias no\u00a0<a href=\"https:\/\/twitter.com\/Senoticias\" target=\"_blank\" rel=\"noreferrer noopener\">Twitter<\/a>,\u00a0<a href=\"https:\/\/www.facebook.com\/senoticias1\" target=\"_blank\" rel=\"noreferrer noopener\">Facebook<\/a>\u00a0e no\u00a0<a href=\"https:\/\/www.instagram.com\/senoticias\/\" target=\"_blank\" rel=\"noreferrer noopener\">Instagram<\/a><\/em><\/strong><\/p>\n<p>Fonte: ascom\/SSP\/SE<\/p>\n","protected":false},"excerpt":{"rendered":"<p>A Secretaria de Seguran\u00e7a P\u00fablica de Sergipe (SSP), por meio das Pol\u00edcias Civil e Cient\u00edfica, divulgou nesta sexta-feira, 23, os esclarecimentos t\u00e9cnicos sobre a morte de um homem que estava internado na Unidade de Terapia Intensiva (UTI) do Hospital de Urg\u00eancias de Sergipe (HUSE) desde o \u00faltimo dia 19, inicialmente sob suspeita de envenenamento por [&hellip;]<\/p>\n","protected":false},"author":6557,"featured_media":0,"comment_status":"closed","ping_status":"closed","sticky":false,"template":"","format":"standard","meta":{"footnotes":""},"categories":[15,7],"tags":[44636,16060],"class_list":{"0":"post-150895","1":"post","2":"type-post","3":"status-publish","4":"format-standard","6":"category-destaques","7":"category-policia","8":"tag-intoxicacao-por-metanol","9":"tag-ssp-se-2"},"_links":{"self":[{"href":"https:\/\/senoticias.com.br\/se\/wp-json\/wp\/v2\/posts\/150895"}],"collection":[{"href":"https:\/\/senoticias.com.br\/se\/wp-json\/wp\/v2\/posts"}],"about":[{"href":"https:\/\/senoticias.com.br\/se\/wp-json\/wp\/v2\/types\/post"}],"author":[{"embeddable":true,"href":"https:\/\/senoticias.com.br\/se\/wp-json\/wp\/v2\/users\/6557"}],"replies":[{"embeddable":true,"href":"https:\/\/senoticias.com.br\/se\/wp-json\/wp\/v2\/comments?post=150895"}],"version-history":[{"count":0,"href":"https:\/\/senoticias.com.br\/se\/wp-json\/wp\/v2\/posts\/150895\/revisions"}],"wp:attachment":[{"href":"https:\/\/senoticias.com.br\/se\/wp-json\/wp\/v2\/media?parent=150895"}],"wp:term":[{"taxonomy":"category","embeddable":true,"href":"https:\/\/senoticias.com.br\/se\/wp-json\/wp\/v2\/categories?post=150895"},{"taxonomy":"post_tag","embeddable":true,"href":"https:\/\/senoticias.com.br\/se\/wp-json\/wp\/v2\/tags?post=150895"}],"curies":[{"name":"wp","href":"https:\/\/api.w.org\/{rel}","templated":true}]}}