{"id":150523,"date":"2025-12-16T15:30:21","date_gmt":"2025-12-16T18:30:21","guid":{"rendered":"https:\/\/senoticias.com.br\/se\/?p=150523"},"modified":"2025-12-16T15:30:21","modified_gmt":"2025-12-16T18:30:21","slug":"pacientes-com-diabetes-tipo-1-aprovam-novo-monitoramento-de-glicemia-da-prefeitura-de-aracaju","status":"publish","type":"post","link":"https:\/\/senoticias.com.br\/se\/pacientes-com-diabetes-tipo-1-aprovam-novo-monitoramento-de-glicemia-da-prefeitura-de-aracaju\/","title":{"rendered":"Pacientes com diabetes tipo 1 aprovam novo monitoramento de glicemia da Prefeitura de Aracaju"},"content":{"rendered":"<div>O cuidado di\u00e1rio com o controle da glicemia ganhou um novo aliado para usu\u00e1rios da rede municipal de sa\u00fade de Aracaju. A Prefeitura de Aracaju, por meio da Secretaria Municipal da Sa\u00fade (SMS), lan\u00e7ou nesta segunda-feira, 15, no audit\u00f3rio Padre de Melo da Universidade Tiradentes (UNIT), o projeto pioneiro \u201cSem Medir a Vida. A iniciativa assegura o acesso gratuito \u00e0 monitoriza\u00e7\u00e3o cont\u00ednua de glicose para pessoas com diabetes tipo 1 atendidas pelo Sistema \u00danico de Sa\u00fade (SUS) municipal, com entrega inicial dos sensores e acompanhamento especializado no Centro de Especialidades M\u00e9dicas de Aracaju (CEMAR).<\/div>\n<div>\n<div id=\"attachment_150524\" style=\"width: 310px\" class=\"wp-caption aligncenter\"><a href=\"https:\/\/senoticias.com.br\/se\/wp-content\/uploads\/2025\/12\/24b33ce8-e53f-4e0a-b81f-4066888bd5ad-e1765909789783.jpeg\"><img loading=\"lazy\" decoding=\"async\" aria-describedby=\"caption-attachment-150524\" class=\"size-medium wp-image-150524\" src=\"https:\/\/senoticias.com.br\/se\/wp-content\/uploads\/2025\/12\/24b33ce8-e53f-4e0a-b81f-4066888bd5ad-300x225.jpeg\" alt=\"\" width=\"300\" height=\"225\" \/><\/a><p id=\"caption-attachment-150524\" class=\"wp-caption-text\">Foto: Ascom SMS<\/p><\/div>\n<\/div>\n<div><\/div>\n<div>Durante o evento, os pacientes receberam o primeiro sensor Libre 2 Plus, tecnologia de ponta que permite o acompanhamento glic\u00eamico em tempo real, com leituras autom\u00e1ticas, alarmes para altera\u00e7\u00f5es de glicose e dura\u00e7\u00e3o de at\u00e9 15 dias, reduzindo drasticamente a necessidade de pun\u00e7\u00f5es di\u00e1rias nos dedos. A partir de agora, os sensores e leitores ser\u00e3o dispensados mensalmente pelo SUS municipal, garantindo continuidade do tratamento.<\/div>\n<div><\/div>\n<div>Atualmente, a maioria das pessoas com diabetes tipo 1 depende da medi\u00e7\u00e3o capilar, m\u00e9todo invasivo e doloroso, especialmente para crian\u00e7as e adolescentes. Com o novo projeto, Aracaju democratiza o acesso a um insumo de alto custo, historicamente inacess\u00edvel para muitas fam\u00edlias, promovendo mais conforto, seguran\u00e7a e qualidade de vida aos usu\u00e1rios da rede p\u00fablica.<\/div>\n<div><\/div>\n<div>Al\u00e9m da entrega dos dispositivos, o \u201cSem Medir a Vida\u201d assegura acompanhamento multiprofissional integral no Ambulat\u00f3rio de Refer\u00eancia em Endocrinologia do CEMAR, com endocrinologistas pedi\u00e1tricos e de adultos, enfermeiros especializados e nutricionistas. O protocolo municipal contempla pacientes de 2 a 22 anos, residentes em Aracaju e em acompanhamento regular no ambulat\u00f3rio.<\/div>\n<div><\/div>\n<div>A secret\u00e1ria municipal da Sa\u00fade, D\u00e9bora Leite, destacou que a tecnologia \u00e9 uma ferramenta essencial para prevenir complica\u00e7\u00f5es graves da doen\u00e7a. \u201cEsse dispositivo n\u00e3o \u00e9 a salva\u00e7\u00e3o, mas \u00e9 um instrumento fundamental para um controle mais eficaz da glicemia. Investir precocemente nas crian\u00e7as e adolescentes \u00e9 garantir menos riscos de doen\u00e7as renais, oftalmol\u00f3gicas e amputa\u00e7\u00f5es no futuro. \u00c9 um compromisso da Sa\u00fade de Aracaju com essas fam\u00edlias\u201d, afirmou.<\/div>\n<div>Entre os beneficiados est\u00e1 Marcos Vin\u00edcius Resende, de 16 anos, que convive com o diabetes desde os seis. Para ele, o sensor representa uma mudan\u00e7a concreta na rotina. \u201cJ\u00e1 fiquei internado em coma, na UTI, e a doen\u00e7a prejudicou meus estudos. Agora acredito que vai ser melhor. \u00c9 uma grande conquista e vai ajudar muito na minha qualidade de vida\u201d, relatou. A tia de Marcos, Camila Carvalho, refor\u00e7ou o impacto do projeto no dia a dia da fam\u00edlia. \u201cEle n\u00e3o gosta de se furar v\u00e1rias vezes ao dia. Esse aparelho vai ser uma b\u00ean\u00e7\u00e3o, vai ajudar ele a se cuidar mais e a viver melhor\u201d, disse.<\/div>\n<div><\/div>\n<div>M\u00e3e da pequena Mariana Menezes, de quatro anos, diagnosticada com diabetes tipo 1 aos dois, Ana Raquel Oliveira destacou o al\u00edvio trazido pela tecnologia. \u201cQuem \u00e9 m\u00e3e de p\u00e2ncreas sabe a luta di\u00e1ria, de acordar \u00e0 noite para medir glicemia. \u00c9 um tratamento maravilhoso. S\u00f3 gratid\u00e3o por ter acesso a algo t\u00e3o digno para nossos pequenos\u201d, declarou.<\/div>\n<div><\/div>\n<div>J\u00e1 Gilvane Ribeiro, m\u00e3e de Tha\u00eds Fonseca, de 12 anos, relembrou o susto do diagn\u00f3stico e ressaltou o ganho em qualidade de vida. \u201cSe eu n\u00e3o tivesse identificado a glicemia alta a tempo, poderia ter sido fatal. Hoje, contar com esse tratamento \u00e9 qualidade de vida, n\u00e3o tem explica\u00e7\u00e3o\u201d, afirmou. Tha\u00eds, por sua vez, aprovou o uso do sensor. \u201cN\u00e3o doeu nada. \u00c9 pr\u00e1tico, apita quando a glicemia est\u00e1 alta ou baixa e me faz sentir mais segura\u201d, contou.<\/div>\n<div><\/div>\n<div>A coordenadora da Rede de Aten\u00e7\u00e3o Especializada (REAE), T\u00e9rcia Monteiro, explicou que o projeto foi estruturado para atender principalmente crian\u00e7as e jovens em situa\u00e7\u00e3o de vulnerabilidade social. \u201cO sensor \u00e9 de alto custo e precisa ser trocado quinzenalmente. Com o projeto, garantimos acesso gratuito, educa\u00e7\u00e3o continuada, acompanhamento mensal e o uso do leitor, independentemente de compatibilidade com celular, pensando na realidade das fam\u00edlias\u201d, destacou.<\/div>\n<div><\/div>\n<div>Representando o Instituto Diabetes Brasil, C\u00e2ndido Rocha ressaltou o car\u00e1ter inovador da iniciativa. \u201cO monitor cont\u00ednuo torna o tratamento mais humano e preciso. Aracaju d\u00e1 um primeiro grande passo como pol\u00edtica p\u00fablica e se torna refer\u00eancia no Nordeste. Esperamos que esse modelo seja replicado em outros munic\u00edpios, porque essa \u00e9 uma necessidade urgente\u201d, afirmou.<\/div>\n<div><\/div>\n<div>Com o projeto \u201cSem Medir a Vida\u201d, a Sa\u00fade de Aracaju consolida uma pol\u00edtica p\u00fablica permanente voltada \u00e0 qualifica\u00e7\u00e3o do cuidado \u00e0s pessoas com diabetes tipo 1. A medida fortalece a linha de cuidado em endocrinologia, reduz barreiras ao tratamento, previne complica\u00e7\u00f5es associadas \u00e0 doen\u00e7a.<br \/>\n<strong><em>Acompanhe tamb\u00e9m o SE Not\u00edcias no\u00a0<a href=\"https:\/\/twitter.com\/Senoticias\" target=\"_blank\" rel=\"noreferrer noopener\">Twitter<\/a>,\u00a0<a href=\"https:\/\/www.facebook.com\/senoticias1\" target=\"_blank\" rel=\"noreferrer noopener\">Facebook<\/a>\u00a0e no\u00a0<a href=\"https:\/\/www.instagram.com\/senoticias\/\" target=\"_blank\" rel=\"noreferrer noopener\">Instagram<\/a><\/em><\/strong><br \/>\nFonte: Prefeitura de Aracaju<\/div>\n","protected":false},"excerpt":{"rendered":"<p>O cuidado di\u00e1rio com o controle da glicemia ganhou um novo aliado para usu\u00e1rios da rede municipal de sa\u00fade de Aracaju. A Prefeitura de Aracaju, por meio da Secretaria Municipal da Sa\u00fade (SMS), lan\u00e7ou nesta segunda-feira, 15, no audit\u00f3rio Padre de Melo da Universidade Tiradentes (UNIT), o projeto pioneiro \u201cSem Medir a Vida. A iniciativa [&hellip;]<\/p>\n","protected":false},"author":6557,"featured_media":0,"comment_status":"closed","ping_status":"closed","sticky":false,"template":"","format":"standard","meta":{"footnotes":""},"categories":[15],"tags":[43217,44550],"class_list":{"0":"post-150523","1":"post","2":"type-post","3":"status-publish","4":"format-standard","6":"category-destaques","7":"tag-diabetes-tipo-1","8":"tag-monitoramento-de-glicemia"},"_links":{"self":[{"href":"https:\/\/senoticias.com.br\/se\/wp-json\/wp\/v2\/posts\/150523"}],"collection":[{"href":"https:\/\/senoticias.com.br\/se\/wp-json\/wp\/v2\/posts"}],"about":[{"href":"https:\/\/senoticias.com.br\/se\/wp-json\/wp\/v2\/types\/post"}],"author":[{"embeddable":true,"href":"https:\/\/senoticias.com.br\/se\/wp-json\/wp\/v2\/users\/6557"}],"replies":[{"embeddable":true,"href":"https:\/\/senoticias.com.br\/se\/wp-json\/wp\/v2\/comments?post=150523"}],"version-history":[{"count":0,"href":"https:\/\/senoticias.com.br\/se\/wp-json\/wp\/v2\/posts\/150523\/revisions"}],"wp:attachment":[{"href":"https:\/\/senoticias.com.br\/se\/wp-json\/wp\/v2\/media?parent=150523"}],"wp:term":[{"taxonomy":"category","embeddable":true,"href":"https:\/\/senoticias.com.br\/se\/wp-json\/wp\/v2\/categories?post=150523"},{"taxonomy":"post_tag","embeddable":true,"href":"https:\/\/senoticias.com.br\/se\/wp-json\/wp\/v2\/tags?post=150523"}],"curies":[{"name":"wp","href":"https:\/\/api.w.org\/{rel}","templated":true}]}}