{"id":150519,"date":"2025-12-16T15:00:40","date_gmt":"2025-12-16T18:00:40","guid":{"rendered":"https:\/\/senoticias.com.br\/se\/?p=150519"},"modified":"2025-12-16T15:00:40","modified_gmt":"2025-12-16T18:00:40","slug":"o-crime-no-andar-de-cima-quando-a-lei-nao-alcanca-os-poderosos-por-fabio-lemos-lopes","status":"publish","type":"post","link":"https:\/\/senoticias.com.br\/se\/o-crime-no-andar-de-cima-quando-a-lei-nao-alcanca-os-poderosos-por-fabio-lemos-lopes\/","title":{"rendered":"O Crime no Andar de Cima: quando a lei n\u00e3o alcan\u00e7a os poderosos \u2014 por F\u00e1bio Lemos Lopes"},"content":{"rendered":"<p><em><strong>F\u00e1biol Lemos*<\/strong><\/em><\/p>\n<p>A liberta\u00e7\u00e3o de Andr\u00e9 do Rap, um dos l\u00edderes do PCC (Primeiro Comando da Capital), por decis\u00e3o de um ministro do STF, segue como um dos epis\u00f3dios mais controversos do Judici\u00e1rio brasileiro. Ap\u00f3s receber o habeas corpus, o criminoso fugiu e permanece foragido.<\/p>\n<p>No campo corporativo, o caso das Lojas Americanas exp\u00f4s uma fraude cont\u00e1bil estimada em 25 bilh\u00f5es de reais. Os principais acionistas \u2014 Jorge Paulo Lemann, Marcel Telles e Carlos Alberto Sicupira \u2014 negam ter tido conhecimento do rombo que abalou o mercado financeiro.<\/p>\n<div id=\"attachment_150123\" style=\"width: 228px\" class=\"wp-caption alignleft\"><a href=\"https:\/\/senoticias.com.br\/se\/wp-content\/uploads\/2025\/11\/Fabio-Lemos-SE-Noticias.jpeg\"><img loading=\"lazy\" decoding=\"async\" aria-describedby=\"caption-attachment-150123\" class=\"size-medium wp-image-150123\" src=\"https:\/\/senoticias.com.br\/se\/wp-content\/uploads\/2025\/11\/Fabio-Lemos-SE-Noticias-218x300.jpeg\" alt=\"\" width=\"218\" height=\"300\" srcset=\"https:\/\/senoticias.com.br\/se\/wp-content\/uploads\/2025\/11\/Fabio-Lemos-SE-Noticias-218x300.jpeg 218w, https:\/\/senoticias.com.br\/se\/wp-content\/uploads\/2025\/11\/Fabio-Lemos-SE-Noticias.jpeg 596w\" sizes=\"(max-width: 218px) 100vw, 218px\" \/><\/a><p id=\"caption-attachment-150123\" class=\"wp-caption-text\">O Crime no Andar de Cima, escreve F\u00e1bio Lopes<\/p><\/div>\n<p>O ex-governador S\u00e9rgio Cabral, protagonista de um esquema de corrup\u00e7\u00e3o que levou o Estado do Rio de Janeiro ao colapso fiscal, acumulou 430 anos de condena\u00e7\u00e3o por lavagem de dinheiro, forma\u00e7\u00e3o de quadrilha, pagamento de propina e corrup\u00e7\u00e3o. Ainda assim, est\u00e1 solto ap\u00f3s obter habeas corpus concedido por um ministro do STF.<br \/>\nGritzbach, delator do PCC e de casos de corrup\u00e7\u00e3o envolvendo agentes das pol\u00edcias paulistas, foi assassinado a tiros de fuzil no Aeroporto Internacional de Guarulhos.<br \/>\nJ\u00e1 a Opera\u00e7\u00e3o Carbono Oculto revelou um esquema bilion\u00e1rio de movimenta\u00e7\u00e3o financeira il\u00edcita, que teria alcan\u00e7ado estruturas do mercado financeiro na regi\u00e3o da Faria Lima, movimentando cerca de 52 bilh\u00f5es de reais.<\/p>\n<p>O padr\u00e3o que emerge desses casos \u00e9 alarmante: crimes de grande monta, envolvendo pessoas com influ\u00eancia econ\u00f4mica e pol\u00edtica, raramente mant\u00eam espa\u00e7o no debate p\u00fablico. As estruturas de poder tendem a diluir, relativizar ou simplesmente enterrar os desdobramentos desses esc\u00e2ndalos.<br \/>\nEnquanto isso, narrativas populares refor\u00e7am a m\u00e1xima do \u201cbandido bom \u00e9 bandido morto\u201d \u2014 desde que o alvo n\u00e3o perten\u00e7a ao andar de cima. Para esses, prevalecem habeas corpus, tornozeleiras eletr\u00f4nicas e pris\u00f5es domiciliares sob justificativa humanit\u00e1ria.<\/p>\n<p>Mais recentemente, a Pol\u00edcia Federal deflagrou a Opera\u00e7\u00e3o Compliance Zero, que prendeu o propriet\u00e1rio do Banco Master, Daniel Varcaro. Ele j\u00e1 cumpre medidas cautelares em liberdade, com uso de tornozeleira. A institui\u00e7\u00e3o \u00e9 acusada de falsificar CDBs, oferecer rentabilidades de 140% a 180% e realizar opera\u00e7\u00f5es consideradas temer\u00e1rias. Apesar disso, recebeu investimentos milion\u00e1rios de fundos de aposentadoria e teve parte de sua carteira de cr\u00e9dito adquirida pelo banco p\u00fablico BRB. O FGC (Fundo Garantidor de Cr\u00e9ditos) cobre apenas at\u00e9 250 mil reais \u2014 muito aqu\u00e9m do volume investido. O caso da Refit, a refinaria criou m\u00e9todo de sonega\u00e7\u00e3o fiscal com d\u00e9bitos de 26 bilh\u00f5es, segundo a Receita Federal.<\/p>\n<p>O que conecta esses epis\u00f3dios? A rela\u00e7\u00e3o \u2014 direta ou indireta \u2014 entre os envolvidos e diferentes esferas de poder do Legislativo, Executivo e Judici\u00e1rio. Como combater o crime organizado com institui\u00e7\u00f5es n\u00e3o confi\u00e1veis?<\/p>\n<p>Com a aproxima\u00e7\u00e3o das elei\u00e7\u00f5es, discursos que defendem a ado\u00e7\u00e3o da pena perp\u00e9tua voltam \u00e0 cena. Mas, na pr\u00e1tica, esse rigor penal raramente alcan\u00e7a o criminoso do andar de cima. O alvo final tende a ser o cidad\u00e3o comum.<\/p>\n<p>*<strong>Por F\u00e1bio Lemos Lopes<\/strong> \u00e9 PM da R\/R, advogado e especialista em viol\u00eancia, criminalidade e pol\u00edticas p\u00fablicas pela UFS.<\/p>\n<p><strong><em>Acompanhe tamb\u00e9m o SE Not\u00edcias no\u00a0<a href=\"https:\/\/twitter.com\/Senoticias\" target=\"_blank\" rel=\"noreferrer noopener\">Twitter<\/a>,\u00a0<a href=\"https:\/\/www.facebook.com\/senoticias1\" target=\"_blank\" rel=\"noreferrer noopener\">Facebook<\/a>\u00a0e no\u00a0<a href=\"https:\/\/www.instagram.com\/senoticias\/\" target=\"_blank\" rel=\"noreferrer noopener\">Instagram<\/a><\/em><\/strong><\/p>\n<p>&nbsp;<\/p>\n","protected":false},"excerpt":{"rendered":"<p>F\u00e1biol Lemos* A liberta\u00e7\u00e3o de Andr\u00e9 do Rap, um dos l\u00edderes do PCC (Primeiro Comando da Capital), por decis\u00e3o de um ministro do STF, segue como um dos epis\u00f3dios mais controversos do Judici\u00e1rio brasileiro. Ap\u00f3s receber o habeas corpus, o criminoso fugiu e permanece foragido. No campo corporativo, o caso das Lojas Americanas exp\u00f4s uma [&hellip;]<\/p>\n","protected":false},"author":6557,"featured_media":150123,"comment_status":"closed","ping_status":"closed","sticky":false,"template":"","format":"standard","meta":{"footnotes":""},"categories":[15,8],"tags":[8158,44548,44549],"class_list":{"0":"post-150519","1":"post","2":"type-post","3":"status-publish","4":"format-standard","5":"has-post-thumbnail","7":"category-destaques","8":"category-esporte-e-cultura","9":"tag-corrupcao","10":"tag-dr-fabio-lopes","11":"tag-o-crime-no-andar-de-cima"},"_links":{"self":[{"href":"https:\/\/senoticias.com.br\/se\/wp-json\/wp\/v2\/posts\/150519"}],"collection":[{"href":"https:\/\/senoticias.com.br\/se\/wp-json\/wp\/v2\/posts"}],"about":[{"href":"https:\/\/senoticias.com.br\/se\/wp-json\/wp\/v2\/types\/post"}],"author":[{"embeddable":true,"href":"https:\/\/senoticias.com.br\/se\/wp-json\/wp\/v2\/users\/6557"}],"replies":[{"embeddable":true,"href":"https:\/\/senoticias.com.br\/se\/wp-json\/wp\/v2\/comments?post=150519"}],"version-history":[{"count":0,"href":"https:\/\/senoticias.com.br\/se\/wp-json\/wp\/v2\/posts\/150519\/revisions"}],"wp:featuredmedia":[{"embeddable":true,"href":"https:\/\/senoticias.com.br\/se\/wp-json\/wp\/v2\/media\/150123"}],"wp:attachment":[{"href":"https:\/\/senoticias.com.br\/se\/wp-json\/wp\/v2\/media?parent=150519"}],"wp:term":[{"taxonomy":"category","embeddable":true,"href":"https:\/\/senoticias.com.br\/se\/wp-json\/wp\/v2\/categories?post=150519"},{"taxonomy":"post_tag","embeddable":true,"href":"https:\/\/senoticias.com.br\/se\/wp-json\/wp\/v2\/tags?post=150519"}],"curies":[{"name":"wp","href":"https:\/\/api.w.org\/{rel}","templated":true}]}}