{"id":150516,"date":"2025-12-16T11:47:45","date_gmt":"2025-12-16T14:47:45","guid":{"rendered":"https:\/\/senoticias.com.br\/se\/?p=150516"},"modified":"2025-12-16T12:22:12","modified_gmt":"2025-12-16T15:22:12","slug":"policia-federal-prende-desembargador-em-nova-acao-contra-vazamento-de-informacoes-no-rio","status":"publish","type":"post","link":"https:\/\/senoticias.com.br\/se\/policia-federal-prende-desembargador-em-nova-acao-contra-vazamento-de-informacoes-no-rio\/","title":{"rendered":"Pol\u00edcia Federal prende desembargador em nova a\u00e7\u00e3o contra vazamento de informa\u00e7\u00f5es no Rio"},"content":{"rendered":"<div id=\"attachment_150517\" style=\"width: 279px\" class=\"wp-caption alignleft\"><a href=\"https:\/\/senoticias.com.br\/se\/wp-content\/uploads\/2025\/12\/PFSE.png\"><img loading=\"lazy\" decoding=\"async\" aria-describedby=\"caption-attachment-150517\" class=\"size-full wp-image-150517\" src=\"https:\/\/senoticias.com.br\/se\/wp-content\/uploads\/2025\/12\/PFSE.png\" alt=\"\" width=\"269\" height=\"227\" \/><\/a><p id=\"caption-attachment-150517\" class=\"wp-caption-text\">Mac\u00e1rio Ramos J\u00fadice Neto, do Tribunal Regional Federal da 2\u00aa Regi\u00e3o, foi preso preventivamente &#8211; Foto: reprodu\u00e7\u00e3o\/G1<\/p><\/div>\n<p>Na manh\u00e3 desta ter\u00e7a, a Pol\u00edcia Federal deflagrou a <strong>Opera\u00e7\u00e3o Unha e Carne 2<\/strong> para investigar agentes p\u00fablicos envolvidos no vazamento de informa\u00e7\u00f5es sigilosas de investiga\u00e7\u00f5es da pol\u00edcia a integrantes do Comando Vermelho no Rio de Janeiro.<\/p>\n<p>A a\u00e7\u00e3o \u00e9 um desdobramento da investiga\u00e7\u00e3o que resultou na pris\u00e3o do presidente de Assembleia Legislativa do Rio de Janeiro, Rodrigo Bacellar, por suspeitas de vazamento de informa\u00e7\u00f5es aos investigados.<\/p>\n<p>Bacellar foi alvo de buscas ordenadas pelo ministro Alexandre de Moraes. O desembargador federal Mac\u00e1rio Ramos J\u00fadice Neto, do Tribunal Regional Federal da 2\u00aa Regi\u00e3o, foi preso preventivamente.<\/p>\n<p>Ele foi respons\u00e1vel pela condu\u00e7\u00e3o do processo do ex-deputado estadual Thiego Raimundo dos Santos, conhecido como TH Joias.<\/p>\n<p>Os investigadores cumprem ainda dez mandados de busca e apreens\u00e3o, expedidos pelo Supremo Tribunal Federal, no Rio de Janeiro e no Esp\u00edrito Santo.<\/p>\n<p>\u201cA a\u00e7\u00e3o se insere no contexto da decis\u00e3o do STF no \u00e2mbito do julgamento da ADPF das Favelas que, dentre outras provid\u00eancias, determinou que a Pol\u00edcia Federal conduzisse investiga\u00e7\u00f5es sobre a atua\u00e7\u00e3o dos principais grupos criminosos violentos em atividade no estado e suas conex\u00f5es com agentes p\u00fablicos\u201d, diz a PF.<\/p>\n<p>O Radar procura a defesa do desembargador para colher a vers\u00e3o do magistrado sobre o caso.<\/p>\n<p><strong><em>Acompanhe tamb\u00e9m o SE Not\u00edcias no\u00a0<a href=\"https:\/\/twitter.com\/Senoticias\" target=\"_blank\" rel=\"noreferrer noopener\">Twitter<\/a>,\u00a0<a href=\"https:\/\/www.facebook.com\/senoticias1\" target=\"_blank\" rel=\"noreferrer noopener\">Facebook<\/a>\u00a0e no\u00a0<a href=\"https:\/\/www.instagram.com\/senoticias\/\" target=\"_blank\" rel=\"noreferrer noopener\">Instagram<\/a><\/em><\/strong><\/p>\n<p>Fonte: Veja<\/p>\n","protected":false},"excerpt":{"rendered":"<p>Na manh\u00e3 desta ter\u00e7a, a Pol\u00edcia Federal deflagrou a Opera\u00e7\u00e3o Unha e Carne 2 para investigar agentes p\u00fablicos envolvidos no vazamento de informa\u00e7\u00f5es sigilosas de investiga\u00e7\u00f5es da pol\u00edcia a integrantes do Comando Vermelho no Rio de Janeiro. A a\u00e7\u00e3o \u00e9 um desdobramento da investiga\u00e7\u00e3o que resultou na pris\u00e3o do presidente de Assembleia Legislativa do Rio [&hellip;]<\/p>\n","protected":false},"author":6557,"featured_media":150517,"comment_status":"closed","ping_status":"closed","sticky":false,"template":"","format":"standard","meta":{"footnotes":""},"categories":[15,2961,1],"tags":[44547,44546,1947],"class_list":{"0":"post-150516","1":"post","2":"type-post","3":"status-publish","4":"format-standard","5":"has-post-thumbnail","7":"category-destaques","8":"category-nacional","9":"category-sem-categoria","10":"tag-carne-2","11":"tag-operacao-unha","12":"tag-policia-federal"},"_links":{"self":[{"href":"https:\/\/senoticias.com.br\/se\/wp-json\/wp\/v2\/posts\/150516"}],"collection":[{"href":"https:\/\/senoticias.com.br\/se\/wp-json\/wp\/v2\/posts"}],"about":[{"href":"https:\/\/senoticias.com.br\/se\/wp-json\/wp\/v2\/types\/post"}],"author":[{"embeddable":true,"href":"https:\/\/senoticias.com.br\/se\/wp-json\/wp\/v2\/users\/6557"}],"replies":[{"embeddable":true,"href":"https:\/\/senoticias.com.br\/se\/wp-json\/wp\/v2\/comments?post=150516"}],"version-history":[{"count":0,"href":"https:\/\/senoticias.com.br\/se\/wp-json\/wp\/v2\/posts\/150516\/revisions"}],"wp:featuredmedia":[{"embeddable":true,"href":"https:\/\/senoticias.com.br\/se\/wp-json\/wp\/v2\/media\/150517"}],"wp:attachment":[{"href":"https:\/\/senoticias.com.br\/se\/wp-json\/wp\/v2\/media?parent=150516"}],"wp:term":[{"taxonomy":"category","embeddable":true,"href":"https:\/\/senoticias.com.br\/se\/wp-json\/wp\/v2\/categories?post=150516"},{"taxonomy":"post_tag","embeddable":true,"href":"https:\/\/senoticias.com.br\/se\/wp-json\/wp\/v2\/tags?post=150516"}],"curies":[{"name":"wp","href":"https:\/\/api.w.org\/{rel}","templated":true}]}}