{"id":150511,"date":"2025-12-15T17:39:05","date_gmt":"2025-12-15T20:39:05","guid":{"rendered":"https:\/\/senoticias.com.br\/se\/?p=150511"},"modified":"2025-12-15T18:32:32","modified_gmt":"2025-12-15T21:32:32","slug":"policia-civil-investiga-homicidio-ocorrido-em-via-publica-em-ribeiropolis","status":"publish","type":"post","link":"https:\/\/senoticias.com.br\/se\/policia-civil-investiga-homicidio-ocorrido-em-via-publica-em-ribeiropolis\/","title":{"rendered":"Pol\u00edcia Civil pede ajuda da popula\u00e7\u00e3o e divulga imagens de suspeitos de homic\u00eddio no interior de Sergipe"},"content":{"rendered":"<p>A Pol\u00edcia Civil apura as circunst\u00e2ncias de um homic\u00eddio ocorrido na manh\u00e3 desse domingo, 14, no munic\u00edpio de Ribeir\u00f3polis. A ocorr\u00eancia foi registrada em via p\u00fablica, no bairro Baixa Fria, onde Tadeu Brito Lima, 30 anos, foi executado por disparos de arma de fogo em plena via p\u00fablica.<\/p>\n<p>De acordo com o registro policial, equipes da Pol\u00edcia Militar foram acionadas e realizaram o isolamento da \u00e1rea at\u00e9 a chegada da per\u00edcia criminal e Instituto M\u00e9dico Legal (IML), respons\u00e1veis pelos procedimentos t\u00e9cnicos e pela remo\u00e7\u00e3o do corpo.<\/p>\n<div id=\"attachment_150512\" style=\"width: 609px\" class=\"wp-caption aligncenter\"><a href=\"https:\/\/senoticias.com.br\/se\/wp-content\/uploads\/2025\/12\/CARTAZ-PROCURA-SE-PC-Editavel.jpg\"><img loading=\"lazy\" decoding=\"async\" aria-describedby=\"caption-attachment-150512\" class=\"size-full wp-image-150512\" src=\"https:\/\/senoticias.com.br\/se\/wp-content\/uploads\/2025\/12\/CARTAZ-PROCURA-SE-PC-Editavel.jpg\" alt=\"\" width=\"599\" height=\"238\" srcset=\"https:\/\/senoticias.com.br\/se\/wp-content\/uploads\/2025\/12\/CARTAZ-PROCURA-SE-PC-Editavel.jpg 599w, https:\/\/senoticias.com.br\/se\/wp-content\/uploads\/2025\/12\/CARTAZ-PROCURA-SE-PC-Editavel-300x119.jpg 300w\" sizes=\"(max-width: 599px) 100vw, 599px\" \/><\/a><p id=\"caption-attachment-150512\" class=\"wp-caption-text\">Informa\u00e7\u00f5es sobre os autores podem ser encaminhadas por meio do Disque-Den\u00fancia (181)<\/p><\/div>\n<p>A Delegacia de Ribeir\u00f3pilis instaurou procedimento investigativo para apurar as circunst\u00e2nccias do homic\u00eddio. Testemunhas relataram que a vitima era natural de Itabaiana e residia em Ribeir\u00f3polis desde a inf\u00e2ncia, tendo se mudado recentemente para outra localidade do munic\u00edpio.<\/p>\n<p>No curso das dlig\u00eancias iniciais, a Pol\u00edcia Civil obteve imagens que registram a poss\u00edvel participa\u00e7\u00e3o de dois suspeitos, as quais est\u00e3o sendo analisadas e utilizadas como subs\u00eddio para a investiga\u00e7\u00e3o.<\/p>\n<p>O caso segue sob investiga\u00e7\u00e3o, com atua\u00e7\u00e3o integrada dos \u00f3rg\u00e3os que comp\u00f5em a Secretaria de Seguran\u00e7a P\u00fablica, visando esclarecer a din\u00e2mica dos fatos, identificar os respons\u00e1veis e apurar a motiva\u00e7\u00e3o do crime. Informa\u00e7\u00f5es que possam contribuir para a identifica\u00e7\u00e3o dos autores podem ser repassadas, de forma an\u00f4nima, por meio do Disque-Den\u00fancia (181). O sigilo \u00e9 garantido.<\/p>\n<p><strong><em>Acompanhe tamb\u00e9m o SE Not\u00edcias no\u00a0<a href=\"https:\/\/twitter.com\/Senoticias\" target=\"_blank\" rel=\"noreferrer noopener\">Twitter<\/a>,\u00a0<a href=\"https:\/\/www.facebook.com\/senoticias1\" target=\"_blank\" rel=\"noreferrer noopener\">Facebook<\/a>\u00a0e no\u00a0<a href=\"https:\/\/www.instagram.com\/senoticias\/\" target=\"_blank\" rel=\"noreferrer noopener\">Instagram<\/a><\/em><\/strong><\/p>\n<p>Fonte: SSP\/SE<\/p>\n","protected":false},"excerpt":{"rendered":"<p>A Pol\u00edcia Civil apura as circunst\u00e2ncias de um homic\u00eddio ocorrido na manh\u00e3 desse domingo, 14, no munic\u00edpio de Ribeir\u00f3polis. A ocorr\u00eancia foi registrada em via p\u00fablica, no bairro Baixa Fria, onde Tadeu Brito Lima, 30 anos, foi executado por disparos de arma de fogo em plena via p\u00fablica. De acordo com o registro policial, equipes [&hellip;]<\/p>\n","protected":false},"author":6557,"featured_media":150512,"comment_status":"closed","ping_status":"closed","sticky":false,"template":"","format":"standard","meta":{"footnotes":""},"categories":[15,7],"tags":[36811,6202],"class_list":{"0":"post-150511","1":"post","2":"type-post","3":"status-publish","4":"format-standard","5":"has-post-thumbnail","7":"category-destaques","8":"category-policia","9":"tag-procura-se","10":"tag-ribeiropolis"},"_links":{"self":[{"href":"https:\/\/senoticias.com.br\/se\/wp-json\/wp\/v2\/posts\/150511"}],"collection":[{"href":"https:\/\/senoticias.com.br\/se\/wp-json\/wp\/v2\/posts"}],"about":[{"href":"https:\/\/senoticias.com.br\/se\/wp-json\/wp\/v2\/types\/post"}],"author":[{"embeddable":true,"href":"https:\/\/senoticias.com.br\/se\/wp-json\/wp\/v2\/users\/6557"}],"replies":[{"embeddable":true,"href":"https:\/\/senoticias.com.br\/se\/wp-json\/wp\/v2\/comments?post=150511"}],"version-history":[{"count":0,"href":"https:\/\/senoticias.com.br\/se\/wp-json\/wp\/v2\/posts\/150511\/revisions"}],"wp:featuredmedia":[{"embeddable":true,"href":"https:\/\/senoticias.com.br\/se\/wp-json\/wp\/v2\/media\/150512"}],"wp:attachment":[{"href":"https:\/\/senoticias.com.br\/se\/wp-json\/wp\/v2\/media?parent=150511"}],"wp:term":[{"taxonomy":"category","embeddable":true,"href":"https:\/\/senoticias.com.br\/se\/wp-json\/wp\/v2\/categories?post=150511"},{"taxonomy":"post_tag","embeddable":true,"href":"https:\/\/senoticias.com.br\/se\/wp-json\/wp\/v2\/tags?post=150511"}],"curies":[{"name":"wp","href":"https:\/\/api.w.org\/{rel}","templated":true}]}}