{"id":150499,"date":"2025-12-15T06:08:51","date_gmt":"2025-12-15T09:08:51","guid":{"rendered":"https:\/\/senoticias.com.br\/se\/?p=150499"},"modified":"2025-12-15T06:13:36","modified_gmt":"2025-12-15T09:13:36","slug":"vasco-e-melhor-que-o-fluminense-supera-roteiro-epico-e-chega-a-final-contra-o-corinthians","status":"publish","type":"post","link":"https:\/\/senoticias.com.br\/se\/vasco-e-melhor-que-o-fluminense-supera-roteiro-epico-e-chega-a-final-contra-o-corinthians\/","title":{"rendered":"Vasco \u00e9 melhor que o Fluminense, supera roteiro \u00e9pico e chega \u00e0 final contra o Corinthians"},"content":{"rendered":"<p>O time que jogou mais futebol na semifinal entre Vasco e Fluminense est\u00e1 na final. Depois de uma virada vasca\u00edna merecida na partida de ida, na \u00faltima quinta-feira, o roteiro \u00e9pico dos p\u00eanaltis fez justi\u00e7a a quem foi superior no confronto. O Vasco perdeu por 1 a 0 no tempo normal gra\u00e7as \u00e0 atua\u00e7\u00e3o not\u00e1vel do goleiro F\u00e1bio, que impediu ao menos tr\u00eas gols vasca\u00ednos durante os 90 minutos.<\/p>\n<p>E quem fez justi\u00e7a, na verdade, foi L\u00e9o Jardim. Quando Vegetti perdeu a primeira cobran\u00e7a do Vasco, um filme passou pela cabe\u00e7a do torcedor vasca\u00edno. Mas o goleiro, que pouco trabalhou no jogo de volta, apareceu no momento decisivo para salvar o clube de S\u00e3o Janu\u00e1rio, repetindo o que j\u00e1 havia feito contra Botafogo e Oper\u00e1rio em 2025 e diante de Athletico-PR, Fortaleza e \u00c1gua Santa em 2024, pelo mesmo torneio.<\/p>\n<p>A classifica\u00e7\u00e3o contra o Fluminense entra para a lista das grandes noites recentes do Vasco. N\u00e3o apenas pela vaga na final de um torneio t\u00e3o importante, mas tamb\u00e9m pelo roteiro constru\u00eddo e pela vit\u00f3ria no auge da rivalidade de um dos maiores cl\u00e1ssicos do Rio de Janeiro.<\/p>\n<div id=\"attachment_150501\" style=\"width: 605px\" class=\"wp-caption aligncenter\"><a href=\"https:\/\/senoticias.com.br\/se\/wp-content\/uploads\/2025\/12\/Vasco-vence-SE-Noticias.jpeg\"><img loading=\"lazy\" decoding=\"async\" aria-describedby=\"caption-attachment-150501\" class=\"size-full wp-image-150501\" src=\"https:\/\/senoticias.com.br\/se\/wp-content\/uploads\/2025\/12\/Vasco-vence-SE-Noticias.jpeg\" alt=\"\" width=\"595\" height=\"460\" srcset=\"https:\/\/senoticias.com.br\/se\/wp-content\/uploads\/2025\/12\/Vasco-vence-SE-Noticias.jpeg 595w, https:\/\/senoticias.com.br\/se\/wp-content\/uploads\/2025\/12\/Vasco-vence-SE-Noticias-300x232.jpeg 300w, https:\/\/senoticias.com.br\/se\/wp-content\/uploads\/2025\/12\/Vasco-vence-SE-Noticias-45x35.jpeg 45w\" sizes=\"(max-width: 595px) 100vw, 595px\" \/><\/a><p id=\"caption-attachment-150501\" class=\"wp-caption-text\"><br \/>L\u00e9o Jardim comemora classifica\u00e7\u00e3o do Vasco contra o Fluminense \u2014 Foto: Alexandre Loureiro\/AGIF<\/p><\/div>\n<p>Depois de amargar tantos momentos dif\u00edceis nos \u00faltimos anos, o torcedor vasca\u00edno p\u00f4de celebrar no Maracan\u00e3 \u2014 uma de suas casas \u2014 a retomada de um est\u00e1gio de protagonismo nacional, o verdadeiro lugar do clube na prateleira do futebol brasileiro.<\/p>\n<p>E, se tinha de ser uma noite feliz para o torcedor do Vasco, ela precisava ser dram\u00e1tica. N\u00e3o bastasse a virada no \u00faltimo minuto do jogo de ida, com gol salvador de Vegetti, o time ainda saiu atr\u00e1s no placar na volta, com um gol contra bizarro de Paulo Henrique, um dos jogadores mais regulares da equipe nos \u00faltimos anos, mas que n\u00e3o fez uma grande semifinal.<\/p>\n<p>O torcedor ainda teve de lidar com um F\u00e1bio impar\u00e1vel no Maracan\u00e3. Se Coutinho n\u00e3o funcionou na cria\u00e7\u00e3o, coube a G\u00f3mez e Rayan comandarem as a\u00e7\u00f5es ofensivas. Mas o goleiro de 45 anos n\u00e3o permitiu. Defendeu um chuta\u00e7o de G\u00f3mez ap\u00f3s \u00f3tima jogada do colombiano e salvou o Fluminense em dois lances de Rayan: uma cobran\u00e7a de falta no \u00e2ngulo, antes do intervalo, e uma grande cabe\u00e7ada no segundo tempo.<\/p>\n<p>F\u00e1bio poderia ter sido ainda mais exigido, n\u00e3o fosse Thiago Silva, que em duas ocasi\u00f5es tirou o doce da boca de Rayan em situa\u00e7\u00f5es claras de gol.<\/p>\n<p>Depois de ser melhor no jogo de volta, mas sair derrotado nos 90 minutos por um gol contra, o Vasco ainda precisou encarar a prova\u00e7\u00e3o dos p\u00eanaltis. E pior: com Vegetti, her\u00f3i do primeiro jogo, como candidato a vil\u00e3o ap\u00f3s desperdi\u00e7ar a primeira cobran\u00e7a. Havia necessidade de tanto sofrimento? N\u00e3o. Estava de bom tamanho. A partir dali, foi s\u00f3 alegria para os vasca\u00ednos no Maracan\u00e3.<\/p>\n<p>Coutinho teve 90 minutos tecnicamente abaixo. Mesmo esgotado fisicamente, Diniz optou por mant\u00ea-lo em campo \u2014 e acertou. O camisa 10 parece ter guardado toda a qualidade que o consagrou na carreira para bater o p\u00eanalti de forma milim\u00e9trica, no \u00e2ngulo, sem chance para F\u00e1bio. O beijo no travess\u00e3o serviu apenas para testar o cora\u00e7\u00e3o da maioria vasca\u00edna no est\u00e1dio.<\/p>\n<p>Rayan e Victor Lu\u00eds converteram suas cobran\u00e7as com frieza, mas ningu\u00e9m foi mais frio do que L\u00e9o Jardim. O goleiro ficou no meio do gol e defendeu o p\u00eanalti de Canobbio. O p\u00eanalti convertido por Puma Rodr\u00edguez trouxe um al\u00edvio do tamanho do Maracan\u00e3 aos torcedores vasca\u00ednos e reacendeu o sonho de um t\u00edtulo nacional que n\u00e3o vem h\u00e1 14 anos.<\/p>\n<p>A final da Copa do Brasil contra o Corinthians recoloca o Vasco em um patamar importante. Em um ano de conquistas fora de campo \u2014 como a recupera\u00e7\u00e3o judicial, a assinatura de um novo fornecedor esportivo e os avan\u00e7os na reforma de S\u00e3o Janu\u00e1rio \u2014, a gest\u00e3o de Pedrinho, depois de um 2024 e de um primeiro semestre de 2025 inst\u00e1veis, acertou mais do que errou na segunda metade da temporada.<\/p>\n<p>As car\u00eancias do time titular foram atacadas na \u00faltima janela de transfer\u00eancias. Dos seis refor\u00e7os do meio do ano, cinco se tornaram titulares absolutos. Cuesta, Robert Renan e Barros elevaram o n\u00edvel defensivo a um patamar pouco visto nos \u00faltimos anos. Thiago Mendes fez duas grandes semifinais, e Andr\u00e9s G\u00f3mez foi o melhor jogador vasca\u00edno nos 180 minutos. O colombiano infernizou a defesa tricolor nos dois jogos.<\/p>\n<p>A decis\u00e3o mais autoral da dire\u00e7\u00e3o foi a contrata\u00e7\u00e3o de Fernando Diniz. O treinador tamb\u00e9m teve momentos de instabilidade \u2014 a campanha no Brasileir\u00e3o \u00e9 prova disso \u2014, mas \u00e9 preciso reconhecer que o Vasco foi superior a Botafogo e Fluminense na Copa do Brasil e chega \u00e0 decis\u00e3o de forma merecida, com as digitais de seu t\u00e9cnico, que permitiu o clube terminar 2025 sonhando com um t\u00edtulo.<\/p>\n<p><strong><em>Acompanhe tamb\u00e9m o SE Not\u00edcias no\u00a0<a href=\"https:\/\/twitter.com\/Senoticias\" target=\"_blank\" rel=\"noreferrer noopener\">Twitter<\/a>,\u00a0<a href=\"https:\/\/www.facebook.com\/senoticias1\" target=\"_blank\" rel=\"noreferrer noopener\">Facebook<\/a>\u00a0e no\u00a0<a href=\"https:\/\/www.instagram.com\/senoticias\/\" target=\"_blank\" rel=\"noreferrer noopener\">Instagram<\/a><\/em><\/strong><\/p>\n<p>Fonte: Ge<\/p>\n<p>&nbsp;<\/p>\n","protected":false},"excerpt":{"rendered":"<p>O time que jogou mais futebol na semifinal entre Vasco e Fluminense est\u00e1 na final. Depois de uma virada vasca\u00edna merecida na partida de ida, na \u00faltima quinta-feira, o roteiro \u00e9pico dos p\u00eanaltis fez justi\u00e7a a quem foi superior no confronto. O Vasco perdeu por 1 a 0 no tempo normal gra\u00e7as \u00e0 atua\u00e7\u00e3o not\u00e1vel [&hellip;]<\/p>\n","protected":false},"author":6557,"featured_media":150501,"comment_status":"closed","ping_status":"closed","sticky":false,"template":"","format":"standard","meta":{"footnotes":""},"categories":[15,26],"tags":[433,2763],"class_list":{"0":"post-150499","1":"post","2":"type-post","3":"status-publish","4":"format-standard","5":"has-post-thumbnail","7":"category-destaques","8":"category-esportes","9":"tag-vasco","10":"tag-vasco-na-final"},"_links":{"self":[{"href":"https:\/\/senoticias.com.br\/se\/wp-json\/wp\/v2\/posts\/150499"}],"collection":[{"href":"https:\/\/senoticias.com.br\/se\/wp-json\/wp\/v2\/posts"}],"about":[{"href":"https:\/\/senoticias.com.br\/se\/wp-json\/wp\/v2\/types\/post"}],"author":[{"embeddable":true,"href":"https:\/\/senoticias.com.br\/se\/wp-json\/wp\/v2\/users\/6557"}],"replies":[{"embeddable":true,"href":"https:\/\/senoticias.com.br\/se\/wp-json\/wp\/v2\/comments?post=150499"}],"version-history":[{"count":0,"href":"https:\/\/senoticias.com.br\/se\/wp-json\/wp\/v2\/posts\/150499\/revisions"}],"wp:featuredmedia":[{"embeddable":true,"href":"https:\/\/senoticias.com.br\/se\/wp-json\/wp\/v2\/media\/150501"}],"wp:attachment":[{"href":"https:\/\/senoticias.com.br\/se\/wp-json\/wp\/v2\/media?parent=150499"}],"wp:term":[{"taxonomy":"category","embeddable":true,"href":"https:\/\/senoticias.com.br\/se\/wp-json\/wp\/v2\/categories?post=150499"},{"taxonomy":"post_tag","embeddable":true,"href":"https:\/\/senoticias.com.br\/se\/wp-json\/wp\/v2\/tags?post=150499"}],"curies":[{"name":"wp","href":"https:\/\/api.w.org\/{rel}","templated":true}]}}