{"id":150478,"date":"2025-12-12T12:29:11","date_gmt":"2025-12-12T15:29:11","guid":{"rendered":"https:\/\/senoticias.com.br\/se\/?p=150478"},"modified":"2025-12-12T12:43:11","modified_gmt":"2025-12-12T15:43:11","slug":"tribunal-de-justica-atende-pedido-de-sao-cristovao-e-suspende-decisao-que-anulava-licitacao-do-transporte-publico-da-grande-aracaju","status":"publish","type":"post","link":"https:\/\/senoticias.com.br\/se\/tribunal-de-justica-atende-pedido-de-sao-cristovao-e-suspende-decisao-que-anulava-licitacao-do-transporte-publico-da-grande-aracaju\/","title":{"rendered":"Tribunal de Justi\u00e7a atende pedido de S\u00e3o Crist\u00f3v\u00e3o e suspende decis\u00e3o que anulava licita\u00e7\u00e3o do Transporte P\u00fablico da Regi\u00e3o Metropolitana de Aracaju."},"content":{"rendered":"<p>Na manh\u00e3 desta <strong>sexta-feira, 12, a desembargadora Iolanda Santos Guimar\u00e3es<\/strong>, presidente do Tribunal de Justi\u00e7a de Sergipe, suspendeu a decis\u00e3o da ju\u00edza da 18\u00aa Vara de Aracaju, Christina Machado de Sales, que, no in\u00edcio deste m\u00eas, havia determinado a anula\u00e7\u00e3o da licita\u00e7\u00e3o do transporte p\u00fablico da Regi\u00e3o Metropolitana de Aracaju.<\/p>\n<div id=\"attachment_150479\" style=\"width: 570px\" class=\"wp-caption aligncenter\"><a href=\"https:\/\/senoticias.com.br\/se\/wp-content\/uploads\/2025\/12\/Onibus-Novos.jpg\"><img loading=\"lazy\" decoding=\"async\" aria-describedby=\"caption-attachment-150479\" class=\"size-full wp-image-150479\" src=\"https:\/\/senoticias.com.br\/se\/wp-content\/uploads\/2025\/12\/Onibus-Novos.jpg\" alt=\"\" width=\"560\" height=\"492\" srcset=\"https:\/\/senoticias.com.br\/se\/wp-content\/uploads\/2025\/12\/Onibus-Novos.jpg 560w, https:\/\/senoticias.com.br\/se\/wp-content\/uploads\/2025\/12\/Onibus-Novos-300x264.jpg 300w\" sizes=\"(max-width: 560px) 100vw, 560px\" \/><\/a><p id=\"caption-attachment-150479\" class=\"wp-caption-text\">Tribunal de Justi\u00e7a atende pedido de S\u00e3o Crist\u00f3v\u00e3o e suspende decis\u00e3o que anulava licita\u00e7\u00e3o do Transporte P\u00fablico da Grande Aracaju &#8211; Foto: arquivo\/SE Not\u00edcias<\/p><\/div>\n<p>Confira um trecho da decis\u00e3o da desembargadora Iolanda Guimar\u00e3es:<\/p>\n<p>\u201cDa an\u00e1lise dos autos, verifico, de logo, que h\u00e1 raz\u00e3o para o deferimento do pedido. Explico.<br \/>\nO cumprimento imediato da decis\u00e3o impugnada imp\u00f5e ao ente p\u00fablico obriga\u00e7\u00f5es que demandam disp\u00eandios financeiros expressivos, n\u00e3o previstos no or\u00e7amento, o que, por certo, compromete a execu\u00e7\u00e3o de pol\u00edticas p\u00fablicas essenciais.<\/p>\n<p>Soma-se a isso o risco concreto de responsabiliza\u00e7\u00e3o do Munic\u00edpio por indeniza\u00e7\u00f5es \u00e0s empresas contratadas, quanto aos investimentos j\u00e1 realizados para a execu\u00e7\u00e3o do objeto contratado.<\/p>\n<p>Digo risco concreto, porque as empresas Transporte Sergipe I Ltda. e Atalaia Transportes Ltda. j\u00e1 interpuseram recurso de apela\u00e7\u00e3o e, dentre os argumentos trazidos por ambas, est\u00e1 o questionamento quanto aos investimentos \u2013 de grande monta \u2013 j\u00e1 realizados.<\/p>\n<p>Tal cen\u00e1rio evidencia grave les\u00e3o \u00e0 economia p\u00fablica, pois al\u00e9m do custo direto para cumprimento da decis\u00e3o, h\u00e1 potencial preju\u00edzo decorrente da paralisa\u00e7\u00e3o de contratos e da necessidade de ressarcimento \u00e0s contratadas, afetando o equil\u00edbrio fiscal e a continuidade de servi\u00e7os essenciais.<br \/>\nRepito que as quest\u00f5es de m\u00e9rito n\u00e3o devem e n\u00e3o ser\u00e3o analisadas no presente incidente, devendo elas ser discutidas nos processos de origem e nos recursos ordin\u00e1rios.<\/p>\n<p>Contudo, insisto que visualizo a presen\u00e7a dos requisitos exigidos para a concess\u00e3o da Suspens\u00e3o pleiteada, ante a les\u00e3o \u00e0 economia p\u00fablica do Munic\u00edpio Requerente.<\/p>\n<p>Por outro lado, observo que j\u00e1 houve a interposi\u00e7\u00e3o de recursos de apela\u00e7\u00e3o pelas empresas Transporte Sergipe I Ltda. e Atalaia Transportes Ltda. e, ao menos nesta \u00faltima, houve pedido de atribui\u00e7\u00e3o de efeito suspensivo ao recurso.<\/p>\n<p>Nessa esteira, embora visualize a necessidade de suspender os efeitos da senten\u00e7a pelos fundamentos j\u00e1 expostos, entendo mais prudente limitar tal suspens\u00e3o at\u00e9 a decis\u00e3o do Relator dos recursos quanto \u00e0 atribui\u00e7\u00e3o do efeito suspensivo aos apelos ou, caso assim n\u00e3o ocorra, at\u00e9 o julgamento dos recursos.<\/p>\n<p>E assim o fa\u00e7o porque, embora n\u00e3o ignore a natureza pol\u00edtica do pedido ora examinado, tal como j\u00e1 registrado, o relator \u00e9 quem ter\u00e1 a dimens\u00e3o real das repercuss\u00f5es dos efeitos da senten\u00e7a, inclusive porque lhe \u00e9 aberta a cogni\u00e7\u00e3o sobre todo o conte\u00fado dos autos origin\u00e1rios.<\/p>\n<p>Ante o exposto, por vislumbrar a presen\u00e7a dos requisitos autorizadores de sua concess\u00e3o, DEFIRO EM PARTE O PEDIDO DE SUSPENS\u00c3O DE EXECU\u00c7\u00c3O da senten\u00e7a proferida nos autos da A\u00e7\u00e3o Civil P\u00fablica n\u00ba 202411801621, por entender presentes os requisitos previstos no artigo 4\u00ba da Lei n\u00ba 8.437\/92, limitando os efeitos dessa decis\u00e3o at\u00e9 o exame, pelo Relator, do pedido de atribui\u00e7\u00e3o de efeito suspensivo aos recursos interpostos ou, caso n\u00e3o haja tal delibera\u00e7\u00e3o, at\u00e9 o julgamento dos recursos ordin\u00e1rios (apela\u00e7\u00e3o, embargos de declara\u00e7\u00e3o, agravo interno).\u201d<\/p>\n<p><strong><em>Acompanhe tamb\u00e9m o SE Not\u00edcias no\u00a0<a href=\"https:\/\/twitter.com\/Senoticias\" target=\"_blank\" rel=\"noreferrer noopener\">Twitter<\/a>,\u00a0<a href=\"https:\/\/www.facebook.com\/senoticias1\" target=\"_blank\" rel=\"noreferrer noopener\">Facebook<\/a>\u00a0e no\u00a0<a href=\"https:\/\/www.instagram.com\/senoticias\/\" target=\"_blank\" rel=\"noreferrer noopener\">Instagram<\/a><\/em><\/strong><\/p>\n<p><strong>Reda\u00e7\u00e3o SE Not\u00edcias<\/strong><\/p>\n","protected":false},"excerpt":{"rendered":"<p>Na manh\u00e3 desta sexta-feira, 12, a desembargadora Iolanda Santos Guimar\u00e3es, presidente do Tribunal de Justi\u00e7a de Sergipe, suspendeu a decis\u00e3o da ju\u00edza da 18\u00aa Vara de Aracaju, Christina Machado de Sales, que, no in\u00edcio deste m\u00eas, havia determinado a anula\u00e7\u00e3o da licita\u00e7\u00e3o do transporte p\u00fablico da Regi\u00e3o Metropolitana de Aracaju. Confira um trecho da decis\u00e3o [&hellip;]<\/p>\n","protected":false},"author":6557,"featured_media":150479,"comment_status":"closed","ping_status":"closed","sticky":false,"template":"","format":"standard","meta":{"footnotes":""},"categories":[15,6],"tags":[44542,44530,36289,81],"class_list":{"0":"post-150478","1":"post","2":"type-post","3":"status-publish","4":"format-standard","5":"has-post-thumbnail","7":"category-destaques","8":"category-politica","9":"tag-consorcio-publico","10":"tag-ctm","11":"tag-licitacao-do-transporte-publico","12":"tag-prefeitura-de-sao-cristovao"},"_links":{"self":[{"href":"https:\/\/senoticias.com.br\/se\/wp-json\/wp\/v2\/posts\/150478"}],"collection":[{"href":"https:\/\/senoticias.com.br\/se\/wp-json\/wp\/v2\/posts"}],"about":[{"href":"https:\/\/senoticias.com.br\/se\/wp-json\/wp\/v2\/types\/post"}],"author":[{"embeddable":true,"href":"https:\/\/senoticias.com.br\/se\/wp-json\/wp\/v2\/users\/6557"}],"replies":[{"embeddable":true,"href":"https:\/\/senoticias.com.br\/se\/wp-json\/wp\/v2\/comments?post=150478"}],"version-history":[{"count":0,"href":"https:\/\/senoticias.com.br\/se\/wp-json\/wp\/v2\/posts\/150478\/revisions"}],"wp:featuredmedia":[{"embeddable":true,"href":"https:\/\/senoticias.com.br\/se\/wp-json\/wp\/v2\/media\/150479"}],"wp:attachment":[{"href":"https:\/\/senoticias.com.br\/se\/wp-json\/wp\/v2\/media?parent=150478"}],"wp:term":[{"taxonomy":"category","embeddable":true,"href":"https:\/\/senoticias.com.br\/se\/wp-json\/wp\/v2\/categories?post=150478"},{"taxonomy":"post_tag","embeddable":true,"href":"https:\/\/senoticias.com.br\/se\/wp-json\/wp\/v2\/tags?post=150478"}],"curies":[{"name":"wp","href":"https:\/\/api.w.org\/{rel}","templated":true}]}}