{"id":150476,"date":"2025-12-12T12:09:29","date_gmt":"2025-12-12T15:09:29","guid":{"rendered":"https:\/\/senoticias.com.br\/se\/?p=150476"},"modified":"2025-12-12T15:49:18","modified_gmt":"2025-12-12T18:49:18","slug":"governo-de-sergipe-convoca-os-primeiros-494-aprovados-no-concurso-da-saude","status":"publish","type":"post","link":"https:\/\/senoticias.com.br\/se\/governo-de-sergipe-convoca-os-primeiros-494-aprovados-no-concurso-da-saude\/","title":{"rendered":"Governo de Sergipe convoca os primeiros 494 aprovados no concurso da Sa\u00fade"},"content":{"rendered":"<p>O Governo de Sergipe anunciou, nesta sexta-feira, 12, o chamamento dos aprovados no concurso p\u00fablico da Secretaria de Estado da Sa\u00fade (SES). A convoca\u00e7\u00e3o ter\u00e1 in\u00edcio na pr\u00f3xima segunda-feira, 15, quando come\u00e7am a ser chamados os 494 profissionais selecionados nesta primeira etapa, representando mais da metade das 878 vagas ofertadas no maior concurso da sa\u00fade realizado no estado nos \u00faltimos anos. A previs\u00e3o \u00e9 de que os demais aprovados sejam chamados ao longo de 2026, conforme o planejamento pactuado pela gest\u00e3o estadual.<\/p>\n<div id=\"attachment_150477\" style=\"width: 609px\" class=\"wp-caption aligncenter\"><a href=\"https:\/\/senoticias.com.br\/se\/wp-content\/uploads\/2025\/12\/1e494bc1-dbb1-4b8b-b4de-9d3a62f50cca-e1765552127650.jpeg\"><img loading=\"lazy\" decoding=\"async\" aria-describedby=\"caption-attachment-150477\" class=\"size-full wp-image-150477\" src=\"https:\/\/senoticias.com.br\/se\/wp-content\/uploads\/2025\/12\/1e494bc1-dbb1-4b8b-b4de-9d3a62f50cca-e1765552127650.jpeg\" alt=\"\" width=\"599\" height=\"399\" \/><\/a><p id=\"caption-attachment-150477\" class=\"wp-caption-text\">A previs\u00e3o \u00e9 de que os demais aprovados sejam chamados ao longo de 2026 &#8211; Foto: Reinaldo Moura\/ASN<\/p><\/div>\n<p>A convoca\u00e7\u00e3o marca mais um passo na agenda de fortalecimento da rede p\u00fablica de sa\u00fade, especialmente ap\u00f3s a inaugura\u00e7\u00e3o do Hospital do C\u00e2ncer Governador Marcelo D\u00e9da (HCS), que amplia a oferta de servi\u00e7os e garante mais dignidade e cuidado para a popula\u00e7\u00e3o sergipana.<\/p>\n<p>O concurso, promovido pelas secretarias de Estado da Administra\u00e7\u00e3o (Sead) e da Sa\u00fade, disponibilizou vagas para 15 cargos de n\u00edveis m\u00e9dio, t\u00e9cnico e superior, incluindo enfermeiros, t\u00e9cnicos de enfermagem, m\u00e9dicos de diversas especialidades, assistentes sociais, cirurgi\u00f5es-dentistas, fisioterapeutas, psic\u00f3logos e outros. O certame tamb\u00e9m assegurou reserva de vagas para afrodescendentes e pessoas com defici\u00eancia, conforme a legisla\u00e7\u00e3o estadual.<\/p>\n<p>Durante o an\u00fancio, o governador F\u00e1bio Mitidieri destacou a import\u00e2ncia da convoca\u00e7\u00e3o para o avan\u00e7o da sa\u00fade p\u00fablica em Sergipe. &#8220;Depois da inaugura\u00e7\u00e3o do Hospital do C\u00e2ncer, esse pr\u00e9dio hist\u00f3rico que traz vida e dignidade para quem tanto precisa, seguimos investindo cada vez mais. E agora chegou a vez do concurso da sa\u00fade, que muita gente vinha cobrando e perguntando quando come\u00e7aria o chamamento. Est\u00e1 aqui: 494 pessoas aprovadas passam a ser convocadas a partir de agora. Do total de 878 vagas, estamos chamando quase 500 profissionais neste primeiro momento. \u00c9 uma grande not\u00edcia para quem fez o concurso e para nossa popula\u00e7\u00e3o. Sejam muito bem-vindos. Venham nos ajudar a fazer uma sa\u00fade cada vez melhor. Promessa feita, promessa cumprida&#8221;, ressaltou.<\/p>\n<p>O secret\u00e1rio de Estado da Sa\u00fade, Cl\u00e1udio Mitidieri, refor\u00e7ou o compromisso da gest\u00e3o com a valoriza\u00e7\u00e3o dos profissionais e o fortalecimento das equipes. &#8220;\u00c9 um momento muito aguardado pelos aprovados no concurso. Estamos iniciando o chamamento de mais da metade das vagas previstas, cumprindo mais uma vez a palavra dada. A expectativa \u00e9 concluir as 878 nomea\u00e7\u00f5es ao longo do pr\u00f3ximo ano e avan\u00e7ar, inclusive, nas discuss\u00f5es sobre o cadastro de reserva&#8221;, afirmou.<\/p>\n<p>A medida refor\u00e7a a pol\u00edtica de expans\u00e3o e qualifica\u00e7\u00e3o da assist\u00eancia em todas as regi\u00f5es do estado, permitindo amplia\u00e7\u00e3o das equipes, melhoria do atendimento e maior capacidade de resposta da rede p\u00fablica de sa\u00fade.<\/p>\n<p><strong><em>Acompanhe tamb\u00e9m o SE Not\u00edcias no\u00a0<a href=\"https:\/\/twitter.com\/Senoticias\" target=\"_blank\" rel=\"noreferrer noopener\">Twitter<\/a>,\u00a0<a href=\"https:\/\/www.facebook.com\/senoticias1\" target=\"_blank\" rel=\"noreferrer noopener\">Facebook<\/a>\u00a0e no\u00a0<a href=\"https:\/\/www.instagram.com\/senoticias\/\" target=\"_blank\" rel=\"noreferrer noopener\">Instagram<\/a><br \/>\n<\/em><\/strong><br \/>\nFonte: Ag\u00eancia Sergipe de Not\u00edcias<\/p>\n<div class=\"post-tags\"><\/div>\n","protected":false},"excerpt":{"rendered":"<p>O Governo de Sergipe anunciou, nesta sexta-feira, 12, o chamamento dos aprovados no concurso p\u00fablico da Secretaria de Estado da Sa\u00fade (SES). A convoca\u00e7\u00e3o ter\u00e1 in\u00edcio na pr\u00f3xima segunda-feira, 15, quando come\u00e7am a ser chamados os 494 profissionais selecionados nesta primeira etapa, representando mais da metade das 878 vagas ofertadas no maior concurso da sa\u00fade [&hellip;]<\/p>\n","protected":false},"author":6557,"featured_media":0,"comment_status":"closed","ping_status":"closed","sticky":false,"template":"","format":"standard","meta":{"footnotes":""},"categories":[15,6],"tags":[43526,37862,448],"class_list":{"0":"post-150476","1":"post","2":"type-post","3":"status-publish","4":"format-standard","6":"category-destaques","7":"category-politica","8":"tag-concurso-de-saude","9":"tag-governador-fabio-mitidieri","10":"tag-governo-de-sergipe"},"_links":{"self":[{"href":"https:\/\/senoticias.com.br\/se\/wp-json\/wp\/v2\/posts\/150476"}],"collection":[{"href":"https:\/\/senoticias.com.br\/se\/wp-json\/wp\/v2\/posts"}],"about":[{"href":"https:\/\/senoticias.com.br\/se\/wp-json\/wp\/v2\/types\/post"}],"author":[{"embeddable":true,"href":"https:\/\/senoticias.com.br\/se\/wp-json\/wp\/v2\/users\/6557"}],"replies":[{"embeddable":true,"href":"https:\/\/senoticias.com.br\/se\/wp-json\/wp\/v2\/comments?post=150476"}],"version-history":[{"count":0,"href":"https:\/\/senoticias.com.br\/se\/wp-json\/wp\/v2\/posts\/150476\/revisions"}],"wp:attachment":[{"href":"https:\/\/senoticias.com.br\/se\/wp-json\/wp\/v2\/media?parent=150476"}],"wp:term":[{"taxonomy":"category","embeddable":true,"href":"https:\/\/senoticias.com.br\/se\/wp-json\/wp\/v2\/categories?post=150476"},{"taxonomy":"post_tag","embeddable":true,"href":"https:\/\/senoticias.com.br\/se\/wp-json\/wp\/v2\/tags?post=150476"}],"curies":[{"name":"wp","href":"https:\/\/api.w.org\/{rel}","templated":true}]}}