{"id":150473,"date":"2025-12-12T12:03:02","date_gmt":"2025-12-12T15:03:02","guid":{"rendered":"https:\/\/senoticias.com.br\/se\/?p=150473"},"modified":"2025-12-12T15:52:14","modified_gmt":"2025-12-12T18:52:14","slug":"governador-fabio-mitidieri-transmite-cargo-ao-vice-governador-zezinho-sobral","status":"publish","type":"post","link":"https:\/\/senoticias.com.br\/se\/governador-fabio-mitidieri-transmite-cargo-ao-vice-governador-zezinho-sobral\/","title":{"rendered":"Governador F\u00e1bio Mitidieri transmite cargo ao vice-governador Zezinho Sobral"},"content":{"rendered":"<p>O governador F\u00e1bio Mitidieri transmitiu oficialmente o cargo ao vice-governador Zezinho Sobral no per\u00edodo de 12 a 23 de dezembro, durante o qual estar\u00e1 ausente do estado para cumprir agenda familiar previamente programada.<\/p>\n<div id=\"attachment_150475\" style=\"width: 610px\" class=\"wp-caption aligncenter\"><a href=\"https:\/\/senoticias.com.br\/se\/wp-content\/uploads\/2025\/12\/d538c644-308b-40e7-a96c-cbdea090841b-e1765565415685.jpeg\"><img loading=\"lazy\" decoding=\"async\" aria-describedby=\"caption-attachment-150475\" class=\"size-full wp-image-150475\" src=\"https:\/\/senoticias.com.br\/se\/wp-content\/uploads\/2025\/12\/d538c644-308b-40e7-a96c-cbdea090841b-e1765565415685.jpeg\" alt=\"\" width=\"600\" height=\"400\" \/><\/a><p id=\"caption-attachment-150475\" class=\"wp-caption-text\">At\u00e9 o dia 23 Zezinho Sobral assumir\u00e1 todas as atribui\u00e7\u00f5es constitucionais do Executivo estadual, mantendo o ritmo de trabalho &#8211; Foto: ascom\/ASN<\/p><\/div>\n<p>A transmiss\u00e3o tempor\u00e1ria assegura a continuidade administrativa e refor\u00e7a a harmonia institucional da gest\u00e3o. Nesse per\u00edodo, o vice-governador Zezinho Sobral assumir\u00e1 todas as atribui\u00e7\u00f5es constitucionais do Executivo estadual, mantendo o ritmo de trabalho, acompanhando projetos em andamento e garantindo a presta\u00e7\u00e3o dos servi\u00e7os p\u00fablicos sem interrup\u00e7\u00f5es.<\/p>\n<p><strong><em>Acompanhe tamb\u00e9m o SE Not\u00edcias no\u00a0<a href=\"https:\/\/twitter.com\/Senoticias\" target=\"_blank\" rel=\"noreferrer noopener\">Twitter<\/a>,\u00a0<a href=\"https:\/\/www.facebook.com\/senoticias1\" target=\"_blank\" rel=\"noreferrer noopener\">Facebook<\/a>\u00a0e no\u00a0<a href=\"https:\/\/www.instagram.com\/senoticias\/\" target=\"_blank\" rel=\"noreferrer noopener\">Instagram<\/a><br \/>\n<\/em><\/strong><br \/>\nFonte: Ag\u00eancia Sergipe de Not\u00edcias<\/p>\n<div class=\"post-tags\"><\/div>\n","protected":false},"excerpt":{"rendered":"<p>O governador F\u00e1bio Mitidieri transmitiu oficialmente o cargo ao vice-governador Zezinho Sobral no per\u00edodo de 12 a 23 de dezembro, durante o qual estar\u00e1 ausente do estado para cumprir agenda familiar previamente programada. A transmiss\u00e3o tempor\u00e1ria assegura a continuidade administrativa e refor\u00e7a a harmonia institucional da gest\u00e3o. Nesse per\u00edodo, o vice-governador Zezinho Sobral assumir\u00e1 todas [&hellip;]<\/p>\n","protected":false},"author":6557,"featured_media":0,"comment_status":"closed","ping_status":"closed","sticky":false,"template":"","format":"standard","meta":{"footnotes":""},"categories":[15,6],"tags":[7306,3388],"class_list":{"0":"post-150473","1":"post","2":"type-post","3":"status-publish","4":"format-standard","6":"category-destaques","7":"category-politica","8":"tag-fabio-mitidieri","9":"tag-vice-governador"},"_links":{"self":[{"href":"https:\/\/senoticias.com.br\/se\/wp-json\/wp\/v2\/posts\/150473"}],"collection":[{"href":"https:\/\/senoticias.com.br\/se\/wp-json\/wp\/v2\/posts"}],"about":[{"href":"https:\/\/senoticias.com.br\/se\/wp-json\/wp\/v2\/types\/post"}],"author":[{"embeddable":true,"href":"https:\/\/senoticias.com.br\/se\/wp-json\/wp\/v2\/users\/6557"}],"replies":[{"embeddable":true,"href":"https:\/\/senoticias.com.br\/se\/wp-json\/wp\/v2\/comments?post=150473"}],"version-history":[{"count":0,"href":"https:\/\/senoticias.com.br\/se\/wp-json\/wp\/v2\/posts\/150473\/revisions"}],"wp:attachment":[{"href":"https:\/\/senoticias.com.br\/se\/wp-json\/wp\/v2\/media?parent=150473"}],"wp:term":[{"taxonomy":"category","embeddable":true,"href":"https:\/\/senoticias.com.br\/se\/wp-json\/wp\/v2\/categories?post=150473"},{"taxonomy":"post_tag","embeddable":true,"href":"https:\/\/senoticias.com.br\/se\/wp-json\/wp\/v2\/tags?post=150473"}],"curies":[{"name":"wp","href":"https:\/\/api.w.org\/{rel}","templated":true}]}}