{"id":150465,"date":"2025-12-12T07:04:00","date_gmt":"2025-12-12T10:04:00","guid":{"rendered":"https:\/\/senoticias.com.br\/se\/?p=150465"},"modified":"2025-12-12T07:08:52","modified_gmt":"2025-12-12T10:08:52","slug":"mulher-e-morta-a-facadas-em-frei-paulo-companheiro-e-preso-em-flagrante","status":"publish","type":"post","link":"https:\/\/senoticias.com.br\/se\/mulher-e-morta-a-facadas-em-frei-paulo-companheiro-e-preso-em-flagrante\/","title":{"rendered":"Mulher \u00e9 morta a facadas em Frei Paulo; companheiro \u00e9 preso em flagrante"},"content":{"rendered":"<p>Uma mulher foi morta a facadas na manh\u00e3 de quinta-feira, 11, dentro da casa onde morava, no munic\u00edpio de Frei Paulo. O principal suspeito \u00e9 o companheiro da v\u00edtima, preso em flagrante pela Pol\u00edcia Militar.<\/p>\n<p>De acordo com informa\u00e7\u00f5es da PM, a corpora\u00e7\u00e3o foi acionada ap\u00f3s a irm\u00e3 do suspeito abordar um sargento que estava de folga e relatar um movimento estranho na casa do irm\u00e3o. Ela apresentou um \u00e1udio no qual o homem afirmava ter sido ferido pela companheira.<\/p>\n<p>Ao chegar ao im\u00f3vel, os policiais foram recebidos pelo filho da v\u00edtima, um jovem com transtorno do espectro autista, que chamou pelos respons\u00e1veis, mas n\u00e3o obteve resposta. A equipe tentou contato com o casal, sem sucesso.<\/p>\n<div id=\"attachment_150466\" style=\"width: 610px\" class=\"wp-caption aligncenter\"><a href=\"https:\/\/senoticias.com.br\/se\/wp-content\/uploads\/2025\/12\/Feminicidio-SE-Noticias.jpeg\"><img loading=\"lazy\" decoding=\"async\" aria-describedby=\"caption-attachment-150466\" class=\"size-full wp-image-150466\" src=\"https:\/\/senoticias.com.br\/se\/wp-content\/uploads\/2025\/12\/Feminicidio-SE-Noticias.jpeg\" alt=\"\" width=\"600\" height=\"492\" srcset=\"https:\/\/senoticias.com.br\/se\/wp-content\/uploads\/2025\/12\/Feminicidio-SE-Noticias.jpeg 600w, https:\/\/senoticias.com.br\/se\/wp-content\/uploads\/2025\/12\/Feminicidio-SE-Noticias-300x246.jpeg 300w\" sizes=\"(max-width: 600px) 100vw, 600px\" \/><\/a><p id=\"caption-attachment-150466\" class=\"wp-caption-text\">Companheiro \u00e9 o principal suspeito do crime &#8211; Foto: redes sociais<\/p><\/div>\n<p>Ainda conforme a PM, os militares visualizaram o interior do quarto pela \u00e1rea de ventila\u00e7\u00e3o e encontraram a mulher, identificada como Maria Eliene Lima Teixeira, 50 anos, deitada na cama e sem sinais de rea\u00e7\u00e3o. O companheiro dela, William Fernando Santos Sena, estava ca\u00eddo no ch\u00e3o pedindo socorro. Diante da situa\u00e7\u00e3o, a equipe arrombou a porta.<\/p>\n<p>No local, a pol\u00edcia constatou que Maria Eliene apresentava um ferimento profundo no pesco\u00e7o. William tinha um corte superficial na mesma regi\u00e3o. Ele recebeu os primeiros atendimentos no Hospital de Frei Paulo.<\/p>\n<p>Equipes do Servi\u00e7o de Atendimento M\u00f3vel de Urg\u00eancia (Samu) de Ribeir\u00f3polis chegaram logo depois e confirmaram o \u00f3bito da v\u00edtima. A Pol\u00edcia Cient\u00edfica e o Instituto M\u00e9dico Legal (IML) foram acionados para os procedimentos periciais e de remo\u00e7\u00e3o.<\/p>\n<p><strong><em>Acompanhe tamb\u00e9m o SE Not\u00edcias no\u00a0<a href=\"https:\/\/www.instagram.com\/senoticias\/\" target=\"_blank\" rel=\"noreferrer noopener\">Instagram<\/a><\/em><\/strong>,\u00a0<strong><em>\u00a0<a href=\"https:\/\/www.facebook.com\/senoticias1\" target=\"_blank\" rel=\"noreferrer noopener\">Facebook<\/a>\u00a0e\u00a0no<\/em>\u00a0<em><a href=\"https:\/\/twitter.com\/Senoticias\">X<\/a><\/em><\/strong><\/p>\n<p>Reda\u00e7\u00e3o, com informa\u00e7\u00f5es do portal Infonet<\/p>\n","protected":false},"excerpt":{"rendered":"<p>Uma mulher foi morta a facadas na manh\u00e3 de quinta-feira, 11, dentro da casa onde morava, no munic\u00edpio de Frei Paulo. O principal suspeito \u00e9 o companheiro da v\u00edtima, preso em flagrante pela Pol\u00edcia Militar. De acordo com informa\u00e7\u00f5es da PM, a corpora\u00e7\u00e3o foi acionada ap\u00f3s a irm\u00e3 do suspeito abordar um sargento que estava [&hellip;]<\/p>\n","protected":false},"author":6557,"featured_media":150466,"comment_status":"closed","ping_status":"closed","sticky":false,"template":"","format":"standard","meta":{"footnotes":""},"categories":[15,7],"tags":[],"class_list":{"0":"post-150465","1":"post","2":"type-post","3":"status-publish","4":"format-standard","5":"has-post-thumbnail","7":"category-destaques","8":"category-policia"},"_links":{"self":[{"href":"https:\/\/senoticias.com.br\/se\/wp-json\/wp\/v2\/posts\/150465"}],"collection":[{"href":"https:\/\/senoticias.com.br\/se\/wp-json\/wp\/v2\/posts"}],"about":[{"href":"https:\/\/senoticias.com.br\/se\/wp-json\/wp\/v2\/types\/post"}],"author":[{"embeddable":true,"href":"https:\/\/senoticias.com.br\/se\/wp-json\/wp\/v2\/users\/6557"}],"replies":[{"embeddable":true,"href":"https:\/\/senoticias.com.br\/se\/wp-json\/wp\/v2\/comments?post=150465"}],"version-history":[{"count":0,"href":"https:\/\/senoticias.com.br\/se\/wp-json\/wp\/v2\/posts\/150465\/revisions"}],"wp:featuredmedia":[{"embeddable":true,"href":"https:\/\/senoticias.com.br\/se\/wp-json\/wp\/v2\/media\/150466"}],"wp:attachment":[{"href":"https:\/\/senoticias.com.br\/se\/wp-json\/wp\/v2\/media?parent=150465"}],"wp:term":[{"taxonomy":"category","embeddable":true,"href":"https:\/\/senoticias.com.br\/se\/wp-json\/wp\/v2\/categories?post=150465"},{"taxonomy":"post_tag","embeddable":true,"href":"https:\/\/senoticias.com.br\/se\/wp-json\/wp\/v2\/tags?post=150465"}],"curies":[{"name":"wp","href":"https:\/\/api.w.org\/{rel}","templated":true}]}}