{"id":150463,"date":"2025-12-12T06:08:56","date_gmt":"2025-12-12T09:08:56","guid":{"rendered":"https:\/\/senoticias.com.br\/se\/?p=150463"},"modified":"2025-12-12T06:20:42","modified_gmt":"2025-12-12T09:20:42","slug":"ministro-alexandre-de-moraes-anula-decisao-da-camara-e-determina-perda-do-mandato-de-zambelli","status":"publish","type":"post","link":"https:\/\/senoticias.com.br\/se\/ministro-alexandre-de-moraes-anula-decisao-da-camara-e-determina-perda-do-mandato-de-zambelli\/","title":{"rendered":"Ministro Alexandre de Moraes anula decis\u00e3o da C\u00e2mara e determina perda do mandato de Zambelli"},"content":{"rendered":"<p>O ministro Alexandre de Moraes, do Supremo Tribunal Federal (STF), anulou a decis\u00e3o da C\u00e2mara dos Deputados que rejeitou a cassa\u00e7\u00e3o da deputada Carla Zambelli. Dessa forma, nesta quinta-feira, 11, Moraes determinou a perda do mandato de Zambelli e\u00a0d\u00e1 48 horas para que o suplente da deputada tome posse na Casa.<\/p>\n<p>&#8220;A delibera\u00e7\u00e3o da C\u00e2mara dos Deputados, que rejeitou a perda do mandato parlamentar de CARLA ZAMBELLI SALGADO DE OLIVEIRA, ocorreu em clara viola\u00e7\u00e3o \u00e0 artigo 55, III e VI, da Constitui\u00e7\u00e3o Federal (&#8220;Art. 55. Perder\u00e1 o mandato o Deputado ou Senador:; VI &#8211; que sofrer condena\u00e7\u00e3o criminal em senten\u00e7a transitada em julgado&#8221;), pois a sentenciada CARLA ZAMBELLI SALGADO DE OLIVEIRA foi condenada por este SUPREMO TRIBUNAL FEDERAL, e transitado em julgado em 7\/6\/2025 conforme certid\u00e3o elaborada pela Secretaria Judici\u00e1ria desta SUPREMA CORTE&#8221;, disse Moraes na decis\u00e3o.<\/p>\n<div id=\"attachment_146249\" style=\"width: 565px\" class=\"wp-caption aligncenter\"><a href=\"https:\/\/senoticias.com.br\/se\/wp-content\/uploads\/2025\/01\/Deputada-Carla-Zambelli-SE-Noticias.jpg\"><img loading=\"lazy\" decoding=\"async\" aria-describedby=\"caption-attachment-146249\" class=\"size-full wp-image-146249\" src=\"https:\/\/senoticias.com.br\/se\/wp-content\/uploads\/2025\/01\/Deputada-Carla-Zambelli-SE-Noticias.jpg\" alt=\"\" width=\"555\" height=\"320\" srcset=\"https:\/\/senoticias.com.br\/se\/wp-content\/uploads\/2025\/01\/Deputada-Carla-Zambelli-SE-Noticias.jpg 555w, https:\/\/senoticias.com.br\/se\/wp-content\/uploads\/2025\/01\/Deputada-Carla-Zambelli-SE-Noticias-300x173.jpg 300w\" sizes=\"(max-width: 555px) 100vw, 555px\" \/><\/a><p id=\"caption-attachment-146249\" class=\"wp-caption-text\">Carla Zambelli foi condenada pelo STF por invas\u00e3o ao sistema do CNJ &#8211; Foto: Felipe Rau\/Estad\u00e3o \/ Estad\u00e3o<\/p><\/div>\n<p>A C\u00e2mara havia rejeitado a cassa\u00e7\u00e3o de Zambelli em vota\u00e7\u00e3o no plen\u00e1rio durante a madrugada desta quinta. Foram 227 votos pela cassa\u00e7\u00e3o, 170 votos contr\u00e1rios e dez absten\u00e7\u00f5es. Como eram necess\u00e1rios ao menos 257 votos para que ela perdesse o mandato, teoricamente, a cassa\u00e7\u00e3o foi rejeitada. E tudo isso aconteceu ap\u00f3s a\u00a0Comiss\u00e3o de Constitui\u00e7\u00e3o e Justi\u00e7a (CCJ) da Casa ter aprovado a cassa\u00e7\u00e3o no dia anterior &#8212; em alinhamento com decis\u00e3o do Supremo.<\/p>\n<p>Carla Zambelli foi presa em julho deste ano, na It\u00e1lia, enquanto estava foragida. Ela foi condenada a dez anos de pris\u00e3o e perda do seu mandato por envolvimento na invas\u00e3o hacker\u00a0ao sistema do Conselho Nacional de Justi\u00e7a (CNJ).<\/p>\n<p><strong><em>Acompanhe tamb\u00e9m o SE Not\u00edcias no\u00a0<a href=\"https:\/\/www.instagram.com\/senoticias\/\" target=\"_blank\" rel=\"noreferrer noopener\">Instagram<\/a><\/em><\/strong>,\u00a0<strong><em>\u00a0<a href=\"https:\/\/www.facebook.com\/senoticias1\" target=\"_blank\" rel=\"noreferrer noopener\">Facebook<\/a>\u00a0e\u00a0no<\/em>\u00a0<em><a href=\"https:\/\/twitter.com\/Senoticias\">X<\/a><\/em><\/strong><\/p>\n<p>Fonte: Portal Terra<\/p>\n","protected":false},"excerpt":{"rendered":"<p>O ministro Alexandre de Moraes, do Supremo Tribunal Federal (STF), anulou a decis\u00e3o da C\u00e2mara dos Deputados que rejeitou a cassa\u00e7\u00e3o da deputada Carla Zambelli. Dessa forma, nesta quinta-feira, 11, Moraes determinou a perda do mandato de Zambelli e\u00a0d\u00e1 48 horas para que o suplente da deputada tome posse na Casa. &#8220;A delibera\u00e7\u00e3o da C\u00e2mara [&hellip;]<\/p>\n","protected":false},"author":6557,"featured_media":146249,"comment_status":"closed","ping_status":"closed","sticky":false,"template":"","format":"standard","meta":{"footnotes":""},"categories":[15,2961],"tags":[43113,44541,11863,836],"class_list":{"0":"post-150463","1":"post","2":"type-post","3":"status-publish","4":"format-standard","5":"has-post-thumbnail","7":"category-destaques","8":"category-nacional","9":"tag-carla-zambelli","10":"tag-ex-deputada-carla-zambelli","11":"tag-ministro-alexandre-de-moraes","12":"tag-stf"},"_links":{"self":[{"href":"https:\/\/senoticias.com.br\/se\/wp-json\/wp\/v2\/posts\/150463"}],"collection":[{"href":"https:\/\/senoticias.com.br\/se\/wp-json\/wp\/v2\/posts"}],"about":[{"href":"https:\/\/senoticias.com.br\/se\/wp-json\/wp\/v2\/types\/post"}],"author":[{"embeddable":true,"href":"https:\/\/senoticias.com.br\/se\/wp-json\/wp\/v2\/users\/6557"}],"replies":[{"embeddable":true,"href":"https:\/\/senoticias.com.br\/se\/wp-json\/wp\/v2\/comments?post=150463"}],"version-history":[{"count":0,"href":"https:\/\/senoticias.com.br\/se\/wp-json\/wp\/v2\/posts\/150463\/revisions"}],"wp:featuredmedia":[{"embeddable":true,"href":"https:\/\/senoticias.com.br\/se\/wp-json\/wp\/v2\/media\/146249"}],"wp:attachment":[{"href":"https:\/\/senoticias.com.br\/se\/wp-json\/wp\/v2\/media?parent=150463"}],"wp:term":[{"taxonomy":"category","embeddable":true,"href":"https:\/\/senoticias.com.br\/se\/wp-json\/wp\/v2\/categories?post=150463"},{"taxonomy":"post_tag","embeddable":true,"href":"https:\/\/senoticias.com.br\/se\/wp-json\/wp\/v2\/tags?post=150463"}],"curies":[{"name":"wp","href":"https:\/\/api.w.org\/{rel}","templated":true}]}}