{"id":150457,"date":"2025-12-11T15:08:46","date_gmt":"2025-12-11T18:08:46","guid":{"rendered":"https:\/\/senoticias.com.br\/se\/?p=150457"},"modified":"2025-12-11T15:10:26","modified_gmt":"2025-12-11T18:10:26","slug":"quando-a-boa-politica-se-une-a-obra-nasce-diz-fabio-mitidieri-ao-inaugurar-hospital-do-cancer-governador-marcelo-deda","status":"publish","type":"post","link":"https:\/\/senoticias.com.br\/se\/quando-a-boa-politica-se-une-a-obra-nasce-diz-fabio-mitidieri-ao-inaugurar-hospital-do-cancer-governador-marcelo-deda\/","title":{"rendered":"&#8220;Quando a boa pol\u00edtica se une, a obra nasce&#8221;, diz F\u00e1bio Mitidieri ao inaugurar Hospital do C\u00e2ncer Governador Marcelo D\u00e9da"},"content":{"rendered":"<p>O Governo de Sergipe inaugurou, nesta quarta-feira, 10, o Hospital do C\u00e2ncer de Sergipe Governador Marcelo D\u00e9da (HCS), localizado no bairro Capucho, em Aracaju. A unidade se torna o maior investimento da hist\u00f3ria da sa\u00fade p\u00fablica estadual voltado ao tratamento oncol\u00f3gico, com recursos que ultrapassam R$ 170 milh\u00f5es. Quando a atual gest\u00e3o assumiu o governo, em dezembro de 2022, apenas 9% da obra haviam sido executados.<\/p>\n<p>A inaugura\u00e7\u00e3o marca um avan\u00e7o para o fortalecimento da Rede de Aten\u00e7\u00e3o Oncol\u00f3gica, ampliando a capacidade de atendimento para diagn\u00f3stico, tratamento, reabilita\u00e7\u00e3o e cuidados paliativos, e concretizando um compromisso hist\u00f3rico com a popula\u00e7\u00e3o sergipana.<\/p>\n<p>O governador F\u00e1bio Mitidieri agradeceu a cada um que estava presente na inaugura\u00e7\u00e3o e destacou a import\u00e2ncia do hospital para Sergipe. &#8220;Hoje \u00e9 um dia de gl\u00f3ria, e l\u00e1 de cima D\u00e9da est\u00e1 aben\u00e7oando todos n\u00f3s. O que a gente faz em vida ecoa pela eternidade, e aqui a gente est\u00e1 ecoando pela eternidade a mem\u00f3ria de Marcelo D\u00e9da Chagas. Estamos falando de 10 milh\u00f5es de reais, al\u00e9m do apoio para manter um hospital de 230 leitos e 170 milh\u00f5es de reais de investimento. Esse hospital \u00e9 um sonho de um povo; D\u00e9da sonhou, muita gente ajudou a realizar: Jackson Barreto, Belivaldo, Amorim, a bancada federal. Quando chegamos, ele tinha 9%, e em tr\u00eas anos entregamos 100% conclu\u00eddo. Esse hospital representa dignidade, amor ao pr\u00f3ximo, e mostra que quando a boa pol\u00edtica se une, a obra nasce&#8221;, enfatizou.<\/p>\n<p>O governador tamb\u00e9m ressaltou que ao longo do processo de constru\u00e7\u00e3o, v\u00e1rias emendas foram passadas para o Hospital. \u201cNingu\u00e9m faz nada s\u00f3. Sergipe tem avan\u00e7ado muito porque contamos com o apoio da Assembleia Legislativa e da nossa bancada federal. O maior programa na \u00e1rea da sa\u00fade do nosso governo \u00e9 o Opera Sergipe, e n\u00f3s contamos com cada um dos parlamentares que destinaram 60 milh\u00f5es de reais de investimento para ampliar o programa. Quero agradecer ao senador Amorim, que encabe\u00e7ou a destina\u00e7\u00e3o de recursos, ao governador Jackson Barreto, que lan\u00e7ou a pedra fundamental, e ao governador Belivaldo, que destravou a obra na Justi\u00e7a. A soma do esfor\u00e7o de cada um, parlamentares, gestores, servidores, permitiu que essa obra hist\u00f3rica se tornasse realidade depois de 39 anos sem a constru\u00e7\u00e3o de um hospital desse porte em Sergipe&#8221;, refor\u00e7ou.<\/p>\n<p>O irm\u00e3o do homenageado Marcelo D\u00e9da e desembargador aposentado, Cl\u00e1udio D\u00e9da, destacou que ver o hospital ser inaugurado \u00e9 emocionante para a fam\u00edlia. \u201cVer o Hospital do C\u00e2ncer receber o nome de Marcelo D\u00e9da \u00e9 uma emo\u00e7\u00e3o imensa para toda a fam\u00edlia. Ele lutou muito para que essa obra fosse conclu\u00edda e sempre dizia que as pessoas iriam se lembrar do que ele fez. Infelizmente, n\u00e3o p\u00f4de ver a entrega, mas tenho certeza de que, onde estiver, est\u00e1 feliz com este momento. \u00c9 uma honra saber que o legado dele continua vivo e servindo \u00e0 popula\u00e7\u00e3o sergipana\u201d, afirmou.<\/p>\n<p>Secret\u00e1ria Nacional de Renda e Cidadania e vi\u00fava de Marcelo D\u00e9da, Eliane Aquino agradeceu pela entrega do hospital. &#8220;Lembro com clareza do dia em que a ordem de servi\u00e7o foi assinada e do quanto esse hospital nasceu da experi\u00eancia dele, da dor que ele viveu e compreendeu. Que este n\u00e3o seja apenas um hospital do c\u00e2ncer, mas um espa\u00e7o contra o c\u00e2ncer, um espa\u00e7o de vida, sa\u00fade e esperan\u00e7a&#8221;, destacou.<\/p>\n<p>Na ocasi\u00e3o, foram feitos an\u00fancios importantes do Minist\u00e9rio da Sa\u00fade (MS), como pagamentos de bolsas para os m\u00e9dicos residentes; apoio a a\u00e7\u00f5es da \u00e1rea de recursos humanos; e cess\u00e3o para o hospital de um aparelho de resson\u00e2ncia magn\u00e9tica e um aparelho de tomografia que ser\u00e3o viabilizados por meio do Programa de Acelera\u00e7\u00e3o do Crescimento (PAC) Sa\u00fade.<\/p>\n<p>Em representa\u00e7\u00e3o ao ministro da Sa\u00fade, Alexandre Padilha, o secret\u00e1rio de Aten\u00e7\u00e3o Especializada, Mozart Sales, reafirmou o compromisso do Minist\u00e9rio da Sa\u00fade com o funcionamento do HCS. &#8220;O Governo Federal ser\u00e1 parceiro do Estado de Sergipe em todas as etapas, garantindo, por exemplo, o custeio integral das bolsas de resid\u00eancia m\u00e9dica e multiprofissional que forem abertas aqui. A \u00e1rea da oncologia \u00e9 estrat\u00e9gica, e este hospital representa um avan\u00e7o enorme. J\u00e1 repassamos R$ 58 milh\u00f5es desde o in\u00edcio da obra, e agora anunciamos a transfer\u00eancia de um aparelho de resson\u00e2ncia magn\u00e9tica e um tom\u00f3grafo, por meio do PAC Sa\u00fade, para fortalecer a estrutura desta unidade\u201d, enfatizou.<\/p>\n<p>Segundo o secret\u00e1rio, o Poder Executivo federal ir\u00e1 garantir recursos para contribuir com a opera\u00e7\u00e3o plena e cont\u00ednua do hospital. \u201cCom a amplia\u00e7\u00e3o do atendimento oncol\u00f3gico, que ser\u00e1 tr\u00eas vezes maior do que o atualmente realizado no Hospital de Urg\u00eancia de Sergipe Governador Jo\u00e3o Alves Filho, haver\u00e1 necessidade de mais recursos de custeio. O Minist\u00e9rio j\u00e1 est\u00e1 alinhado com o governador F\u00e1bio Mitidieri e com a Secretaria de Estado da Sa\u00fade para assumir a diferen\u00e7a necess\u00e1ria, garantindo que este hospital funcione em sua m\u00e1xima capacidade&#8221;, refor\u00e7ou.<\/p>\n<p><strong>Funcionamento do Hospital<\/strong><\/p>\n<p>O funcionamento ser\u00e1 realizado por fases. A etapa inaugurada nesta quarta-feira d\u00e1 in\u00edcio aos servi\u00e7os de quimioterapia, ampliando de 24 para 60 os pontos de infus\u00e3o adulto, um crescimento de 150% em rela\u00e7\u00e3o \u00e0 capacidade atual do Hospital de Urg\u00eancias de Sergipe Governador Jo\u00e3o Alves Filho (Huse). No total, ser\u00e3o 75 pontos de quimioterapia, incluindo pedi\u00e1tricos e leito de isolamento.<\/p>\n<p>A partir de janeiro, entram em opera\u00e7\u00e3o o atendimento ambulatorial e o setor de imagens. As demais etapas seguir\u00e3o o cronograma da Parceria P\u00fablico-Privada (PPP). O Huse realiza, mensalmente, cerca de 720 atendimentos em quimioterapia e aproximadamente 1.070 atendimentos ambulatoriais. Com a nova unidade, a expectativa \u00e9 ampliar a oferta e reduzir o tempo de espera.<\/p>\n<p>A secret\u00e1ria de Estado da Assist\u00eancia Social, Inclus\u00e3o e Cidadania, \u00c9rica Mitidieri, refor\u00e7ou que a inaugura\u00e7\u00e3o \u00e9 um momento de grande alegria. &#8220;Este hospital foi muito esperado, especialmente por quem vive o dia a dia do Huse e conhece de perto a realidade dos pacientes oncol\u00f3gicos. Tenho certeza de que Marcelo D\u00e9da est\u00e1 feliz ao ver este equipamento finalmente inaugurado. Trata-se de uma estrutura de enorme pot\u00eancia, capaz de transformar vidas e salvar muitas pessoas&#8221;, afirmou.<\/p>\n<p><strong>Estrutura<\/strong><\/p>\n<p>O HCS conta com 230 leitos, distribu\u00eddos em: 135 leitos de interna\u00e7\u00e3o, entre 10 leitos de UTI adulto, 10 leitos de UTI pedi\u00e1trico, 13 leitos de isolamento, 102 leitos de enfermaria, 20 leitos no pronto atendimento e 75 leitos dedicados \u00e0 quimioterapia. A estrutura permitir\u00e1 acolher pacientes de todas as regi\u00f5es de Sergipe, abrangendo oncologia cl\u00ednica (incluindo hematologia e cuidados paliativos), oncologia cir\u00fargica e oncologia pedi\u00e1trica.<\/p>\n<p>O secret\u00e1rio de Estado da Sa\u00fade, Cl\u00e1udio Mitidieri, destacou a import\u00e2ncia do equipamento de sa\u00fade p\u00fablica. \u201c\u00c9 um dia de grande emo\u00e7\u00e3o para todos n\u00f3s. A inaugura\u00e7\u00e3o do Hospital do C\u00e2ncer representa a realiza\u00e7\u00e3o de um sonho que come\u00e7ou ainda na gest\u00e3o do governador Marcelo D\u00e9da, cuja mem\u00f3ria e legado permanecem vivos. Este hospital simboliza esperan\u00e7a, dignidade e o compromisso de Sergipe com a vida&#8221;, pontuou.<\/p>\n<p>O ex-governador de Sergipe, Jackson Barreto, enfatizou o impacto positivo da unidade para a popula\u00e7\u00e3o sergipana. \u201cA inaugura\u00e7\u00e3o deste hospital realiza um dos maiores sonhos do povo sergipano: ter uma unidade totalmente dedicada \u00e0 oncologia. Esse tamb\u00e9m era um sonho do governador Marcelo D\u00e9da, que lutou muito por essa causa. Durante o meu governo, iniciamos a obra com recursos do Proinveste e emendas parlamentares, dando os primeiros passos para que ela se tornasse realidade. Hoje, ver essa entrega conclu\u00edda gra\u00e7as ao trabalho do governador F\u00e1bio Mitidieri \u00e9 motivo de grande satisfa\u00e7\u00e3o para todos n\u00f3s&#8221;, ressaltou.<\/p>\n<p>O ex-ministro da Secretaria Geral da Presid\u00eancia, M\u00e1rcio Mac\u00eado, exaltou o papel do hospital para o tratamento oncol\u00f3gico em Sergipe. &#8220;Estou muito emocionado por ver concretizado um sonho que o governador Marcelo D\u00e9da idealizou e defendeu com tanta for\u00e7a. Este hospital representa cuidado, dignidade e esperan\u00e7a para as pessoas que enfrentam o c\u00e2ncer. A parceria entre o Governo Federal e o Governo do Estado foi fundamental para que cheg\u00e1ssemos aqui. Hoje, estamos colhendo os sorrisos de uma obra que come\u00e7ou l\u00e1 atr\u00e1s, com D\u00e9da, e que agora se torna realidade para atender a popula\u00e7\u00e3o sergipana&#8221;, afirmou.<\/p>\n<div id=\"attachment_150458\" style=\"width: 602px\" class=\"wp-caption aligncenter\"><a href=\"https:\/\/senoticias.com.br\/se\/wp-content\/uploads\/2025\/12\/slide_c4e57d51a566411652ad9dc361c50201.jpg\"><img loading=\"lazy\" decoding=\"async\" aria-describedby=\"caption-attachment-150458\" class=\"size-full wp-image-150458\" src=\"https:\/\/senoticias.com.br\/se\/wp-content\/uploads\/2025\/12\/slide_c4e57d51a566411652ad9dc361c50201.jpg\" alt=\"\" width=\"592\" height=\"326\" srcset=\"https:\/\/senoticias.com.br\/se\/wp-content\/uploads\/2025\/12\/slide_c4e57d51a566411652ad9dc361c50201.jpg 592w, https:\/\/senoticias.com.br\/se\/wp-content\/uploads\/2025\/12\/slide_c4e57d51a566411652ad9dc361c50201-300x165.jpg 300w\" sizes=\"(max-width: 592px) 100vw, 592px\" \/><\/a><p id=\"caption-attachment-150458\" class=\"wp-caption-text\"><br \/>Nova unidade amplia a Rede de Aten\u00e7\u00e3o Oncol\u00f3gica expandindo oferta de atendimento especializado &#8211; Foto: M\u00e1rio Sousa\/ASN<\/p><\/div>\n<p>A ex-vereadora por Aracaju e fundadora da institui\u00e7\u00e3o Mulheres de Peito, Sheyla Galba, celebrou a inaugura\u00e7\u00e3o do hospital. &#8220;Hoje \u00e9 um dia hist\u00f3rico para todos os pacientes com c\u00e2ncer de Sergipe. Eu, como paciente, fui diagnosticada em 2014 e tive um tratamento turbulento por falta de estrutura, medicamento, com as m\u00e1quinas que quebravam. Hoje, depois de 38 meses visitando essa obra m\u00eas a m\u00eas, ver essa entrega \u00e9 uma satisfa\u00e7\u00e3o, um sinal de esperan\u00e7a, que dias melhores vir\u00e3o. Sou muito grata ao Governo do Estado de Sergipe por tem empenhado todas as for\u00e7as para que esse hospital fosse uma realidade, \u00e0 empresa Celi porque enfrentou muita dificuldade nesse processo e hoje \u00e9 um grande dia entregando esse hospital&#8221;, enfatizou.<\/p>\n<p>O ex-senador por Sergipe Eduardo Amorim destacou a import\u00e2ncia da obra. &#8220;Essa n\u00e3o \u00e9 uma obra qualquer; \u00e9 uma obra de muitos sergipanos. N\u00f3s fomos \u00e0s ruas, colhemos assinaturas para sensibilizar autoridades em Bras\u00edlia, e naquela \u00e9poca as emendas n\u00e3o eram impositivas. Mas valeu a pena, porque quando o sonho \u00e9 coletivo, a felicidade \u00e9 maior. Sergipe agora tem a oportunidade de ser uma grande refer\u00eancia no tratamento oncol\u00f3gico. Sei que nesta constru\u00e7\u00e3o h\u00e1 um tijolinho de muitos que est\u00e3o aqui e de muitos que j\u00e1 n\u00e3o est\u00e3o. Valeu a pena, porque isso vai mudar a vida de muita gente&#8221;, celebrou.<\/p>\n<p><strong>Obra e modelo de gest\u00e3o<\/strong><\/p>\n<p>A obra foi executada pelo Cons\u00f3rcio Celi, empregando cerca de 350 trabalhadores. O hospital ocupa uma \u00e1rea total de 46.292 m\u00b2, dos quais 21.819 m\u00b2 s\u00e3o de \u00e1rea constru\u00edda. A implanta\u00e7\u00e3o foi planejada para garantir fluxo eficiente, conforto aos pacientes e seguran\u00e7a assistencial. Ap\u00f3s a finaliza\u00e7\u00e3o de todas as etapas da Parceria P\u00fablico-Privada (PPP), a unidade ter\u00e1 gest\u00e3o compartilhada, com foco em performance, tecnologias avan\u00e7adas e indicadores de qualidade.<\/p>\n<p>O presidente da Assembleia Legislativa de Sergipe (Alese), Jefferson Andrade parabenizou a todos que contribu\u00edram para construir o hospital. &#8220;\u00c9 uma obra important\u00edssima, sem que n\u00f3s tenhamos conhecimento de algo dessa magnitude no nosso Estado. Uma obra que vai atender a uma quest\u00e3o muito sens\u00edvel \u00e0 popula\u00e7\u00e3o mundial, que \u00e9 o c\u00e2ncer. A gente espera que o atendimento seja o melhor poss\u00edvel e que Sergipe viva uma nova era com esse hospital inaugurado&#8221;, afirmou.<\/p>\n<p><strong>Integra\u00e7\u00e3o<\/strong><\/p>\n<p>O Hospital do C\u00e2ncer ir\u00e1 refor\u00e7ar e reorganizar a Rede Estadual de Aten\u00e7\u00e3o Oncol\u00f3gica, hoje composta pelas tr\u00eas Unacons habilitadas: Hospital de Urg\u00eancias de Sergipe (Huse), Hospital de Cirurgia e Hospital Universit\u00e1rio (HU-UFS).<\/p>\n<p>Al\u00e9m disso, continuar\u00e1 integrado aos servi\u00e7os j\u00e1 existentes, como:<br \/>\nCentro de Aten\u00e7\u00e3o Integral \u00e0 Sa\u00fade da Mulher (Caism), Centro de Acolhimento e Diagn\u00f3stico por Imagem (Cadi), Centro Especializado de Reabilita\u00e7\u00e3o (CER IV), Unidades M\u00f3veis da Mulher e do Homem, Centros de Especialidades Odontol\u00f3gicas (CEOs), Centro de Aten\u00e7\u00e3o \u00e0 Sa\u00fade de Sergipe (Case), entre outros equipamentos estrat\u00e9gicos de diagn\u00f3stico precoce.<\/p>\n<p>O Hospital do C\u00e2ncer Governador Marcelo D\u00e9da nasce como refer\u00eancia e como s\u00edmbolo do compromisso do Estado com o cuidado especializado, humanizado e de alta complexidade. A nova estrutura representa mais acesso, mais seguran\u00e7a e mais esperan\u00e7a para milhares de sergipanos que dependem do SUS para o enfrentamento ao c\u00e2ncer.<\/p>\n<p><strong><em>Acompanhe tamb\u00e9m o SE Not\u00edcias no\u00a0<a href=\"https:\/\/www.instagram.com\/senoticias\/\" target=\"_blank\" rel=\"noreferrer noopener\">Instagram<\/a><\/em><\/strong>,\u00a0<strong><em>\u00a0<a href=\"https:\/\/www.facebook.com\/senoticias1\" target=\"_blank\" rel=\"noreferrer noopener\">Facebook<\/a>\u00a0e\u00a0no<\/em>\u00a0<em><a href=\"https:\/\/twitter.com\/Senoticias\">X<\/a><\/em><\/strong><\/p>\n<p>Ag\u00eancia Sergipe de Not\u00edcias<\/p>\n<p>&nbsp;<\/p>\n<p>&nbsp;<\/p>\n","protected":false},"excerpt":{"rendered":"<p>O Governo de Sergipe inaugurou, nesta quarta-feira, 10, o Hospital do C\u00e2ncer de Sergipe Governador Marcelo D\u00e9da (HCS), localizado no bairro Capucho, em Aracaju. A unidade se torna o maior investimento da hist\u00f3ria da sa\u00fade p\u00fablica estadual voltado ao tratamento oncol\u00f3gico, com recursos que ultrapassam R$ 170 milh\u00f5es. Quando a atual gest\u00e3o assumiu o governo, [&hellip;]<\/p>\n","protected":false},"author":6557,"featured_media":150458,"comment_status":"closed","ping_status":"closed","sticky":false,"template":"","format":"standard","meta":{"footnotes":""},"categories":[15,6,1],"tags":[2806,7306,448,154,8291,44540],"class_list":{"0":"post-150457","1":"post","2":"type-post","3":"status-publish","4":"format-standard","5":"has-post-thumbnail","7":"category-destaques","8":"category-politica","9":"category-sem-categoria","10":"tag-belivaldo-chagas","11":"tag-fabio-mitidieri","12":"tag-governo-de-sergipe","13":"tag-hospital-do-cancer","14":"tag-marcelo-deda","15":"tag-rede-de-atencao-oncologica"},"_links":{"self":[{"href":"https:\/\/senoticias.com.br\/se\/wp-json\/wp\/v2\/posts\/150457"}],"collection":[{"href":"https:\/\/senoticias.com.br\/se\/wp-json\/wp\/v2\/posts"}],"about":[{"href":"https:\/\/senoticias.com.br\/se\/wp-json\/wp\/v2\/types\/post"}],"author":[{"embeddable":true,"href":"https:\/\/senoticias.com.br\/se\/wp-json\/wp\/v2\/users\/6557"}],"replies":[{"embeddable":true,"href":"https:\/\/senoticias.com.br\/se\/wp-json\/wp\/v2\/comments?post=150457"}],"version-history":[{"count":0,"href":"https:\/\/senoticias.com.br\/se\/wp-json\/wp\/v2\/posts\/150457\/revisions"}],"wp:featuredmedia":[{"embeddable":true,"href":"https:\/\/senoticias.com.br\/se\/wp-json\/wp\/v2\/media\/150458"}],"wp:attachment":[{"href":"https:\/\/senoticias.com.br\/se\/wp-json\/wp\/v2\/media?parent=150457"}],"wp:term":[{"taxonomy":"category","embeddable":true,"href":"https:\/\/senoticias.com.br\/se\/wp-json\/wp\/v2\/categories?post=150457"},{"taxonomy":"post_tag","embeddable":true,"href":"https:\/\/senoticias.com.br\/se\/wp-json\/wp\/v2\/tags?post=150457"}],"curies":[{"name":"wp","href":"https:\/\/api.w.org\/{rel}","templated":true}]}}