{"id":150451,"date":"2025-12-10T17:44:56","date_gmt":"2025-12-10T20:44:56","guid":{"rendered":"https:\/\/senoticias.com.br\/se\/?p=150451"},"modified":"2025-12-10T17:45:27","modified_gmt":"2025-12-10T20:45:27","slug":"caninde-de-sao-francisco-vereadores-aprovam-projeto-considerado-ilegal-enviado-pelo-prefeito-machadinho-diz-sintes","status":"publish","type":"post","link":"https:\/\/senoticias.com.br\/se\/caninde-de-sao-francisco-vereadores-aprovam-projeto-considerado-ilegal-enviado-pelo-prefeito-machadinho-diz-sintes\/","title":{"rendered":"Canind\u00e9 de S\u00e3o Francisco: vereadores aprovam projeto considerado ilegal enviado pelo prefeito Machadinho, diz Sintese"},"content":{"rendered":"<p>A noite do dia 9 de dezembro foi de revolta para professoras e professores da rede municipal de ensino de Canind\u00e9 de S\u00e3o Francisco. O prefeito Jos\u00e9 Machado Feitosa Neto, conhecido como Machadinho, fez jus ao apelido e conseguiu aprovar, na C\u00e2mara Municipal da cidade, seu projeto de lei que destr\u00f3i direitos do magist\u00e9rio da cidade.<\/p>\n<p>\u201cEste projeto foi uma armadilha que o prefeito construiu para n\u00e3o pagar o piso e acabar com direitos da categoria. Ele destruiu o tri\u00eanio, o ter\u00e7o de f\u00e9rias, a progress\u00e3o vertical e progress\u00e3o horizontal, a gratifica\u00e7\u00e3o por titula\u00e7\u00e3o, congelou todos os direitos dos professores, congelando totalmente a remunera\u00e7\u00e3o do professorado\u201d, comentou o professor Roberto Silva, presidente do SINTESE, que esteve em Canind\u00e9 e acompanhou a sess\u00e3o na C\u00e2mara da cidade junto com professoras e professores da rede.<\/p>\n<div id=\"attachment_150452\" style=\"width: 570px\" class=\"wp-caption aligncenter\"><a href=\"https:\/\/senoticias.com.br\/se\/wp-content\/uploads\/2025\/12\/Caninde-de-Sao-Francisco-SE-Noticias.jpeg\"><img loading=\"lazy\" decoding=\"async\" aria-describedby=\"caption-attachment-150452\" class=\"size-full wp-image-150452\" src=\"https:\/\/senoticias.com.br\/se\/wp-content\/uploads\/2025\/12\/Caninde-de-Sao-Francisco-SE-Noticias.jpeg\" alt=\"\" width=\"560\" height=\"420\" srcset=\"https:\/\/senoticias.com.br\/se\/wp-content\/uploads\/2025\/12\/Caninde-de-Sao-Francisco-SE-Noticias.jpeg 560w, https:\/\/senoticias.com.br\/se\/wp-content\/uploads\/2025\/12\/Caninde-de-Sao-Francisco-SE-Noticias-300x225.jpeg 300w, https:\/\/senoticias.com.br\/se\/wp-content\/uploads\/2025\/12\/Caninde-de-Sao-Francisco-SE-Noticias-45x35.jpeg 45w\" sizes=\"(max-width: 560px) 100vw, 560px\" \/><\/a><p id=\"caption-attachment-150452\" class=\"wp-caption-text\">Prefeito Machadinho, fez jus ao apelido e conseguiu aprovar seu projeto de lei que destr\u00f3i direitos do magist\u00e9rio &#8211; Foto: ascom\/Sintese<\/p><\/div>\n<p>A categoria, junto com o SINTESE, vem em luta h\u00e1 v\u00e1rios dias, desde que receberam a informa\u00e7\u00e3o da exist\u00eancia deste projeto. \u201cTentamos o di\u00e1logo com os vereadores, buscamos esclarec\u00ea-los da gravidade de tudo isso, mas eles acabaram fazendo a vontade do prefeito e votando contra o povo de Canind\u00e9\u201d, disse professor Cloverton Santos, diretor do SINTESE Subsede Regional Alto Sert\u00e3o.<\/p>\n<p>E a brutalidade contra professoras, professores e toda da sociedade de Canind\u00e9 n\u00e3o ficou apenas dentro do plen\u00e1rio com a aprova\u00e7\u00e3o do projeto. Professoras e professores foram achincalhados pelo prefeito Machadinho, seus assessores e parlamentares.<\/p>\n<p>\u201cO que se seguiu \u00e0 vota\u00e7\u00e3o foi quase uma batalha campal. O prefeito Machadinho saiu fazendo chacota de trabalhadoras e trabalhadores; um de seus assessores arrancou o microfone das m\u00e3os de professor Cloverton, que falava \u00e0 categoria. Foi um verdadeiro show de horrores protagonizado pelo gestor da cidade, que deveria zelar pelos cidad\u00e3os\u201d, disse professor Roberto.<\/p>\n<p>O SINTESE vai judicializar esta causa. \u201cN\u00e3o vamos aceitar este ataque \u00e0 nossa categoria e \u00e0 educa\u00e7\u00e3o. Vamos buscar a Justi\u00e7a para reaver nossos direitos e poder garantir uma educa\u00e7\u00e3o p\u00fablica, gratuita e de qualidade. Seguiremos na luta, porque somos muitas, somos muitos, somos fortes\u201d, disse o presidente do SINTESE.<\/p>\n<p><strong><em>Acompanhe tamb\u00e9m o SE Not\u00edcias no\u00a0<a href=\"https:\/\/www.instagram.com\/senoticias\/\" target=\"_blank\" rel=\"noreferrer noopener\">Instagram<\/a><\/em><\/strong>,\u00a0<strong><em>\u00a0<a href=\"https:\/\/www.facebook.com\/senoticias1\" target=\"_blank\" rel=\"noreferrer noopener\">Facebook<\/a>\u00a0e\u00a0no<\/em>\u00a0<em><a href=\"https:\/\/twitter.com\/Senoticias\">X<\/a><\/em><\/strong><\/p>\n","protected":false},"excerpt":{"rendered":"<p>A noite do dia 9 de dezembro foi de revolta para professoras e professores da rede municipal de ensino de Canind\u00e9 de S\u00e3o Francisco. O prefeito Jos\u00e9 Machado Feitosa Neto, conhecido como Machadinho, fez jus ao apelido e conseguiu aprovar, na C\u00e2mara Municipal da cidade, seu projeto de lei que destr\u00f3i direitos do magist\u00e9rio da [&hellip;]<\/p>\n","protected":false},"author":6557,"featured_media":150452,"comment_status":"closed","ping_status":"closed","sticky":false,"template":"","format":"standard","meta":{"footnotes":""},"categories":[15,6],"tags":[],"class_list":{"0":"post-150451","1":"post","2":"type-post","3":"status-publish","4":"format-standard","5":"has-post-thumbnail","7":"category-destaques","8":"category-politica"},"_links":{"self":[{"href":"https:\/\/senoticias.com.br\/se\/wp-json\/wp\/v2\/posts\/150451"}],"collection":[{"href":"https:\/\/senoticias.com.br\/se\/wp-json\/wp\/v2\/posts"}],"about":[{"href":"https:\/\/senoticias.com.br\/se\/wp-json\/wp\/v2\/types\/post"}],"author":[{"embeddable":true,"href":"https:\/\/senoticias.com.br\/se\/wp-json\/wp\/v2\/users\/6557"}],"replies":[{"embeddable":true,"href":"https:\/\/senoticias.com.br\/se\/wp-json\/wp\/v2\/comments?post=150451"}],"version-history":[{"count":0,"href":"https:\/\/senoticias.com.br\/se\/wp-json\/wp\/v2\/posts\/150451\/revisions"}],"wp:featuredmedia":[{"embeddable":true,"href":"https:\/\/senoticias.com.br\/se\/wp-json\/wp\/v2\/media\/150452"}],"wp:attachment":[{"href":"https:\/\/senoticias.com.br\/se\/wp-json\/wp\/v2\/media?parent=150451"}],"wp:term":[{"taxonomy":"category","embeddable":true,"href":"https:\/\/senoticias.com.br\/se\/wp-json\/wp\/v2\/categories?post=150451"},{"taxonomy":"post_tag","embeddable":true,"href":"https:\/\/senoticias.com.br\/se\/wp-json\/wp\/v2\/tags?post=150451"}],"curies":[{"name":"wp","href":"https:\/\/api.w.org\/{rel}","templated":true}]}}