{"id":150448,"date":"2025-12-10T10:56:37","date_gmt":"2025-12-10T13:56:37","guid":{"rendered":"https:\/\/senoticias.com.br\/se\/?p=150448"},"modified":"2025-12-10T10:56:37","modified_gmt":"2025-12-10T13:56:37","slug":"a-magia-do-natal-chega-a-aracaju-com-a-caravana-da-solar-coca-cola","status":"publish","type":"post","link":"https:\/\/senoticias.com.br\/se\/a-magia-do-natal-chega-a-aracaju-com-a-caravana-da-solar-coca-cola\/","title":{"rendered":"A magia do Natal chega \u00e0 Aracaju com a Caravana da Solar Coca-Cola"},"content":{"rendered":"<p>O Natal se aproxima e, para celebrar uma das \u00e9pocas mais especiais do ano, a Caravana de Natal da Solar Coca-Cola j\u00e1 iniciou sua jornada pelo pa\u00eds. No domingo, 14 de dezembro, \u00e9 a vez de Aracaju (SE) receber a a\u00e7\u00e3o, que ilumina as ruas e envolve crian\u00e7as, jovens e adultos em momentos de alegria e encantamento.<\/p>\n<div id=\"attachment_150450\" style=\"width: 586px\" class=\"wp-caption aligncenter\"><a href=\"https:\/\/senoticias.com.br\/se\/wp-content\/uploads\/2025\/12\/04279262-2177-4389-8aa9-ca5f45cc76b1.jpeg\"><img loading=\"lazy\" decoding=\"async\" aria-describedby=\"caption-attachment-150450\" class=\"size-full wp-image-150450\" src=\"https:\/\/senoticias.com.br\/se\/wp-content\/uploads\/2025\/12\/04279262-2177-4389-8aa9-ca5f45cc76b1.jpeg\" alt=\"\" width=\"576\" height=\"385\" srcset=\"https:\/\/senoticias.com.br\/se\/wp-content\/uploads\/2025\/12\/04279262-2177-4389-8aa9-ca5f45cc76b1.jpeg 576w, https:\/\/senoticias.com.br\/se\/wp-content\/uploads\/2025\/12\/04279262-2177-4389-8aa9-ca5f45cc76b1-300x201.jpeg 300w, https:\/\/senoticias.com.br\/se\/wp-content\/uploads\/2025\/12\/04279262-2177-4389-8aa9-ca5f45cc76b1-90x60.jpeg 90w, https:\/\/senoticias.com.br\/se\/wp-content\/uploads\/2025\/12\/04279262-2177-4389-8aa9-ca5f45cc76b1-180x120.jpeg 180w, https:\/\/senoticias.com.br\/se\/wp-content\/uploads\/2025\/12\/04279262-2177-4389-8aa9-ca5f45cc76b1-95x64.jpeg 95w\" sizes=\"(max-width: 576px) 100vw, 576px\" \/><\/a><p id=\"caption-attachment-150450\" class=\"wp-caption-text\">Os caminh\u00f5es iluminados com Papai Noel e Mam\u00e3e Noel visitam a cidade no dia 14 de dezembro &#8211; Foto: ascom\/Coca-Cola<\/p><\/div>\n<p>O desfile, com Papai Noel e Mam\u00e3e Noel como protagonistas, integra a campanha de Natal da Solar Coca-Cola, que traz o tema \u201cPegue uma Coca-Cola e Viva o Natal\u201d. Quatro caminh\u00f5es iluminados seguir\u00e3o o trajeto da Caravana, passando por pontos estrat\u00e9gicos da capital, garantindo que toda a comunidade pr\u00f3xima tenha a oportunidade de acompanhar a passagem da Caravana.<\/p>\n<p>\u201cO Natal \u00e9 um momento especial para a Solar Coca-Cola, n\u00e3o apenas pelo impacto nos neg\u00f3cios, mas pelo poder de conex\u00e3o que a data representa. As Caravanas Iluminadas traduzem esse esp\u00edrito de proximidade e celebra\u00e7\u00e3o, levando encanto, alegria e experi\u00eancias marcantes \u00e0s comunidades por onde passam. Tradicionalmente, o engajamento do p\u00fablico com a Caravana refor\u00e7a a conex\u00e3o emocional que impulsiona o consumo durante a temporada. Este \u00e9 um reflexo do quanto essa iniciativa vai al\u00e9m de resultados, fortalecendo v\u00ednculos e renovando o relacionamento da marca com as pessoas\u201d, diz Patr\u00edcia \u00c1vila, gerente de Marketing de Refrigerantes da Solar Coca-Cola.<\/p>\n<p>No Nordeste, os caminh\u00f5es iluminados que transportam o Papai Noel e a Mam\u00e3e Noel percorrer\u00e3o os nove estados, passando por quase 30 cidades com apresenta\u00e7\u00f5es em capitais, munic\u00edpios do interior e regi\u00f5es metropolitanas. Ao longo de tr\u00eas meses de estrada e centenas de quil\u00f4metros a serem percorridos, a Caravana promete levar luz, alegria e a magia do Natal a comunidades de toda a regi\u00e3o, transformando ruas e pra\u00e7as em momentos de celebra\u00e7\u00e3o para fam\u00edlias de todas as idades.<\/p>\n<p>A Caravana parte \u00e0s 17h, com trajeto em velocidade reduzida e paradas estrat\u00e9gicas. O tempo total do percurso pode variar de acordo com o tr\u00e2nsito e as condi\u00e7\u00f5es locais.<\/p>\n","protected":false},"excerpt":{"rendered":"<p>O Natal se aproxima e, para celebrar uma das \u00e9pocas mais especiais do ano, a Caravana de Natal da Solar Coca-Cola j\u00e1 iniciou sua jornada pelo pa\u00eds. No domingo, 14 de dezembro, \u00e9 a vez de Aracaju (SE) receber a a\u00e7\u00e3o, que ilumina as ruas e envolve crian\u00e7as, jovens e adultos em momentos de alegria [&hellip;]<\/p>\n","protected":false},"author":6557,"featured_media":0,"comment_status":"closed","ping_status":"closed","sticky":false,"template":"","format":"standard","meta":{"footnotes":""},"categories":[15],"tags":[44539,6956],"class_list":{"0":"post-150448","1":"post","2":"type-post","3":"status-publish","4":"format-standard","6":"category-destaques","7":"tag-caravana-coca-cola","8":"tag-natal"},"_links":{"self":[{"href":"https:\/\/senoticias.com.br\/se\/wp-json\/wp\/v2\/posts\/150448"}],"collection":[{"href":"https:\/\/senoticias.com.br\/se\/wp-json\/wp\/v2\/posts"}],"about":[{"href":"https:\/\/senoticias.com.br\/se\/wp-json\/wp\/v2\/types\/post"}],"author":[{"embeddable":true,"href":"https:\/\/senoticias.com.br\/se\/wp-json\/wp\/v2\/users\/6557"}],"replies":[{"embeddable":true,"href":"https:\/\/senoticias.com.br\/se\/wp-json\/wp\/v2\/comments?post=150448"}],"version-history":[{"count":0,"href":"https:\/\/senoticias.com.br\/se\/wp-json\/wp\/v2\/posts\/150448\/revisions"}],"wp:attachment":[{"href":"https:\/\/senoticias.com.br\/se\/wp-json\/wp\/v2\/media?parent=150448"}],"wp:term":[{"taxonomy":"category","embeddable":true,"href":"https:\/\/senoticias.com.br\/se\/wp-json\/wp\/v2\/categories?post=150448"},{"taxonomy":"post_tag","embeddable":true,"href":"https:\/\/senoticias.com.br\/se\/wp-json\/wp\/v2\/tags?post=150448"}],"curies":[{"name":"wp","href":"https:\/\/api.w.org\/{rel}","templated":true}]}}