{"id":150443,"date":"2025-12-10T06:58:00","date_gmt":"2025-12-10T09:58:00","guid":{"rendered":"https:\/\/senoticias.com.br\/se\/?p=150443"},"modified":"2025-12-10T07:22:40","modified_gmt":"2025-12-10T10:22:40","slug":"vereador-agride-presidente-da-camara-de-tomar-do-geru","status":"publish","type":"post","link":"https:\/\/senoticias.com.br\/se\/vereador-agride-presidente-da-camara-de-tomar-do-geru\/","title":{"rendered":"Vereador agride presidente da C\u00e2mara de Tomar do Geru; assista"},"content":{"rendered":"<p>Na sess\u00e3o da C\u00e2mara de Vereadores de Tomar do Geru, distante 130 km de Aracaju, na noite desta ter\u00e7a-feira, 9, o vereador Reinaldo Celso Nascimento da Silva, do PSD (Reinaldo de Celso), usou a tribuna para afirmar que o Projeto 032 n\u00e3o foi votado por incompet\u00eancia do presidente da C\u00e2mara, Jackson dos Santos Nascimento, do PSD (Dark). Este, que estava sentado na Mesa Diretora, rebateu dizendo que o vereador n\u00e3o seja irrespons\u00e1vel. Nesse momento, Reinaldo foi at\u00e9 o presidente e acabou desferindo empurr\u00f5es contra ele e tamb\u00e9m recebeu empurr\u00f5es.<\/p>\n<p>Nesse momento, Reinaldo foi at\u00e9 o presidente e acabou desferindo empurr\u00f5es contra ele. Quando tudo parecia resolvido, o presidente retornou ao plen\u00e1rio com o filho no bra\u00e7o e foi amplamente agredido verbalmente pelo vereador Reinaldo de Celso.<\/p>\n<div id=\"attachment_150444\" style=\"width: 600px\" class=\"wp-caption aligncenter\"><a href=\"https:\/\/senoticias.com.br\/se\/wp-content\/uploads\/2025\/12\/Agressoes-SE-Noticias.jpeg\"><img loading=\"lazy\" decoding=\"async\" aria-describedby=\"caption-attachment-150444\" class=\"size-full wp-image-150444\" src=\"https:\/\/senoticias.com.br\/se\/wp-content\/uploads\/2025\/12\/Agressoes-SE-Noticias.jpeg\" alt=\"\" width=\"590\" height=\"630\" srcset=\"https:\/\/senoticias.com.br\/se\/wp-content\/uploads\/2025\/12\/Agressoes-SE-Noticias.jpeg 590w, https:\/\/senoticias.com.br\/se\/wp-content\/uploads\/2025\/12\/Agressoes-SE-Noticias-281x300.jpeg 281w\" sizes=\"(max-width: 590px) 100vw, 590px\" \/><\/a><p id=\"caption-attachment-150444\" class=\"wp-caption-text\">Vereadores se agridem em sess\u00e3o e causam tumulto &#8211; Foto: reprodu\u00e7\u00e3o\/SE Not\u00edcias<\/p><\/div>\n<p>Em nota enviada \u00e0 reda\u00e7\u00e3o do <em><strong>Portal SE Not\u00edcias<\/strong><\/em>, o presidente Dark relatou como se sentiu durante a agress\u00e3o:<\/p>\n<p>&#8220;Ap\u00f3s o vereador Reinaldo de Celso proferir palavras de baixo cal\u00e3o contra a minha pessoa, foi por mim repreendido. Ele, ent\u00e3o, deixou a tribuna, partiu para cima de mim e me agrediu verbal e fisicamente. J\u00e1 fui ao hospital por causa de um trauma decorrente da agress\u00e3o f\u00edsica. Hoje irei, no primeiro hor\u00e1rio, registrar o boletim de ocorr\u00eancia.&#8221;<\/p>\n<p>&#8220;Desde a elei\u00e7\u00e3o da C\u00e2mara, que resultou na minha escolha como presidente, existe um inconformismo por parte da base da gest\u00e3o \u2014 da qual o vereador Reinaldo faz parte. Nunca aceitaram bem o resultado. Desde ent\u00e3o, t\u00eam ocorrido tentativas constantes de denegrir minha imagem, com falas que visam me diminuir. Isso se repete desde o dia 1\u00ba de janeiro.&#8221;<\/p>\n<p>&#8220;N\u00e3o sei se um dos motivos para a tens\u00e3o recente foi o v\u00eddeo que publiquei nas minhas redes sociais, mas nele apenas mostrei que o projeto sequer poderia ter ido \u00e0 vota\u00e7\u00e3o, j\u00e1 que nem os pareceres das comiss\u00f5es estavam prontos \u2014 inclusive o da comiss\u00e3o da qual o pr\u00f3prio vereador Reinaldo \u00e9 relator. N\u00e3o sei se isso contribuiu para ele ter perdido o controle, mas os fatos est\u00e3o a\u00ed&#8221;, finalizou o presidente Dark.<\/p>\n<p><iframe loading=\"lazy\" title=\"Vereadores se agridem em sess\u00e3o e causam tumulto\" width=\"422\" height=\"750\" src=\"https:\/\/www.youtube.com\/embed\/MVgEtN6biSg?feature=oembed\" frameborder=\"0\" allow=\"accelerometer; autoplay; clipboard-write; encrypted-media; gyroscope; picture-in-picture; web-share\" referrerpolicy=\"strict-origin-when-cross-origin\" allowfullscreen><\/iframe><\/p>\n<p>Procurado pela reda\u00e7\u00e3o do <em><strong>Portal SE Not\u00edcias<\/strong><\/em>, o vereador <strong>Celso de Reinaldo disse<\/strong>:<\/p>\n<p>&#8220;Queria informar a voc\u00eas que eu n\u00e3o tenho nada contra o presidente da C\u00e2mara. Simplesmente fui cobrar um direito nosso \u2014 direito do povo \u2014 de ter seus projetos votados. Porque o projeto do PPA n\u00e3o vai para vota\u00e7\u00e3o? Tanto ele quanto outros projetos\u2026 tem quatro, cinco projetos na Casa que precisam subir. Em tr\u00eas sess\u00f5es anteriores, a gente ficou at\u00e9 uma hora da manh\u00e3. O presidente se comprometeu a colocar o projeto em vota\u00e7\u00e3o, e n\u00e3o colocou. Virou as costas e saiu ironicamente, tentando fazer um jogo, como se aquilo fosse uma brincadeira. Eu gostaria de dizer a ele, se estiver me assistindo: reflita sobre suas atitudes e respeite o regimento daquela Casa.&#8221;<\/p>\n<p><strong><em>Acompanhe tamb\u00e9m o SE Not\u00edcias no\u00a0<a href=\"https:\/\/www.instagram.com\/senoticias\/\" target=\"_blank\" rel=\"noreferrer noopener\">Instagram<\/a><\/em><\/strong>,\u00a0<strong><em>\u00a0<a href=\"https:\/\/www.facebook.com\/senoticias1\" target=\"_blank\" rel=\"noreferrer noopener\">Facebook<\/a>\u00a0e\u00a0no<\/em>\u00a0<em><a href=\"https:\/\/twitter.com\/Senoticias\">X<\/a><\/em><\/strong><\/p>\n<p><strong>Reda\u00e7\u00e3o SE Not\u00edcias<\/strong><\/p>\n","protected":false},"excerpt":{"rendered":"<p>Na sess\u00e3o da C\u00e2mara de Vereadores de Tomar do Geru, distante 130 km de Aracaju, na noite desta ter\u00e7a-feira, 9, o vereador Reinaldo Celso Nascimento da Silva, do PSD (Reinaldo de Celso), usou a tribuna para afirmar que o Projeto 032 n\u00e3o foi votado por incompet\u00eancia do presidente da C\u00e2mara, Jackson dos Santos Nascimento, do [&hellip;]<\/p>\n","protected":false},"author":6557,"featured_media":150444,"comment_status":"closed","ping_status":"closed","sticky":false,"template":"","format":"standard","meta":{"footnotes":""},"categories":[15,38],"tags":[10748,44538],"class_list":{"0":"post-150443","1":"post","2":"type-post","3":"status-publish","4":"format-standard","5":"has-post-thumbnail","7":"category-destaques","8":"category-municipios","9":"tag-tomar-do-geru","10":"tag-vereadores-de-tomar-do-geru"},"_links":{"self":[{"href":"https:\/\/senoticias.com.br\/se\/wp-json\/wp\/v2\/posts\/150443"}],"collection":[{"href":"https:\/\/senoticias.com.br\/se\/wp-json\/wp\/v2\/posts"}],"about":[{"href":"https:\/\/senoticias.com.br\/se\/wp-json\/wp\/v2\/types\/post"}],"author":[{"embeddable":true,"href":"https:\/\/senoticias.com.br\/se\/wp-json\/wp\/v2\/users\/6557"}],"replies":[{"embeddable":true,"href":"https:\/\/senoticias.com.br\/se\/wp-json\/wp\/v2\/comments?post=150443"}],"version-history":[{"count":0,"href":"https:\/\/senoticias.com.br\/se\/wp-json\/wp\/v2\/posts\/150443\/revisions"}],"wp:featuredmedia":[{"embeddable":true,"href":"https:\/\/senoticias.com.br\/se\/wp-json\/wp\/v2\/media\/150444"}],"wp:attachment":[{"href":"https:\/\/senoticias.com.br\/se\/wp-json\/wp\/v2\/media?parent=150443"}],"wp:term":[{"taxonomy":"category","embeddable":true,"href":"https:\/\/senoticias.com.br\/se\/wp-json\/wp\/v2\/categories?post=150443"},{"taxonomy":"post_tag","embeddable":true,"href":"https:\/\/senoticias.com.br\/se\/wp-json\/wp\/v2\/tags?post=150443"}],"curies":[{"name":"wp","href":"https:\/\/api.w.org\/{rel}","templated":true}]}}