{"id":150438,"date":"2025-12-09T19:57:55","date_gmt":"2025-12-09T22:57:55","guid":{"rendered":"https:\/\/senoticias.com.br\/se\/?p=150438"},"modified":"2025-12-09T19:57:55","modified_gmt":"2025-12-09T22:57:55","slug":"prefeitura-de-sao-cristovao-amplia-atendimento-com-novo-servico-de-pediatria-nos-centros-de-especialidades-do-municipio","status":"publish","type":"post","link":"https:\/\/senoticias.com.br\/se\/prefeitura-de-sao-cristovao-amplia-atendimento-com-novo-servico-de-pediatria-nos-centros-de-especialidades-do-municipio\/","title":{"rendered":"PREFEITURA DE S\u00c3O CRIST\u00d3V\u00c3O AMPLIA ATENDIMENTO COM NOVO SERVI\u00c7O DE PEDIATRIA NOS CENTROS DE ESPECIALIDADES DO MUNIC\u00cdPIO"},"content":{"rendered":"<p class=\"mb-5 sm:mb-3\">A Prefeitura de S\u00e3o Crist\u00f3v\u00e3o, por interm\u00e9dio da Secretaria Municipal de Sa\u00fade (SMS), implantou nessa segunda-feira (08) um novo servi\u00e7o especializado em Pediatria nos dois\u00a0 Centros de Especialidades do munic\u00edpio. A iniciativa tem a finalidade de atender uma alta demanda por consultas infantojuvenis e expandir o acesso das fam\u00edlias em cuidados preventivos e diagn\u00f3sticos de forma r\u00e1pida, fortalecendo a rede de cuidado \u00e0s crian\u00e7as e assist\u00eancia \u00e0s fam\u00edlias.<\/p>\n<div id=\"attachment_150439\" style=\"width: 609px\" class=\"wp-caption aligncenter\"><a href=\"https:\/\/senoticias.com.br\/se\/wp-content\/uploads\/2025\/12\/IMG_6338-e1765321053735.jpeg\"><img loading=\"lazy\" decoding=\"async\" aria-describedby=\"caption-attachment-150439\" class=\"size-full wp-image-150439\" src=\"https:\/\/senoticias.com.br\/se\/wp-content\/uploads\/2025\/12\/IMG_6338-e1765321053735.jpeg\" alt=\"\" width=\"599\" height=\"399\" \/><\/a><p id=\"caption-attachment-150439\" class=\"wp-caption-text\">Foto: dani santos<\/p><\/div>\n<p class=\"mb-5 sm:mb-3\">O servi\u00e7o representa um avan\u00e7o significativo para o munic\u00edpio. De acordo com a coordenadora de Aten\u00e7\u00e3o Especializada em Sa\u00fade, Luana de Santana, foram contratadas duas m\u00e9dicas com a estrat\u00e9gia de ampliar o atendimento especializado, garantir resolutividade e fortalecer a linha de cuidado infantojuvenil, oferecendo acompanhamento, diagn\u00f3stico e tratamento de forma qualificada. \u201cA implanta\u00e7\u00e3o j\u00e1 estava no planejamento do munic\u00edpio, porque sabemos da demanda identificada nas pr\u00f3prias unidades b\u00e1sicas: o quantitativo de crian\u00e7as e adolescentes atendidos em S\u00e3o Crist\u00f3v\u00e3o \u00e9 alto. A partir dessa realidade, elaboramos o planejamento e criamos o servi\u00e7o, alinhado ao fortalecimento da rede de aten\u00e7\u00e3o \u00e0 sa\u00fade e \u00e0 amplia\u00e7\u00e3o dos servi\u00e7os especializados.\u201dO servi\u00e7o funciona nos dois Centros de Especialidades, no Raimundo Arag\u00e3o (Centro Hist\u00f3rico) e Lurdes Vieira (Eduardo Gomes), com atendimentos \u00e0s segundas-feiras e ter\u00e7a-feiras, respectivamente, das 07h \u00e0s 17h. A m\u00e9dica pediatra, \u00c1quila Alves, \u00e9 a especialista respons\u00e1vel pelos atendimentos na regi\u00e3o do Centro Hist\u00f3rico da cidade, e celebrou seu retorno \u00e0 rede na rede. \u201cAcredito que a popula\u00e7\u00e3o s\u00f3 tem a ganhar. J\u00e1 atendi casos que realmente precisavam de pediatra, porque \u00e0s vezes, mesmo que o cl\u00ednico tenha compet\u00eancia, existem situa\u00e7\u00f5es muito espec\u00edficas que apenas o especialista consegue observar.\u201d<\/p>\n<p class=\"mb-5 sm:mb-3\">A m\u00e9dica ainda observa que o papel da pediatria est\u00e1 na preven\u00e7\u00e3o. \u201cA gente n\u00e3o quer atender crian\u00e7a doente, queremos evitar que ela adoe\u00e7a, a pediatria \u00e9 isso. Quando a crian\u00e7a faz acompanhamento desde os primeiros meses, conseguimos trabalhar melhor a medicina preventiva e reduzir a necessidade de procurar um servi\u00e7o de urg\u00eancia\u201d, esclareceu.<\/p>\n<div class=\"relative mt-0 mb-5 sm:mt-4 sm:mb-3\">\n<div class=\"absolute right-0 z-50 flex items-center px-2 py-1 text-center w-fit bottom-3 rounded-s bg-blue-950 bg-opacity-70\"><span class=\"flex items-center text-[11px] font-bold text-yellow-400 sm:text-[8px]\">\u00c1quila Alves, m\u00e9dica pedi\u00e1tra\u00a0<\/span><\/div>\n<\/div>\n<p class=\"mb-5 sm:mb-3\">O acesso ao servi\u00e7o ocorre por meio da Unidade B\u00e1sica de Sa\u00fade (UBS) de refer\u00eancia. Ap\u00f3s avalia\u00e7\u00e3o m\u00e9dica, caso seja identificada a necessidade, a equipe realizar\u00e1 o encaminhamento para atendimento especializado em Pediatria.<\/p>\n","protected":false},"excerpt":{"rendered":"<p>A Prefeitura de S\u00e3o Crist\u00f3v\u00e3o, por interm\u00e9dio da Secretaria Municipal de Sa\u00fade (SMS), implantou nessa segunda-feira (08) um novo servi\u00e7o especializado em Pediatria nos dois\u00a0 Centros de Especialidades do munic\u00edpio. A iniciativa tem a finalidade de atender uma alta demanda por consultas infantojuvenis e expandir o acesso das fam\u00edlias em cuidados preventivos e diagn\u00f3sticos de [&hellip;]<\/p>\n","protected":false},"author":6557,"featured_media":0,"comment_status":"closed","ping_status":"closed","sticky":false,"template":"","format":"standard","meta":{"footnotes":""},"categories":[15,38],"tags":[5262,5206,335],"class_list":{"0":"post-150438","1":"post","2":"type-post","3":"status-publish","4":"format-standard","6":"category-destaques","7":"category-municipios","8":"tag-medicos","9":"tag-pediatria","10":"tag-sao-cristovao"},"_links":{"self":[{"href":"https:\/\/senoticias.com.br\/se\/wp-json\/wp\/v2\/posts\/150438"}],"collection":[{"href":"https:\/\/senoticias.com.br\/se\/wp-json\/wp\/v2\/posts"}],"about":[{"href":"https:\/\/senoticias.com.br\/se\/wp-json\/wp\/v2\/types\/post"}],"author":[{"embeddable":true,"href":"https:\/\/senoticias.com.br\/se\/wp-json\/wp\/v2\/users\/6557"}],"replies":[{"embeddable":true,"href":"https:\/\/senoticias.com.br\/se\/wp-json\/wp\/v2\/comments?post=150438"}],"version-history":[{"count":0,"href":"https:\/\/senoticias.com.br\/se\/wp-json\/wp\/v2\/posts\/150438\/revisions"}],"wp:attachment":[{"href":"https:\/\/senoticias.com.br\/se\/wp-json\/wp\/v2\/media?parent=150438"}],"wp:term":[{"taxonomy":"category","embeddable":true,"href":"https:\/\/senoticias.com.br\/se\/wp-json\/wp\/v2\/categories?post=150438"},{"taxonomy":"post_tag","embeddable":true,"href":"https:\/\/senoticias.com.br\/se\/wp-json\/wp\/v2\/tags?post=150438"}],"curies":[{"name":"wp","href":"https:\/\/api.w.org\/{rel}","templated":true}]}}