{"id":150436,"date":"2025-12-09T19:49:27","date_gmt":"2025-12-09T22:49:27","guid":{"rendered":"https:\/\/senoticias.com.br\/se\/?p=150436"},"modified":"2025-12-09T19:49:27","modified_gmt":"2025-12-09T22:49:27","slug":"secretaria-de-estado-da-fazenda-divulga-calendario-do-ipva-para-2026","status":"publish","type":"post","link":"https:\/\/senoticias.com.br\/se\/secretaria-de-estado-da-fazenda-divulga-calendario-do-ipva-para-2026\/","title":{"rendered":"Secretaria de Estado da Fazenda divulga calend\u00e1rio do IPVA para 2026"},"content":{"rendered":"<p>Foi publicado no Di\u00e1rio Oficial de Sergipe nesta ter\u00e7a-feira, 9, o calend\u00e1rio de pagamento do Imposto sobre Propriedade de Ve\u00edculos Automotores (IPVA) referente ao ano de 2026. Os contribuintes que tiverem interesse em obter o desconto de 10%, dever\u00e3o realizar o pagamento integral do imposto at\u00e9 o dia 31 de mar\u00e7o do pr\u00f3ximo ano.<\/p>\n<div id=\"attachment_150437\" style=\"width: 609px\" class=\"wp-caption alignnone\"><a href=\"https:\/\/senoticias.com.br\/se\/wp-content\/uploads\/2025\/12\/bcca5f15-f570-4bf4-b230-e4fefcc05594-e1765320547306.jpeg\"><img loading=\"lazy\" decoding=\"async\" aria-describedby=\"caption-attachment-150437\" class=\"size-full wp-image-150437\" src=\"https:\/\/senoticias.com.br\/se\/wp-content\/uploads\/2025\/12\/bcca5f15-f570-4bf4-b230-e4fefcc05594-e1765320547306.jpeg\" alt=\"\" width=\"599\" height=\"332\" \/><\/a><p id=\"caption-attachment-150437\" class=\"wp-caption-text\">Foto: arthuro paganini<\/p><\/div>\n<p>O pagamento pode ser feito a partir de 1\u00b0 de janeiro no Banco do Estado de Sergipe (Banese), utilizando o Documento \u00danico de Arrecada\u00e7\u00e3o (DUA), emitido por meio do <a href=\"https:\/\/www.detran.se.gov.br\/#gsc.tab=0\">site do Departamento Estadual de Tr\u00e2nsito de Sergipe<\/a> (Detran\/SE), ou o Documento de Arrecada\u00e7\u00e3o Estadual (DAE), que \u00e9 disponibilizado no <a href=\"https:\/\/www.sefaz.se.gov.br\/SitePages\/default.aspx\">site da Sefaz<\/a>.<\/p>\n<p>Os contribuintes que optarem por n\u00e3o realizar a quita\u00e7\u00e3o com o desconto poder\u00e3o realizar o procedimento at\u00e9 o \u00faltimo dia \u00fatil do m\u00eas correspondente \u00e0 placa do ve\u00edculo no calend\u00e1rio. Os ve\u00edculos automotores com placas de final 1 e 2 dever\u00e3o fazer o pagamento at\u00e9 o dia 30 de abril, enquanto aqueles que possuem termina\u00e7\u00e3o 3 e 4 t\u00eam prazo at\u00e9 29 de maio.<\/p>\n<p>No decorrer do ano, o cronograma prossegue, sendo finalizado no m\u00eas de novembro, quando deve ser pago o imposto pelos donos de ve\u00edculos com placa de final 0. Os valores poder\u00e3o ser parcelados em at\u00e9 dez vezes no cart\u00e3o de cr\u00e9dito, com os devidos acr\u00e9scimos feitos pelas operadoras.<\/p>\n<p><strong>Isen\u00e7\u00f5es<\/strong><\/p>\n<p>Para os condutores que desejarem solicitar a renova\u00e7\u00e3o da isen\u00e7\u00e3o dos valores do IPVA, os pedidos podem ser realizados a partir do dia 1\u00b0 de janeiro at\u00e9 a data de vencimento do IPVA\/Licenciamento 2026, conforme o calend\u00e1rio. Por exemplo, propriet\u00e1rios de ve\u00edculos com placa de final 7 ter\u00e3o at\u00e9 o dia 31 de agosto para realizar o procedimento.<\/p>\n<p>J\u00e1 os benefici\u00e1rios do programa Rode Bem dever\u00e3o solicitar a isen\u00e7\u00e3o do imposto at\u00e9 o dia 31 de dezembro de 2025.<\/p>\n<p><strong>Valores<\/strong><\/p>\n<p>Os valores do IPVA para ve\u00edculos usados s\u00e3o calculados levando em conta uma al\u00edquota estabelecida pela Lei 7655\/2013 e o valor de mercado do ve\u00edculo, considerando a tabela elaborada pela Funda\u00e7\u00e3o Instituto de Pesquisas Econ\u00f4micas (Fipe).<\/p>\n<p>J\u00e1 para ve\u00edculos novos, a refer\u00eancia \u00e9 o valor informado na nota fiscal. Autom\u00f3veis e ve\u00edculos utilit\u00e1rios com valores abaixo de R$120 mil, possuem o IPVA correspondente a 2,5% do indicado na tabela Fipe. Aqueles com valor superior pagar\u00e3o 3%. \u00d4nibus, micro-\u00f4nibus e caminh\u00f5es t\u00eam \u00a0al\u00edquota de 1%, j\u00e1 motocicletas e similares pagam 2%.<\/p>\n<p>A tabela com os respectivos valores de refer\u00eancia ser\u00e1 disponibilizada no site da Sefaz no dia 02 de janeiro de 2026.<\/p>\n","protected":false},"excerpt":{"rendered":"<p>Foi publicado no Di\u00e1rio Oficial de Sergipe nesta ter\u00e7a-feira, 9, o calend\u00e1rio de pagamento do Imposto sobre Propriedade de Ve\u00edculos Automotores (IPVA) referente ao ano de 2026. Os contribuintes que tiverem interesse em obter o desconto de 10%, dever\u00e3o realizar o pagamento integral do imposto at\u00e9 o dia 31 de mar\u00e7o do pr\u00f3ximo ano. O [&hellip;]<\/p>\n","protected":false},"author":6557,"featured_media":0,"comment_status":"closed","ping_status":"closed","sticky":false,"template":"","format":"standard","meta":{"footnotes":""},"categories":[15],"tags":[3956,3118],"class_list":{"0":"post-150436","1":"post","2":"type-post","3":"status-publish","4":"format-standard","6":"category-destaques","7":"tag-ipva","8":"tag-sefaz"},"_links":{"self":[{"href":"https:\/\/senoticias.com.br\/se\/wp-json\/wp\/v2\/posts\/150436"}],"collection":[{"href":"https:\/\/senoticias.com.br\/se\/wp-json\/wp\/v2\/posts"}],"about":[{"href":"https:\/\/senoticias.com.br\/se\/wp-json\/wp\/v2\/types\/post"}],"author":[{"embeddable":true,"href":"https:\/\/senoticias.com.br\/se\/wp-json\/wp\/v2\/users\/6557"}],"replies":[{"embeddable":true,"href":"https:\/\/senoticias.com.br\/se\/wp-json\/wp\/v2\/comments?post=150436"}],"version-history":[{"count":0,"href":"https:\/\/senoticias.com.br\/se\/wp-json\/wp\/v2\/posts\/150436\/revisions"}],"wp:attachment":[{"href":"https:\/\/senoticias.com.br\/se\/wp-json\/wp\/v2\/media?parent=150436"}],"wp:term":[{"taxonomy":"category","embeddable":true,"href":"https:\/\/senoticias.com.br\/se\/wp-json\/wp\/v2\/categories?post=150436"},{"taxonomy":"post_tag","embeddable":true,"href":"https:\/\/senoticias.com.br\/se\/wp-json\/wp\/v2\/tags?post=150436"}],"curies":[{"name":"wp","href":"https:\/\/api.w.org\/{rel}","templated":true}]}}