{"id":150432,"date":"2025-12-09T14:52:33","date_gmt":"2025-12-09T17:52:33","guid":{"rendered":"https:\/\/senoticias.com.br\/se\/?p=150432"},"modified":"2025-12-09T14:52:33","modified_gmt":"2025-12-09T17:52:33","slug":"bebe-e-casal-sao-encontrados-mortos-em-carro-arrastado-pela-agua-durante-fortes-chuvas-em-santa-catarina","status":"publish","type":"post","link":"https:\/\/senoticias.com.br\/se\/bebe-e-casal-sao-encontrados-mortos-em-carro-arrastado-pela-agua-durante-fortes-chuvas-em-santa-catarina\/","title":{"rendered":"Beb\u00ea e casal s\u00e3o encontrados mortos em carro arrastado pela \u00e1gua durante fortes chuvas em Santa Catarina"},"content":{"rendered":"<p>A Pol\u00edcia Militar (PM) confirmou a morte de um beb\u00ea e um casal que estavam em um carro arrastado pela for\u00e7a da \u00e1gua em meio \u00e0s fortes chuvas que atingem Palho\u00e7a, uma das principais cidades da Grande Florian\u00f3polis. A instabilidade ocorre por conta da passagem de um ciclone pelo Sul do pa\u00eds.<\/p>\n<p>Um v\u00eddeo divulgado nas redes sociais mostrou o momento em que o carro avan\u00e7a em uma \u00e1rea alagada e com correnteza e logo \u00e9 levado.<\/p>\n<div id=\"attachment_150433\" style=\"width: 586px\" class=\"wp-caption aligncenter\"><a href=\"https:\/\/senoticias.com.br\/se\/wp-content\/uploads\/2025\/12\/Carro-arrastado-SE-Noticias.jpeg\"><img loading=\"lazy\" decoding=\"async\" aria-describedby=\"caption-attachment-150433\" class=\"size-full wp-image-150433\" src=\"https:\/\/senoticias.com.br\/se\/wp-content\/uploads\/2025\/12\/Carro-arrastado-SE-Noticias.jpeg\" alt=\"\" width=\"576\" height=\"324\" srcset=\"https:\/\/senoticias.com.br\/se\/wp-content\/uploads\/2025\/12\/Carro-arrastado-SE-Noticias.jpeg 576w, https:\/\/senoticias.com.br\/se\/wp-content\/uploads\/2025\/12\/Carro-arrastado-SE-Noticias-300x169.jpeg 300w\" sizes=\"(max-width: 576px) 100vw, 576px\" \/><\/a><p id=\"caption-attachment-150433\" class=\"wp-caption-text\">O local em que o carro foi encontrado \u00e9 embaixo do Contorno Vi\u00e1rio da Grande Florian\u00f3polis. \u2014 Foto: Rafaela Cardoso\/NSC TV<\/p><\/div>\n<p>Os bombeiros e a Pol\u00edcia Militar foram chamados para atender uma ocorr\u00eancia de ve\u00edculo submerso na Rua Alaor da Silveira, pr\u00f3ximo \u00e0 Estrada Geral, no bairro S\u00e3o Sebasti\u00e3o. Quando as equipes chegaram, a Land Rover estava virada com as rodas para cima, presa em uma \u00e1rea alagada pr\u00f3xima \u00e0 estrutura do contorno vi\u00e1rio.<\/p>\n<p>Ainda segundo a PM, o casal havia acabado de se mudar para o bairro.<\/p>\n<p>Segundo a Defesa Civil estadual, ao longo desta ter\u00e7a-feira (9) segue o risco de novos estragos, especialmente no Sul e litoral. As rajadas de vento ficam mais fortes, podendo atingir 70 km\/h.<\/p>\n<p>Fonte: NSC\/TV<\/p>\n","protected":false},"excerpt":{"rendered":"<p>A Pol\u00edcia Militar (PM) confirmou a morte de um beb\u00ea e um casal que estavam em um carro arrastado pela for\u00e7a da \u00e1gua em meio \u00e0s fortes chuvas que atingem Palho\u00e7a, uma das principais cidades da Grande Florian\u00f3polis. A instabilidade ocorre por conta da passagem de um ciclone pelo Sul do pa\u00eds. Um v\u00eddeo divulgado [&hellip;]<\/p>\n","protected":false},"author":6557,"featured_media":150433,"comment_status":"closed","ping_status":"closed","sticky":false,"template":"","format":"standard","meta":{"footnotes":""},"categories":[15,2961],"tags":[44536,119,17074,41568],"class_list":{"0":"post-150432","1":"post","2":"type-post","3":"status-publish","4":"format-standard","5":"has-post-thumbnail","7":"category-destaques","8":"category-nacional","9":"tag-bebe-e-casal","10":"tag-chuvas","11":"tag-santa-catarina","12":"tag-temporal"},"_links":{"self":[{"href":"https:\/\/senoticias.com.br\/se\/wp-json\/wp\/v2\/posts\/150432"}],"collection":[{"href":"https:\/\/senoticias.com.br\/se\/wp-json\/wp\/v2\/posts"}],"about":[{"href":"https:\/\/senoticias.com.br\/se\/wp-json\/wp\/v2\/types\/post"}],"author":[{"embeddable":true,"href":"https:\/\/senoticias.com.br\/se\/wp-json\/wp\/v2\/users\/6557"}],"replies":[{"embeddable":true,"href":"https:\/\/senoticias.com.br\/se\/wp-json\/wp\/v2\/comments?post=150432"}],"version-history":[{"count":0,"href":"https:\/\/senoticias.com.br\/se\/wp-json\/wp\/v2\/posts\/150432\/revisions"}],"wp:featuredmedia":[{"embeddable":true,"href":"https:\/\/senoticias.com.br\/se\/wp-json\/wp\/v2\/media\/150433"}],"wp:attachment":[{"href":"https:\/\/senoticias.com.br\/se\/wp-json\/wp\/v2\/media?parent=150432"}],"wp:term":[{"taxonomy":"category","embeddable":true,"href":"https:\/\/senoticias.com.br\/se\/wp-json\/wp\/v2\/categories?post=150432"},{"taxonomy":"post_tag","embeddable":true,"href":"https:\/\/senoticias.com.br\/se\/wp-json\/wp\/v2\/tags?post=150432"}],"curies":[{"name":"wp","href":"https:\/\/api.w.org\/{rel}","templated":true}]}}