{"id":150428,"date":"2025-12-09T12:08:29","date_gmt":"2025-12-09T15:08:29","guid":{"rendered":"https:\/\/senoticias.com.br\/se\/?p=150428"},"modified":"2025-12-09T12:54:25","modified_gmt":"2025-12-09T15:54:25","slug":"motociclista-morta-na-rodovia-dos-naufragos-sera-sepultada-as-16h-em-caninde-do-sao-francisco","status":"publish","type":"post","link":"https:\/\/senoticias.com.br\/se\/motociclista-morta-na-rodovia-dos-naufragos-sera-sepultada-as-16h-em-caninde-do-sao-francisco\/","title":{"rendered":"Motociclista morta na Rodovia dos N\u00e1ufragos ser\u00e1 sepultada \u00e0s 16h, em Canind\u00e9 do S\u00e3o Francisco"},"content":{"rendered":"<p>Uma motociclista identificada como Edjane da Silva Santos, de 23 anos, morreu ap\u00f3s um acidente de tr\u00e2nsito envolvendo uma Honda Pop 110 e uma bicicleta, por volta das <strong>19h15 desta segunda-feira (8)<\/strong>, na Rodovia dos N\u00e1ufragos (SE-050). O ciclista envolvido na ocorr\u00eancia n\u00e3o sofreu ferimentos e n\u00e3o precisou de atendimento m\u00e9dico.<\/p>\n<p>Informa\u00e7\u00f5es apuradas pela reda\u00e7\u00e3o do <em><strong>Portal SE Not\u00edcias<\/strong><\/em> apontam que Edjane deixa um filho de tr\u00eas anos. O sepultamento ser\u00e1 \u00e0s 16h, na cidade de Canind\u00e9 do S\u00e3o Francisco, distante 213 km de Aracaju.<\/p>\n<div id=\"attachment_150431\" style=\"width: 586px\" class=\"wp-caption aligncenter\"><a href=\"https:\/\/senoticias.com.br\/se\/wp-content\/uploads\/2025\/12\/Motociclista-morre-SE-Noticias.jpeg\"><img loading=\"lazy\" decoding=\"async\" aria-describedby=\"caption-attachment-150431\" class=\"size-full wp-image-150431\" src=\"https:\/\/senoticias.com.br\/se\/wp-content\/uploads\/2025\/12\/Motociclista-morre-SE-Noticias.jpeg\" alt=\"\" width=\"576\" height=\"711\" srcset=\"https:\/\/senoticias.com.br\/se\/wp-content\/uploads\/2025\/12\/Motociclista-morre-SE-Noticias.jpeg 576w, https:\/\/senoticias.com.br\/se\/wp-content\/uploads\/2025\/12\/Motociclista-morre-SE-Noticias-243x300.jpeg 243w\" sizes=\"(max-width: 576px) 100vw, 576px\" \/><\/a><p id=\"caption-attachment-150431\" class=\"wp-caption-text\">Corpo de Edjane ser\u00e1 sepultado \u00e0s 16h, em Canind\u00e9 do S\u00e3o Francisco &#8211; Foto: arquivo\/pessoal<\/p><\/div>\n<p>De acordo com o Batalh\u00e3o de Pol\u00edcia Rodovi\u00e1ria Estadual (BPRv), a condutora seguia no sentido Aruana\/Mosqueiro quando perdeu o controle da motocicleta e colidiu com uma bicicleta que cruzava a via.<\/p>\n<p>O Servi\u00e7o de Atendimento M\u00f3vel de Urg\u00eancia (Samu) esteve no local e constatou o \u00f3bito da v\u00edtima ainda na cena do acidente.<\/p>\n<p><strong><em>Acompanhe tamb\u00e9m o SE Not\u00edcias no\u00a0<a href=\"https:\/\/twitter.com\/Senoticias\" target=\"_blank\" rel=\"noreferrer noopener\">Twitter<\/a>,\u00a0<a href=\"https:\/\/www.facebook.com\/senoticias1\" target=\"_blank\" rel=\"noreferrer noopener\">Facebook<\/a>\u00a0e no\u00a0<a href=\"https:\/\/www.instagram.com\/senoticias\/\" target=\"_blank\" rel=\"noreferrer noopener\">Instagram<\/a><\/em><\/strong><\/p>\n<p><strong>Reda\u00e7\u00e3o SE Not\u00edcias<\/strong><\/p>\n","protected":false},"excerpt":{"rendered":"<p>Uma motociclista identificada como Edjane da Silva Santos, de 23 anos, morreu ap\u00f3s um acidente de tr\u00e2nsito envolvendo uma Honda Pop 110 e uma bicicleta, por volta das 19h15 desta segunda-feira (8), na Rodovia dos N\u00e1ufragos (SE-050). O ciclista envolvido na ocorr\u00eancia n\u00e3o sofreu ferimentos e n\u00e3o precisou de atendimento m\u00e9dico. Informa\u00e7\u00f5es apuradas pela reda\u00e7\u00e3o [&hellip;]<\/p>\n","protected":false},"author":6557,"featured_media":150431,"comment_status":"closed","ping_status":"closed","sticky":false,"template":"","format":"standard","meta":{"footnotes":""},"categories":[15,38],"tags":[38849,4203,16943,16279],"class_list":{"0":"post-150428","1":"post","2":"type-post","3":"status-publish","4":"format-standard","5":"has-post-thumbnail","7":"category-destaques","8":"category-municipios","9":"tag-acidente-de-moto","10":"tag-acidente-de-transito","11":"tag-rodovia-dos-naufragos","12":"tag-transito-2"},"_links":{"self":[{"href":"https:\/\/senoticias.com.br\/se\/wp-json\/wp\/v2\/posts\/150428"}],"collection":[{"href":"https:\/\/senoticias.com.br\/se\/wp-json\/wp\/v2\/posts"}],"about":[{"href":"https:\/\/senoticias.com.br\/se\/wp-json\/wp\/v2\/types\/post"}],"author":[{"embeddable":true,"href":"https:\/\/senoticias.com.br\/se\/wp-json\/wp\/v2\/users\/6557"}],"replies":[{"embeddable":true,"href":"https:\/\/senoticias.com.br\/se\/wp-json\/wp\/v2\/comments?post=150428"}],"version-history":[{"count":0,"href":"https:\/\/senoticias.com.br\/se\/wp-json\/wp\/v2\/posts\/150428\/revisions"}],"wp:featuredmedia":[{"embeddable":true,"href":"https:\/\/senoticias.com.br\/se\/wp-json\/wp\/v2\/media\/150431"}],"wp:attachment":[{"href":"https:\/\/senoticias.com.br\/se\/wp-json\/wp\/v2\/media?parent=150428"}],"wp:term":[{"taxonomy":"category","embeddable":true,"href":"https:\/\/senoticias.com.br\/se\/wp-json\/wp\/v2\/categories?post=150428"},{"taxonomy":"post_tag","embeddable":true,"href":"https:\/\/senoticias.com.br\/se\/wp-json\/wp\/v2\/tags?post=150428"}],"curies":[{"name":"wp","href":"https:\/\/api.w.org\/{rel}","templated":true}]}}