{"id":150396,"date":"2025-12-06T12:47:12","date_gmt":"2025-12-06T15:47:12","guid":{"rendered":"https:\/\/senoticias.com.br\/se\/?p=150396"},"modified":"2025-12-06T12:58:57","modified_gmt":"2025-12-06T15:58:57","slug":"governo-de-sergipe-abre-programacao-da-vila-do-natal-iluminado-2025","status":"publish","type":"post","link":"https:\/\/senoticias.com.br\/se\/governo-de-sergipe-abre-programacao-da-vila-do-natal-iluminado-2025\/","title":{"rendered":"Governo de Sergipe abre programa\u00e7\u00e3o da Vila do Natal Iluminado 2025"},"content":{"rendered":"<p>O governador F\u00e1bio Mitidieri abriu, nesta sexta-feira, 5, a terceira edi\u00e7\u00e3o da Vila do Natal Iluminado 2025. A programa\u00e7\u00e3o na Pra\u00e7a de Eventos da Orla da Atalaia, em Aracaju, segue diariamente at\u00e9 o pr\u00f3ximo dia 28 de dezembro, das 17h \u00e0s 22h. O Governo do Estado investiu R$ 5.389.469,60 na estrutura, que proporciona todas as atra\u00e7\u00f5es de forma gratuita para a popula\u00e7\u00e3o.<\/p>\n<p>Ap\u00f3s o grande sucesso das edi\u00e7\u00f5es anteriores, a Vila do Natal Iluminado retorna em 2025 para sua terceira edi\u00e7\u00e3o, com o tema \u2018Viva \u00e0 magia que transforma\u2019. O evento contar\u00e1 com ampla estrutura, diversas atra\u00e7\u00f5es voltadas ao p\u00fablico de todas as idades.<\/p>\n<p>Ao visitar o entorno, o governador destacou a beleza da cidade nesta \u00e9poca do ano e frisou a contribui\u00e7\u00e3o do governo na cria\u00e7\u00e3o de um espa\u00e7o de lazer e entretenimento para os sergipanos. \u201cO evento oferece decora\u00e7\u00e3o natalina, brinquedos gratuitos, como pista de patina\u00e7\u00e3o e roda-gigante, teatro, cinema, espa\u00e7os sensoriais para crian\u00e7as e artesanato. O objetivo \u00e9 proporcionar um ambiente acolhedor e acess\u00edvel a todos, independentemente de classe social, cor ou g\u00eanero, com melhorias a cada ano. Enfatizamos a import\u00e2ncia de celebrar o Natal com gratid\u00e3o e destaco que estamos diante de um dos eventos natalinos mais bonitos do pa\u00eds, em colabora\u00e7\u00e3o com o munic\u00edpio\u201d, frisou.<\/p>\n<div id=\"attachment_150397\" style=\"width: 589px\" class=\"wp-caption aligncenter\"><a href=\"https:\/\/senoticias.com.br\/se\/wp-content\/uploads\/2025\/12\/Natal-Iluminado-SE-noticias.jpeg\"><img loading=\"lazy\" decoding=\"async\" aria-describedby=\"caption-attachment-150397\" class=\"size-full wp-image-150397\" src=\"https:\/\/senoticias.com.br\/se\/wp-content\/uploads\/2025\/12\/Natal-Iluminado-SE-noticias.jpeg\" alt=\"\" width=\"579\" height=\"336\" srcset=\"https:\/\/senoticias.com.br\/se\/wp-content\/uploads\/2025\/12\/Natal-Iluminado-SE-noticias.jpeg 579w, https:\/\/senoticias.com.br\/se\/wp-content\/uploads\/2025\/12\/Natal-Iluminado-SE-noticias-300x174.jpeg 300w\" sizes=\"(max-width: 579px) 100vw, 579px\" \/><\/a><p id=\"caption-attachment-150397\" class=\"wp-caption-text\">Atividades se estendem at\u00e9 28 de dezembro, na Orla da Atalaia, em Aracaju &#8211; Foto: Arthur Soares<\/p><\/div>\n<p>O secret\u00e1rio de Estado da Comunica\u00e7\u00e3o, Cleon Menezes, destacou que, com a realiza\u00e7\u00e3o da Vila, o governo tem o objetivo de aquecer o turismo, gerar empregos e renda para Sergipe. \u201cO evento, j\u00e1 aguardado pela popula\u00e7\u00e3o, oferece pista de patina\u00e7\u00e3o no gelo, a \u00fanica do Nordeste, roda-gigante, teatro com foco na cultura local e apresenta\u00e7\u00f5es de reisado. \u00c9 buscar celebrar o Natal e seus valores, misturando-os com a cultura regional, proporcionando um ambiente acolhedor, tanto para trabalhadores quanto para o p\u00fablico que busca divers\u00e3o\u201d, pontuou.<\/p>\n<p><strong>Vila do Natal Iluminado<\/strong><\/p>\n<p>A composi\u00e7\u00e3o da Vila re\u00fane teatro, montanha-russa, espa\u00e7o multissensorial, roda-gigante, pista de patina\u00e7\u00e3o, espa\u00e7o recreativo, apresenta\u00e7\u00f5es art\u00edsticas, paradas natalinas, arena gamer, artesanato e Economia Solid\u00e1ria, al\u00e9m da tradicional Casa do Papai Noel, igreja cenogr\u00e1fica, personagens natalinos, quatro lanchonetes e seis bares distribu\u00eddos pelo espa\u00e7o. A \u00e1rvore de Natal de 20 metros de altura \u00e9 um dos destaques da decora\u00e7\u00e3o, refor\u00e7ando o clima festivo e iluminado da vila.<\/p>\n<p>A programa\u00e7\u00e3o art\u00edstica est\u00e1 dividida entre o Palco 360\u00b0, coordenado pela Federa\u00e7\u00e3o do Com\u00e9rcio de Bens, Servi\u00e7os e Turismo do Estado de Sergipe (Fecom\u00e9rcio), com duas atra\u00e7\u00f5es por noite, \u00e0s 18h e \u00e0s 20h, e o teatro, cuja agenda \u00e9 organizada pela Funcap. Al\u00e9m das apresenta\u00e7\u00f5es de Reisado, sempre \u00e0s 19h30.<\/p>\n<p>O teatro tem capacidade para 80 pessoas em ambiente climatizado, com apresenta\u00e7\u00f5es de curta dura\u00e7\u00e3o em duas sess\u00f5es di\u00e1rias, \u00e0s 18h e \u00e0s 20h. A entrada \u00e9 gratuita, com organiza\u00e7\u00e3o por fila aberta 15 minutos antes de cada apresenta\u00e7\u00e3o. J\u00e1 as apresenta\u00e7\u00f5es art\u00edsticas incluem corais, cantatas e performances que integram m\u00fasica e atua\u00e7\u00e3o, distribu\u00eddas ao longo da programa\u00e7\u00e3o.<\/p>\n<p>As paradas natalinas est\u00e3o previstas para os dias 11, 21 e 25 de dezembro e prometem mais uma vez encantar sergipanos e turistas.<\/p>\n<p>O espa\u00e7o multissensorial, voltado para acolhimento e autorregula\u00e7\u00e3o, funciona com acesso limitado, permitindo a entrada de pequenos grupos por vez, garantindo conforto para pessoas com defici\u00eancia, crian\u00e7as e visitantes neurodivergentes.<\/p>\n<p><strong>Economia Criativa<\/strong><\/p>\n<p>Durante o evento, o p\u00fablico pode usufruir de uma \u00e1rea dedicada \u00e0 Economia Criativa, com espa\u00e7o destinado ao artesanato, empreendedores locais e produtos t\u00edpicos da temporada natalina. O ambiente conta com estrutura organizada para circula\u00e7\u00e3o e estandes padronizados, garantindo visibilidade aos artes\u00e3os e variedade de op\u00e7\u00f5es ao p\u00fablico visitante.<\/p>\n<p><strong>Estrutura e servi\u00e7os<\/strong><\/p>\n<p>A Vila do Natal Iluminado conta com apoio operacional e a presen\u00e7a de \u00f3rg\u00e3os p\u00fablicos no local, garantindo seguran\u00e7a, atendimento e acolhimento aos visitantes. Para isso, disponibiliza estruturas do Servi\u00e7o de Atendimento M\u00f3vel de Urg\u00eancia (Samu), da Secretaria de Estado da Assist\u00eancia Social, Inclus\u00e3o e Cidadania (Seasic), da Seguran\u00e7a P\u00fablica (SSP), al\u00e9m de disponibilizar, tamb\u00e9m frald\u00e1rio, sala de amamenta\u00e7\u00e3o e espa\u00e7o multissensorial.<\/p>\n<p>O espa\u00e7o tamb\u00e9m conta com pra\u00e7a de alimenta\u00e7\u00e3o e espa\u00e7os destinados \u00e0 Economia Solid\u00e1ria, com comerciantes selecionados pela chamada p\u00fablica realizada pela Funcap.<\/p>\n<p>Como nas edi\u00e7\u00f5es anteriores, o evento \u00e9 100% gratuito, com atra\u00e7\u00f5es distribu\u00eddas ao longo da Pra\u00e7a de Eventos da Orla da Atalaia, garantindo circula\u00e7\u00e3o confort\u00e1vel e acesso universal.<\/p>\n<p>O evento, que chega \u00e0 sua terceira edi\u00e7\u00e3o, \u00e9 uma realiza\u00e7\u00e3o do Governo de Sergipe, por meio da Funcap, em parceria com a Fecom\u00e9rcio\/SE, e conta com apoio da Netiz, Energisa e Igu\u00e1 Sergipe, e patroc\u00ednio do Banese.<\/p>\n<p><strong><em>Acompanhe tamb\u00e9m o SE Not\u00edcias no\u00a0<a href=\"https:\/\/twitter.com\/Senoticias\" target=\"_blank\" rel=\"noreferrer noopener\">Twitter<\/a>,\u00a0<a href=\"https:\/\/www.facebook.com\/senoticias1\" target=\"_blank\" rel=\"noreferrer noopener\">Facebook<\/a>\u00a0e no\u00a0<a href=\"https:\/\/www.instagram.com\/senoticias\/\" target=\"_blank\" rel=\"noreferrer noopener\">Instagram<\/a><\/em><\/strong><\/p>\n<p>Fonte: Ag\u00eancia Sergipe de Not\u00edcias<\/p>\n","protected":false},"excerpt":{"rendered":"<p>O governador F\u00e1bio Mitidieri abriu, nesta sexta-feira, 5, a terceira edi\u00e7\u00e3o da Vila do Natal Iluminado 2025. A programa\u00e7\u00e3o na Pra\u00e7a de Eventos da Orla da Atalaia, em Aracaju, segue diariamente at\u00e9 o pr\u00f3ximo dia 28 de dezembro, das 17h \u00e0s 22h. O Governo do Estado investiu R$ 5.389.469,60 na estrutura, que proporciona todas as [&hellip;]<\/p>\n","protected":false},"author":6557,"featured_media":150397,"comment_status":"closed","ping_status":"closed","sticky":false,"template":"","format":"standard","meta":{"footnotes":""},"categories":[15,21,1],"tags":[448,6781,4312],"class_list":{"0":"post-150396","1":"post","2":"type-post","3":"status-publish","4":"format-standard","5":"has-post-thumbnail","7":"category-destaques","8":"category-entretenimento","9":"category-sem-categoria","10":"tag-governo-de-sergipe","11":"tag-natal-iluminado","12":"tag-orla-de-atalaia"},"_links":{"self":[{"href":"https:\/\/senoticias.com.br\/se\/wp-json\/wp\/v2\/posts\/150396"}],"collection":[{"href":"https:\/\/senoticias.com.br\/se\/wp-json\/wp\/v2\/posts"}],"about":[{"href":"https:\/\/senoticias.com.br\/se\/wp-json\/wp\/v2\/types\/post"}],"author":[{"embeddable":true,"href":"https:\/\/senoticias.com.br\/se\/wp-json\/wp\/v2\/users\/6557"}],"replies":[{"embeddable":true,"href":"https:\/\/senoticias.com.br\/se\/wp-json\/wp\/v2\/comments?post=150396"}],"version-history":[{"count":0,"href":"https:\/\/senoticias.com.br\/se\/wp-json\/wp\/v2\/posts\/150396\/revisions"}],"wp:featuredmedia":[{"embeddable":true,"href":"https:\/\/senoticias.com.br\/se\/wp-json\/wp\/v2\/media\/150397"}],"wp:attachment":[{"href":"https:\/\/senoticias.com.br\/se\/wp-json\/wp\/v2\/media?parent=150396"}],"wp:term":[{"taxonomy":"category","embeddable":true,"href":"https:\/\/senoticias.com.br\/se\/wp-json\/wp\/v2\/categories?post=150396"},{"taxonomy":"post_tag","embeddable":true,"href":"https:\/\/senoticias.com.br\/se\/wp-json\/wp\/v2\/tags?post=150396"}],"curies":[{"name":"wp","href":"https:\/\/api.w.org\/{rel}","templated":true}]}}