{"id":150390,"date":"2025-12-05T21:28:31","date_gmt":"2025-12-06T00:28:31","guid":{"rendered":"https:\/\/senoticias.com.br\/se\/?p=150390"},"modified":"2025-12-05T21:28:31","modified_gmt":"2025-12-06T00:28:31","slug":"flavio-bolsonaro-confirma-pre-candidatura-a-presidencia-missao-de-dar-continuidade","status":"publish","type":"post","link":"https:\/\/senoticias.com.br\/se\/flavio-bolsonaro-confirma-pre-candidatura-a-presidencia-missao-de-dar-continuidade\/","title":{"rendered":"Fl\u00e1vio Bolsonaro confirma pr\u00e9-candidatura \u00e0 Presid\u00eancia: &#8216;Miss\u00e3o de dar continuidade&#8217;"},"content":{"rendered":"<p>O senador Fl\u00e1vio Bolsonaro (PL-RJ) confirmou, na tarde desta sexta-feira, 5, que ser\u00e1 candidato \u00e0 Presid\u00eancia em 2026. Em um texto publicado nas redes sociais, Fl\u00e1vio disse que a decis\u00e3o partiu do ex-presidente Jair Bolsonaro e que ele aceitaria a &#8220;miss\u00e3o&#8221;.<\/p>\n<p>&#8220;\u00c9 com grande responsabilidade que confirmo a decis\u00e3o da maior lideran\u00e7a pol\u00edtica e moral do Brasil, Jair Messias Bolsonaro, de me conferir a miss\u00e3o de dar continuidade ao nosso projeto de na\u00e7\u00e3o. Eu n\u00e3o posso, e n\u00e3o vou, me conformar ao ver o nosso pa\u00eds caminhar por um tempo de instabilidade, inseguran\u00e7a e des\u00e2nimo&#8221;, iniciou o senador.<\/p>\n<p>No texto, Fl\u00e1vio afirma que a democracia estaria &#8220;sucumbindo&#8221; e que &#8220;ningu\u00e9m aguenta mais&#8221;. Em seguida, recorre \u00e0 religi\u00e3o para falar sobre seu compromisso com a pol\u00edtica no Pa\u00eds.<\/p>\n<div id=\"attachment_150391\" style=\"width: 605px\" class=\"wp-caption aligncenter\"><a href=\"https:\/\/senoticias.com.br\/se\/wp-content\/uploads\/2025\/12\/Flavio-Bolsonaro-SE-Noticias.jpeg\"><img loading=\"lazy\" decoding=\"async\" aria-describedby=\"caption-attachment-150391\" class=\"size-full wp-image-150391\" src=\"https:\/\/senoticias.com.br\/se\/wp-content\/uploads\/2025\/12\/Flavio-Bolsonaro-SE-Noticias.jpeg\" alt=\"\" width=\"595\" height=\"388\" srcset=\"https:\/\/senoticias.com.br\/se\/wp-content\/uploads\/2025\/12\/Flavio-Bolsonaro-SE-Noticias.jpeg 595w, https:\/\/senoticias.com.br\/se\/wp-content\/uploads\/2025\/12\/Flavio-Bolsonaro-SE-Noticias-300x196.jpeg 300w, https:\/\/senoticias.com.br\/se\/wp-content\/uploads\/2025\/12\/Flavio-Bolsonaro-SE-Noticias-90x60.jpeg 90w\" sizes=\"(max-width: 595px) 100vw, 595px\" \/><\/a><p id=\"caption-attachment-150391\" class=\"wp-caption-text\">Imagem compartilhada por Fl\u00e1vio para anunciar a candidatura \u00e9 de um abra\u00e7o com o pai, Jair Bolsonaro &#8211; Foto: Reprodu\u00e7\u00e3o<\/p><\/div>\n<p>&#8220;Eu me coloco diante de Deus e diante do Brasil para cumprir essa miss\u00e3o. E sei que Ele ir\u00e1 \u00e0 frente, abrindo portas, derrubando muralhas e guiando cada passo dessa jornada. Que Deus aben\u00e7oe o nosso povo! Que Deus aben\u00e7oe o nosso Brasil!&#8221;, escreveu.<\/p>\n<p>O pr\u00f3ximo encontro entre Fl\u00e1vio e o pai ap\u00f3s a decis\u00e3o da candidatura ser\u00e1 no dia 9 de dezembro e foi autorizado nesta sexta pelo ministro Alexandre de Moraes, do Supremo Tribunal Federal (STF).<\/p>\n<p>Antes do an\u00fancio oficial, Fl\u00e1vio teria buscado lideran\u00e7as do Partido Liberal para tratar do tema, assim como pelo governador de S\u00e3o Paulo, Tarc\u00edsio de Freitas (Republicanos), que tamb\u00e9m estaria interessado em se lan\u00e7ar \u00e0 Presid\u00eancia.<\/p>\n<p>Ao jornal\u00a0Estad\u00e3o, o presidente nacional do PL, Valdemar Costa Neto, deu aval \u00e0 escolha de Bolsonaro pelo filho. &#8220;Fl\u00e1vio me disse que o nosso capit\u00e3o ratificou sua candidatura. Bolsonaro falou, est\u00e1 falado. Estamos juntos&#8221;, afirmou.<\/p>\n<p>O ex-presidente Jair Bolsonaro est\u00e1 preso na Superintend\u00eancia da Pol\u00edcia Federal em Bras\u00edlia e perdeu os direitos pol\u00edticos ap\u00f3s o in\u00edcio do cumprimento da pena de 27 anos e 3 meses de pris\u00e3o. Antes mesmo disso, ele j\u00e1 era considerado ineleg\u00edvel, por uma decis\u00e3o anterior do Tribunal Superior Eleitoral (TSE).<\/p>\n<p><strong><em>Acompanhe tamb\u00e9m o SE Not\u00edcias no\u00a0<a href=\"https:\/\/twitter.com\/Senoticias\" target=\"_blank\" rel=\"noreferrer noopener\">Twitter<\/a>,\u00a0<a href=\"https:\/\/www.facebook.com\/senoticias1\" target=\"_blank\" rel=\"noreferrer noopener\">Facebook<\/a>\u00a0e no\u00a0<a href=\"https:\/\/www.instagram.com\/senoticias\/\" target=\"_blank\" rel=\"noreferrer noopener\">Instagram<\/a><\/em><\/strong><\/p>\n<p>Fonte: Terra<\/p>\n","protected":false},"excerpt":{"rendered":"<p>O senador Fl\u00e1vio Bolsonaro (PL-RJ) confirmou, na tarde desta sexta-feira, 5, que ser\u00e1 candidato \u00e0 Presid\u00eancia em 2026. Em um texto publicado nas redes sociais, Fl\u00e1vio disse que a decis\u00e3o partiu do ex-presidente Jair Bolsonaro e que ele aceitaria a &#8220;miss\u00e3o&#8221;. &#8220;\u00c9 com grande responsabilidade que confirmo a decis\u00e3o da maior lideran\u00e7a pol\u00edtica e moral [&hellip;]<\/p>\n","protected":false},"author":6557,"featured_media":150391,"comment_status":"closed","ping_status":"closed","sticky":false,"template":"","format":"standard","meta":{"footnotes":""},"categories":[15,2961],"tags":[41598,12610,40073],"class_list":{"0":"post-150390","1":"post","2":"type-post","3":"status-publish","4":"format-standard","5":"has-post-thumbnail","7":"category-destaques","8":"category-nacional","9":"tag-eleicoes-2026","10":"tag-flavio-bolsonaro","11":"tag-senador-flavio-bolsonaro"},"_links":{"self":[{"href":"https:\/\/senoticias.com.br\/se\/wp-json\/wp\/v2\/posts\/150390"}],"collection":[{"href":"https:\/\/senoticias.com.br\/se\/wp-json\/wp\/v2\/posts"}],"about":[{"href":"https:\/\/senoticias.com.br\/se\/wp-json\/wp\/v2\/types\/post"}],"author":[{"embeddable":true,"href":"https:\/\/senoticias.com.br\/se\/wp-json\/wp\/v2\/users\/6557"}],"replies":[{"embeddable":true,"href":"https:\/\/senoticias.com.br\/se\/wp-json\/wp\/v2\/comments?post=150390"}],"version-history":[{"count":0,"href":"https:\/\/senoticias.com.br\/se\/wp-json\/wp\/v2\/posts\/150390\/revisions"}],"wp:featuredmedia":[{"embeddable":true,"href":"https:\/\/senoticias.com.br\/se\/wp-json\/wp\/v2\/media\/150391"}],"wp:attachment":[{"href":"https:\/\/senoticias.com.br\/se\/wp-json\/wp\/v2\/media?parent=150390"}],"wp:term":[{"taxonomy":"category","embeddable":true,"href":"https:\/\/senoticias.com.br\/se\/wp-json\/wp\/v2\/categories?post=150390"},{"taxonomy":"post_tag","embeddable":true,"href":"https:\/\/senoticias.com.br\/se\/wp-json\/wp\/v2\/tags?post=150390"}],"curies":[{"name":"wp","href":"https:\/\/api.w.org\/{rel}","templated":true}]}}