{"id":150385,"date":"2025-12-05T16:03:13","date_gmt":"2025-12-05T19:03:13","guid":{"rendered":"https:\/\/senoticias.com.br\/se\/?p=150385"},"modified":"2025-12-05T16:06:04","modified_gmt":"2025-12-05T19:06:04","slug":"governo-fabio-mitidieri-anuncia-os-nomes-de-seis-novos-secretarios-estaduais","status":"publish","type":"post","link":"https:\/\/senoticias.com.br\/se\/governo-fabio-mitidieri-anuncia-os-nomes-de-seis-novos-secretarios-estaduais\/","title":{"rendered":"Governador F\u00e1bio Mitidieri anuncia os nomes de seis novos secret\u00e1rios"},"content":{"rendered":"<p>Nesta sexta-feira, 5, o governador F\u00e1bio Mitidieri anunciou a transi\u00e7\u00e3o de seu novo secretariado, que deve tomar posse em janeiro de 2026. Ao todo, seis secret\u00e1rios se afastar\u00e3o de suas atividades administrativas para se dedicarem ao pleito eleitoral que concorrer\u00e3o em 2026. Com a troca, sobe para dez o n\u00famero de mulheres \u00e0 frente do primeiro escal\u00e3o da gest\u00e3o estadual, o que representa 40% do secretariado.<\/p>\n<p>O governador agradeceu o trabalho dos atuais gestores, que dentro de 30 dias devem oficialmente se afastar de suas fun\u00e7\u00f5es administrativas. F\u00e1bio destacou nominalmente a contribui\u00e7\u00e3o de cada secret\u00e1rio para os avan\u00e7os e desenvolvimento de Sergipe. \u201cSe h\u00e1 sucessos de nossa gest\u00e3o, agrade\u00e7o \u00e0 nossa equipe. Destaco o trabalho em diversas \u00e1reas, como seguran\u00e7a, sa\u00fade, educa\u00e7\u00e3o, finan\u00e7as e turismo, e todas as conquistas e parcerias nesses tr\u00eas anos de gest\u00e3o. Tenho orgulho da minha<\/p>\n<div id=\"attachment_150386\" style=\"width: 607px\" class=\"wp-caption aligncenter\"><a href=\"https:\/\/senoticias.com.br\/se\/wp-content\/uploads\/2025\/12\/Governador-Fabio-com-os-novos-secretarios-SE-Noticias.jpg\"><img loading=\"lazy\" decoding=\"async\" aria-describedby=\"caption-attachment-150386\" class=\"size-full wp-image-150386\" src=\"https:\/\/senoticias.com.br\/se\/wp-content\/uploads\/2025\/12\/Governador-Fabio-com-os-novos-secretarios-SE-Noticias.jpg\" alt=\"\" width=\"597\" height=\"336\" srcset=\"https:\/\/senoticias.com.br\/se\/wp-content\/uploads\/2025\/12\/Governador-Fabio-com-os-novos-secretarios-SE-Noticias.jpg 597w, https:\/\/senoticias.com.br\/se\/wp-content\/uploads\/2025\/12\/Governador-Fabio-com-os-novos-secretarios-SE-Noticias-300x169.jpg 300w\" sizes=\"(max-width: 597px) 100vw, 597px\" \/><\/a><p id=\"caption-attachment-150386\" class=\"wp-caption-text\"><br \/>Seis secret\u00e1rios se afastar\u00e3o de suas atividades administrativas para se dedicarem ao pleito eleitoral que concorrer\u00e3o em 2026 &#8211; Foto:\u00a0 Arthur Soares\/ASN<\/p><\/div>\n<p>equipe e sei da import\u00e2ncia da colabora\u00e7\u00e3o entre as secretarias. Nosso time segue unido\u201d, pontuou F\u00e1bio em discurso, ressaltando a boa situa\u00e7\u00e3o financeira do estado e a redu\u00e7\u00e3o da extrema pobreza em Sergipe, gra\u00e7as \u00e0 dedica\u00e7\u00e3o de sua equipe.<\/p>\n<p>Com vasta experi\u00eancia na gest\u00e3o p\u00fablica, a delegada de pol\u00edcia Georlize Teles assume a Secretaria de Estado Pol\u00edticas P\u00fablicas para Mulheres (SPM) em lugar da secret\u00e1ria Danielle Garcia. \u201cAssumo essa miss\u00e3o com a certeza que devo continuar as pol\u00edticas p\u00fablicas desenvolvidas na pasta pela minha antecessora, a delegada Danielle Garcia, que muito bem se ouve na condu\u00e7\u00e3o da pasta. Assumo o compromisso de oferecer tudo que houver de melhor para Sergipe\u201d, declarou.<\/p>\n<p>Com a entrega de uma escola reformada a cada 12 dias e uma climatizada a cada 6 dias, durante tr\u00eas anos \u00e0 frente da Educa\u00e7\u00e3o de Sergipe, o vice-governador e secret\u00e1rio de Estado da Educa\u00e7\u00e3o, Zezinho Sobral, ressaltou o empenho do trabalho na pasta e os planos para o futuro. \u201c\u00c9 um sentimento de encerramento, mas tamb\u00e9m de continuidade. A atua\u00e7\u00e3o conjunta com o governador, a dedica\u00e7\u00e3o extraordin\u00e1ria \u00e0 secretaria e o sucesso da equipe na gest\u00e3o de recursos, capta\u00e7\u00e3o de verbas, como os R$ 68 milh\u00f5es do Fundeb, e investimentos, s\u00e3o alguns dos legados que deixamos\u201d, frisou.<\/p>\n<p><strong>Altera\u00e7\u00f5es<\/strong><\/p>\n<p>No reposicionamento, sai o secret\u00e1rio de Educa\u00e7\u00e3o e vice-governador, Zezinho Sobral, e em seu lugar assume a pedagoga Maria Gilv\u00e2nia Guimar\u00e3es, professora da Educa\u00e7\u00e3o B\u00e1sica da rede p\u00fablica estadual de ensino. Para a Sa\u00fade, assume o posto do secret\u00e1rio Cl\u00e1udio Mitidieri, Jardel Mitermayer, atual diretor administrativo-financeiro da Secretaria de Estado da Sa\u00fade (SES).<\/p>\n<p>O secret\u00e1rio de Articula\u00e7\u00e3o com os Munic\u00edpios, Ven\u00e2ncio Fonseca, despede-se da pasta e em seu lugar assume Luiz Fonseca, suplente de deputado estadual. A Secretaria Especial de Representa\u00e7\u00e3o do Estado de Sergipe em Bras\u00edlia ser\u00e1 comandada pelo atual secret\u00e1rio-executivo, Luciano Filho, em substitui\u00e7\u00e3o ao secret\u00e1rio Nitinho Vitale. A Casa Civil ser\u00e1 comandada pelo m\u00e9dico Luiz Mitidieri, no lugar do secret\u00e1rio Jorginho Araujo. J\u00e1 o Turismo ter\u00e1 \u00e0 frente a secret\u00e1ria executiva da Setur, Daniela Mesquita, em lugar do atual secret\u00e1rio Marcos Franco.<\/p>\n<p>Fonte: Ag\u00eancia Sergipe de Not\u00edcias<\/p>\n","protected":false},"excerpt":{"rendered":"<p>Nesta sexta-feira, 5, o governador F\u00e1bio Mitidieri anunciou a transi\u00e7\u00e3o de seu novo secretariado, que deve tomar posse em janeiro de 2026. Ao todo, seis secret\u00e1rios se afastar\u00e3o de suas atividades administrativas para se dedicarem ao pleito eleitoral que concorrer\u00e3o em 2026. Com a troca, sobe para dez o n\u00famero de mulheres \u00e0 frente do [&hellip;]<\/p>\n","protected":false},"author":6557,"featured_media":150386,"comment_status":"closed","ping_status":"closed","sticky":false,"template":"","format":"standard","meta":{"footnotes":""},"categories":[15,6],"tags":[7306,37862,448,44527],"class_list":{"0":"post-150385","1":"post","2":"type-post","3":"status-publish","4":"format-standard","5":"has-post-thumbnail","7":"category-destaques","8":"category-politica","9":"tag-fabio-mitidieri","10":"tag-governador-fabio-mitidieri","11":"tag-governo-de-sergipe","12":"tag-secretarios-de-estado"},"_links":{"self":[{"href":"https:\/\/senoticias.com.br\/se\/wp-json\/wp\/v2\/posts\/150385"}],"collection":[{"href":"https:\/\/senoticias.com.br\/se\/wp-json\/wp\/v2\/posts"}],"about":[{"href":"https:\/\/senoticias.com.br\/se\/wp-json\/wp\/v2\/types\/post"}],"author":[{"embeddable":true,"href":"https:\/\/senoticias.com.br\/se\/wp-json\/wp\/v2\/users\/6557"}],"replies":[{"embeddable":true,"href":"https:\/\/senoticias.com.br\/se\/wp-json\/wp\/v2\/comments?post=150385"}],"version-history":[{"count":0,"href":"https:\/\/senoticias.com.br\/se\/wp-json\/wp\/v2\/posts\/150385\/revisions"}],"wp:featuredmedia":[{"embeddable":true,"href":"https:\/\/senoticias.com.br\/se\/wp-json\/wp\/v2\/media\/150386"}],"wp:attachment":[{"href":"https:\/\/senoticias.com.br\/se\/wp-json\/wp\/v2\/media?parent=150385"}],"wp:term":[{"taxonomy":"category","embeddable":true,"href":"https:\/\/senoticias.com.br\/se\/wp-json\/wp\/v2\/categories?post=150385"},{"taxonomy":"post_tag","embeddable":true,"href":"https:\/\/senoticias.com.br\/se\/wp-json\/wp\/v2\/tags?post=150385"}],"curies":[{"name":"wp","href":"https:\/\/api.w.org\/{rel}","templated":true}]}}