{"id":150383,"date":"2025-12-05T14:55:51","date_gmt":"2025-12-05T17:55:51","guid":{"rendered":"https:\/\/senoticias.com.br\/se\/?p=150383"},"modified":"2025-12-05T14:55:51","modified_gmt":"2025-12-05T17:55:51","slug":"policia-civil-prende-quatro-suspeitos-de-furtar-notebooks-e-eletronicos-em-aracaju","status":"publish","type":"post","link":"https:\/\/senoticias.com.br\/se\/policia-civil-prende-quatro-suspeitos-de-furtar-notebooks-e-eletronicos-em-aracaju\/","title":{"rendered":"Pol\u00edcia Civil prende quatro suspeitos de furtar notebooks e eletr\u00f4nicos em Aracaju"},"content":{"rendered":"<p>A Pol\u00edcia Civil, por meio da Delegacia de Turismo (Detur), prendeu quatro autores de furtos praticados em Aracaju. As deten\u00e7\u00f5es ocorreram nos estados da Bahia e de Pernambuco, em a\u00e7\u00f5es coordenadas com as Pol\u00edcias Civis dos respectivos estados. As investiga\u00e7\u00f5es demonstraram a atua\u00e7\u00e3o de grupos criminosos itinerantes especializados em furtos qualificados mediante destreza em estabelecimentos comerciais. A atua\u00e7\u00e3o da unidade est\u00e1 sendo divulgada nesta sexta-feira, 5.<\/p>\n<div id=\"attachment_150384\" style=\"width: 592px\" class=\"wp-caption aligncenter\"><a href=\"https:\/\/senoticias.com.br\/se\/wp-content\/uploads\/2025\/12\/DEL-LUCIANA-PEREIRA.jpg\"><img loading=\"lazy\" decoding=\"async\" aria-describedby=\"caption-attachment-150384\" class=\"size-full wp-image-150384\" src=\"https:\/\/senoticias.com.br\/se\/wp-content\/uploads\/2025\/12\/DEL-LUCIANA-PEREIRA.jpg\" alt=\"\" width=\"582\" height=\"400\" srcset=\"https:\/\/senoticias.com.br\/se\/wp-content\/uploads\/2025\/12\/DEL-LUCIANA-PEREIRA.jpg 582w, https:\/\/senoticias.com.br\/se\/wp-content\/uploads\/2025\/12\/DEL-LUCIANA-PEREIRA-300x206.jpg 300w, https:\/\/senoticias.com.br\/se\/wp-content\/uploads\/2025\/12\/DEL-LUCIANA-PEREIRA-95x64.jpg 95w\" sizes=\"(max-width: 582px) 100vw, 582px\" \/><\/a><p id=\"caption-attachment-150384\" class=\"wp-caption-text\">Opera\u00e7\u00e3o integrada das Pol\u00edcias Civis de Sergipe, Bahia e Pernambuco identificou grupos especializados em furtos de eletr\u00f4nicos &#8211; Foto: SSP\/SE<\/p><\/div>\n<p>Segundo a delegada Luciana Pereira, os grupos identificados mantinham atua\u00e7\u00e3o estruturada e constante em diversos estados. \u201cEsses indiv\u00edduos vivem, na verdade, de furtos \u2014 especialmente de eletr\u00f4nicos \u2014 em todo o pa\u00eds. S\u00e3o grupos que se especializam em furtos qualificados, mediante destreza. Eles viajam e praticam furtos a estabelecimentos, muitas vezes se aproveitando de momentos de distra\u00e7\u00e3o de vendedores ou clientes\u201d, destacou.<\/p>\n<p>Inicialmente, as investiga\u00e7\u00f5es da Detur identificaram um grupo composto por um homem e duas mulheres, oriundos de Salvador (BA), respons\u00e1vel por furtar notebooks e aparelhos eletr\u00f4nicos de tr\u00eas supermercados de Aracaju ao longo de dois meses. Eles j\u00e1 possu\u00edam anota\u00e7\u00f5es criminais em v\u00e1rios estados e atuavam com o mesmo padr\u00e3o h\u00e1 mais de seis anos.<\/p>\n<p>Com a identifica\u00e7\u00e3o, a Detur representou pela pris\u00e3o preventiva dos tr\u00eas investigados, que foi deferida pelo N\u00facleo de Garantias do Tribunal de Justi\u00e7a de Sergipe.<\/p>\n<p>Dois dos integrantes \u2014 um homem e uma mulher \u2014 foram presos no dia 28 de novembro de 2025, na rodovi\u00e1ria de Jequi\u00e9 (BA), logo ap\u00f3s cometerem novo furto. Ambos estavam foragidos e com mandados expedidos em Sergipe.<\/p>\n<p>A terceira suspeita foi localizada no bairro Nazar\u00e9, em Salvador, no dia 3 de novembro deste ano, ap\u00f3s coopera\u00e7\u00e3o com o Departamento Especializado de Investiga\u00e7\u00f5es Criminais (Deic) da Pol\u00edcia Civil da Bahia.<\/p>\n<p>A delegada refor\u00e7ou a import\u00e2ncia da articula\u00e7\u00e3o entre for\u00e7as de seguran\u00e7a estaduais. \u201cCom interc\u00e2mbio de informa\u00e7\u00f5es e apoio da Pol\u00edcia Civil da Bahia, conseguimos cumprir tr\u00eas mandados \u2014 dois em Jequi\u00e9 e um em Salvador. A atua\u00e7\u00e3o integrada foi essencial para deter esse grupo que vinha agindo em v\u00e1rios estados\u201d, afirmou.\u200b\u200b\u200b\u200b\u200b\u200b\u200b<\/p>\n<p><strong>Pris\u00e3o de investigado por furtos em shopping e ag\u00eancia banc\u00e1ria<br \/>\n<\/strong><br \/>\nEm outra frente investigativa, a Detur identificou um homem natural do Amazonas como autor de dois furtos registrados em um shopping e em uma ag\u00eancia banc\u00e1ria de Aracaju. Os levantamentos apontaram que o investigado j\u00e1 havia sido preso em diversos estados, sempre utilizando nomes falsos \u2014 ao menos 28 identidades diferentes foram detectadas.<\/p>\n<p>A Detur representou pela pris\u00e3o preventiva, e o mandado foi concedido pelo N\u00facleo de Garantias do TJSE.<\/p>\n<p>Posteriormente, o suspeito foi preso em Recife (PE) pela Pol\u00edcia Civil de Pernambuco, ap\u00f3s tentar cometer um homic\u00eddio. Durante o procedimento, foi constatado que ele tamb\u00e9m tinha mandado em aberto em Sergipe.<\/p>\n<p>\u201cQuando identificamos esse investigado, descobrimos que ele j\u00e1 havia sido preso em todo o Brasil, sempre se passando por outras pessoas. N\u00e3o apresentava documentos e usava identidade falsa em todas as deten\u00e7\u00f5es. Com o apoio da Pol\u00edcia Civil de Pernambuco, conseguimos localiz\u00e1-lo em Recife e cumprir o mandado\u201d, explicou a delegada.<\/p>\n<p><strong>Atua\u00e7\u00e3o interestadual e combate cont\u00ednuo<\/strong><\/p>\n<p>Luciana Pereira ressaltou que esses grupos utilizam deslocamentos r\u00e1pidos para dificultar a identifica\u00e7\u00e3o e a captura. \u201cEles viajam para outros estados, praticam o crime e retornam rapidamente \u00e0 origem, ou seguem para outra unidade da federa\u00e7\u00e3o. Isso muitas vezes dificulta a localiza\u00e7\u00e3o. Felizmente, conseguimos agir r\u00e1pido nesses casos e contamos com o apoio das Pol\u00edcias Civis da Bahia, de Pernambuco e tamb\u00e9m do Amazonas\u201d, esclareceu.<\/p>\n<p>As apura\u00e7\u00f5es da Detur resultaram no cumprimento de quatro mandados de pris\u00e3o preventiva relacionados aos dois grupos investigados. A equipe tamb\u00e9m identificou outros suspeitos que j\u00e1 atuaram em Sergipe e possui mandados pendentes vinculados a investiga\u00e7\u00f5es anteriores.<\/p>\n<p>A Pol\u00edcia Civil segue em articula\u00e7\u00e3o com unidades de outros estados para dar continuidade ao cumprimento dessas ordens judiciais e refor\u00e7a que a coopera\u00e7\u00e3o interestadual tem sido fundamental para localizar investigados que se deslocam com frequ\u00eancia entre diferentes regi\u00f5es do pa\u00eds.<\/p>\n<p><strong><em>Acompanhe tamb\u00e9m o SE Not\u00edcias no\u00a0<a href=\"https:\/\/twitter.com\/Senoticias\" target=\"_blank\" rel=\"noreferrer noopener\">Twitter<\/a>,\u00a0<a href=\"https:\/\/www.facebook.com\/senoticias1\" target=\"_blank\" rel=\"noreferrer noopener\">Facebook<\/a>\u00a0e no\u00a0<a href=\"https:\/\/www.instagram.com\/senoticias\/\" target=\"_blank\" rel=\"noreferrer noopener\">Instagram<\/a><\/em><\/strong><\/p>\n<p>Fonte: SSP\/SE<\/p>\n","protected":false},"excerpt":{"rendered":"<p>A Pol\u00edcia Civil, por meio da Delegacia de Turismo (Detur), prendeu quatro autores de furtos praticados em Aracaju. As deten\u00e7\u00f5es ocorreram nos estados da Bahia e de Pernambuco, em a\u00e7\u00f5es coordenadas com as Pol\u00edcias Civis dos respectivos estados. As investiga\u00e7\u00f5es demonstraram a atua\u00e7\u00e3o de grupos criminosos itinerantes especializados em furtos qualificados mediante destreza em estabelecimentos [&hellip;]<\/p>\n","protected":false},"author":6557,"featured_media":150384,"comment_status":"closed","ping_status":"closed","sticky":false,"template":"","format":"standard","meta":{"footnotes":""},"categories":[15,7],"tags":[34880,44526,78],"class_list":{"0":"post-150383","1":"post","2":"type-post","3":"status-publish","4":"format-standard","5":"has-post-thumbnail","7":"category-destaques","8":"category-policia","9":"tag-delegacia-de-turismo","10":"tag-furtos-de-eletronicos","11":"tag-policia-civil"},"_links":{"self":[{"href":"https:\/\/senoticias.com.br\/se\/wp-json\/wp\/v2\/posts\/150383"}],"collection":[{"href":"https:\/\/senoticias.com.br\/se\/wp-json\/wp\/v2\/posts"}],"about":[{"href":"https:\/\/senoticias.com.br\/se\/wp-json\/wp\/v2\/types\/post"}],"author":[{"embeddable":true,"href":"https:\/\/senoticias.com.br\/se\/wp-json\/wp\/v2\/users\/6557"}],"replies":[{"embeddable":true,"href":"https:\/\/senoticias.com.br\/se\/wp-json\/wp\/v2\/comments?post=150383"}],"version-history":[{"count":0,"href":"https:\/\/senoticias.com.br\/se\/wp-json\/wp\/v2\/posts\/150383\/revisions"}],"wp:featuredmedia":[{"embeddable":true,"href":"https:\/\/senoticias.com.br\/se\/wp-json\/wp\/v2\/media\/150384"}],"wp:attachment":[{"href":"https:\/\/senoticias.com.br\/se\/wp-json\/wp\/v2\/media?parent=150383"}],"wp:term":[{"taxonomy":"category","embeddable":true,"href":"https:\/\/senoticias.com.br\/se\/wp-json\/wp\/v2\/categories?post=150383"},{"taxonomy":"post_tag","embeddable":true,"href":"https:\/\/senoticias.com.br\/se\/wp-json\/wp\/v2\/tags?post=150383"}],"curies":[{"name":"wp","href":"https:\/\/api.w.org\/{rel}","templated":true}]}}