{"id":150265,"date":"2025-11-27T20:20:47","date_gmt":"2025-11-27T23:20:47","guid":{"rendered":"https:\/\/senoticias.com.br\/se\/?p=150265"},"modified":"2025-11-27T20:20:47","modified_gmt":"2025-11-27T23:20:47","slug":"segundona-do-turista-apresenta-programacao-especial-na-rua-sao-joao-na-proxima-segunda-feira-dia-1o","status":"publish","type":"post","link":"https:\/\/senoticias.com.br\/se\/segundona-do-turista-apresenta-programacao-especial-na-rua-sao-joao-na-proxima-segunda-feira-dia-1o\/","title":{"rendered":"Segundona do Turista apresenta programa\u00e7\u00e3o especial na Rua S\u00e3o Jo\u00e3o na pr\u00f3xima segunda-feira, dia 1\u00ba"},"content":{"rendered":"<p>&nbsp;<\/p>\n<p>A Rua S\u00e3o Jo\u00e3o, um dos principais pontos de refer\u00eancia cultural de Aracaju, recebe, na pr\u00f3xima segunda-feira, dia 1\u00ba de dezembro, mais uma edi\u00e7\u00e3o da Segundona do Turista, evento realizado pelo Governo de Sergipe, por meio da Funda\u00e7\u00e3o de Cultura e Arte Aperip\u00ea de Sergipe (Funcap). A iniciativa, que j\u00e1 se consolidou como atra\u00e7\u00e3o semanal voltada \u00e0 promo\u00e7\u00e3o da cultura sergipana e ao fortalecimento do turismo local, traz uma programa\u00e7\u00e3o diversificada voltada para turistas e moradores.<\/p>\n<p>A partir das 18h, o p\u00fablico ser\u00e1 recebido ao som de Robertinho dos 8 Baixos, que abre a noite com um repert\u00f3rio tradicional de forr\u00f3 p\u00e9 de serra, destacando a sonoridade caracter\u00edstica da sanfona de oito baixos, patrim\u00f4nio cultural nordestino.<\/p>\n<div id=\"attachment_150266\" style=\"width: 594px\" class=\"wp-caption aligncenter\"><a href=\"https:\/\/senoticias.com.br\/se\/wp-content\/uploads\/2025\/11\/Segunda-do-Turista-SE-Noticias.jpg\"><img loading=\"lazy\" decoding=\"async\" aria-describedby=\"caption-attachment-150266\" class=\"size-full wp-image-150266\" src=\"https:\/\/senoticias.com.br\/se\/wp-content\/uploads\/2025\/11\/Segunda-do-Turista-SE-Noticias.jpg\" alt=\"\" width=\"584\" height=\"342\" srcset=\"https:\/\/senoticias.com.br\/se\/wp-content\/uploads\/2025\/11\/Segunda-do-Turista-SE-Noticias.jpg 584w, https:\/\/senoticias.com.br\/se\/wp-content\/uploads\/2025\/11\/Segunda-do-Turista-SE-Noticias-300x176.jpg 300w\" sizes=\"(max-width: 584px) 100vw, 584px\" \/><\/a><p id=\"caption-attachment-150266\" class=\"wp-caption-text\">Segundona do Turista ter\u00e1 programa\u00e7\u00e3o especial dia 1\u00ba dezembro &#8211; Foto:\u00a0 Erick O\u2019Hara<\/p><\/div>\n<p>\u00c0s 20h, a festa ganha ainda mais cor e movimento com a apresenta\u00e7\u00e3o da Quadrilha Raio da Silibrina, grupo reconhecido por suas coreografias, figurinos e performances que preservam a tradi\u00e7\u00e3o junina e encantam o p\u00fablico pela est\u00e9tica e pela energia contagiante.<\/p>\n<p>Encerrando a programa\u00e7\u00e3o, \u00e0s 21h, sobe ao palco a dupla Zito &amp; Zety, trazendo um show voltado ao forr\u00f3 contempor\u00e2neo, com m\u00fasicas que dialogam com diferentes gera\u00e7\u00f5es e refor\u00e7am a identidade musical nordestina.<\/p>\n<p>O evento \u00e9 uma iniciativa do Governo de Sergipe, por meio da Funda\u00e7\u00e3o de Cultura e Arte Aperip\u00ea (Funcap), em parceria com o Centro Social e Cultural S\u00e3o Jo\u00e3o de Deus e com apoio das Secretarias de Estado do Turismo (Setur), do Trabalho (Seteem) e da Comunica\u00e7\u00e3o Social (Secom).<\/p>\n<p><strong>Segundona do Turista<\/strong><\/p>\n<p>A Segundona do Turista tem como objetivo valorizar os artistas locais e descentralizar a cultura, levando atra\u00e7\u00f5es de diversas partes do estado para celebrar o forr\u00f3 e as tradi\u00e7\u00f5es sergipanas. O evento ocorre quinzenalmente, sempre \u00e0s segundas-feiras, e seguir\u00e1 com sua programa\u00e7\u00e3o at\u00e9 dezembro.<\/p>\n<p><strong><em>Acompanhe tamb\u00e9m o SE Not\u00edcias no\u00a0<a href=\"https:\/\/twitter.com\/Senoticias\" target=\"_blank\" rel=\"noreferrer noopener\">Twitter<\/a>,\u00a0<a href=\"https:\/\/www.facebook.com\/senoticias1\" target=\"_blank\" rel=\"noreferrer noopener\">Facebook<\/a>\u00a0e no\u00a0<a href=\"https:\/\/www.instagram.com\/senoticias\/\" target=\"_blank\" rel=\"noreferrer noopener\">Instagram<\/a><\/em><\/strong><\/p>\n<p>Fonte: Ag\u00eancia Sergipe de Not\u00edcias<\/p>\n","protected":false},"excerpt":{"rendered":"<p>&nbsp; A Rua S\u00e3o Jo\u00e3o, um dos principais pontos de refer\u00eancia cultural de Aracaju, recebe, na pr\u00f3xima segunda-feira, dia 1\u00ba de dezembro, mais uma edi\u00e7\u00e3o da Segundona do Turista, evento realizado pelo Governo de Sergipe, por meio da Funda\u00e7\u00e3o de Cultura e Arte Aperip\u00ea de Sergipe (Funcap). A iniciativa, que j\u00e1 se consolidou como atra\u00e7\u00e3o [&hellip;]<\/p>\n","protected":false},"author":6557,"featured_media":150266,"comment_status":"closed","ping_status":"closed","sticky":false,"template":"","format":"standard","meta":{"footnotes":""},"categories":[15,21],"tags":[43746,44497],"class_list":{"0":"post-150265","1":"post","2":"type-post","3":"status-publish","4":"format-standard","5":"has-post-thumbnail","7":"category-destaques","8":"category-entretenimento","9":"tag-rua-sao-joao","10":"tag-segunda-do-turista"},"_links":{"self":[{"href":"https:\/\/senoticias.com.br\/se\/wp-json\/wp\/v2\/posts\/150265"}],"collection":[{"href":"https:\/\/senoticias.com.br\/se\/wp-json\/wp\/v2\/posts"}],"about":[{"href":"https:\/\/senoticias.com.br\/se\/wp-json\/wp\/v2\/types\/post"}],"author":[{"embeddable":true,"href":"https:\/\/senoticias.com.br\/se\/wp-json\/wp\/v2\/users\/6557"}],"replies":[{"embeddable":true,"href":"https:\/\/senoticias.com.br\/se\/wp-json\/wp\/v2\/comments?post=150265"}],"version-history":[{"count":0,"href":"https:\/\/senoticias.com.br\/se\/wp-json\/wp\/v2\/posts\/150265\/revisions"}],"wp:featuredmedia":[{"embeddable":true,"href":"https:\/\/senoticias.com.br\/se\/wp-json\/wp\/v2\/media\/150266"}],"wp:attachment":[{"href":"https:\/\/senoticias.com.br\/se\/wp-json\/wp\/v2\/media?parent=150265"}],"wp:term":[{"taxonomy":"category","embeddable":true,"href":"https:\/\/senoticias.com.br\/se\/wp-json\/wp\/v2\/categories?post=150265"},{"taxonomy":"post_tag","embeddable":true,"href":"https:\/\/senoticias.com.br\/se\/wp-json\/wp\/v2\/tags?post=150265"}],"curies":[{"name":"wp","href":"https:\/\/api.w.org\/{rel}","templated":true}]}}