{"id":149973,"date":"2025-10-31T12:02:41","date_gmt":"2025-10-31T15:02:41","guid":{"rendered":"https:\/\/senoticias.com.br\/se\/?p=149973"},"modified":"2025-10-31T16:03:27","modified_gmt":"2025-10-31T19:03:27","slug":"lava-jato-e-comercios-sao-autuados-por-furto-de-energia-no-centro-de-aracaju","status":"publish","type":"post","link":"https:\/\/senoticias.com.br\/se\/lava-jato-e-comercios-sao-autuados-por-furto-de-energia-no-centro-de-aracaju\/","title":{"rendered":"Lava-jato e com\u00e9rcios s\u00e3o autuados por furto de energia no Centro de Aracaju"},"content":{"rendered":"<p>Uma opera\u00e7\u00e3o conjunta da Energisa, Pol\u00edcia Civil e Pol\u00edcia Cient\u00edfica na \u00faltima quarta-feira (29) resultou na autua\u00e7\u00e3o de um lava-jato e uma pastelaria, localizados no Centro de Aracaju, por furto de energia el\u00e9trica. Os propriet\u00e1rios dos estabelecimentos, tr\u00eas pessoas no total, foram conduzidos \u00e0 delegacia para prestar esclarecimentos.<\/p>\n<div id=\"attachment_149974\" style=\"width: 609px\" class=\"wp-caption aligncenter\"><a href=\"https:\/\/senoticias.com.br\/se\/wp-content\/uploads\/2025\/10\/IMG_4910-e1761922903761.jpeg\"><img loading=\"lazy\" decoding=\"async\" aria-describedby=\"caption-attachment-149974\" class=\"size-full wp-image-149974\" src=\"https:\/\/senoticias.com.br\/se\/wp-content\/uploads\/2025\/10\/IMG_4910-e1761922903761.jpeg\" alt=\"\" width=\"599\" height=\"799\" \/><\/a><p id=\"caption-attachment-149974\" class=\"wp-caption-text\">Os propriet\u00e1rios dos estabelecimentos, tr\u00eas pessoas no total, foram conduzidos \u00e0 delegacia &#8211; Foto: ascom\/Energisa<\/p><\/div>\n<p>A a\u00e7\u00e3o foi deflagrada ap\u00f3s den\u00fancias de liga\u00e7\u00f5es clandestinas nos dois endere\u00e7os. Durante as investiga\u00e7\u00f5es realizadas no local, os agentes identificaram ainda um terceiro ponto com irregularidades. Uma mercearia no bairro Santa Maria tamb\u00e9m foi flagrada cometendo o mesmo crime.<\/p>\n<p>Em nota, o coordenador de equipes de campo da Energisa, Jo\u00e3o Victor S\u00e1, explicou os perigos envolvidos. \u201cAs liga\u00e7\u00f5es clandestinas trazem s\u00e9rios riscos de morte para a popula\u00e7\u00e3o, al\u00e9m dos preju\u00edzos na qualidade do fornecimento de energia e o aumento no custo da fatura de energia. Apenas os nossos profissionais s\u00e3o capacitados e autorizados para realizar interven\u00e7\u00e3o na rede el\u00e9trica\u201d, afirmou.<\/p>\n<p><strong>N\u00fameros do furto de energia em Sergipe<\/strong><\/p>\n<p>A situa\u00e7\u00e3o em Aracaju reflete um problema em todo o estado. Somente este ano, a Energisa Sergipe j\u00e1 identificou mais de 4 mil irregularidades nos 63 munic\u00edpios sob sua concess\u00e3o. Com as a\u00e7\u00f5es, a empresa recuperou 10,37 GWh de energia, volume suficiente para abastecer o munic\u00edpio de Frei Paulo por um ano inteiro, dando a dimens\u00e3o do preju\u00edzo causado pelos desvios.<\/p>\n<p><strong>Como denunciar<\/strong><\/p>\n<p>A popula\u00e7\u00e3o pode ajudar no combate a esse tipo de crime fazendo den\u00fancias, de forma an\u00f4nima, pelos seguintes canais:<\/p>\n<p>\u00b7 Telefone: 0800 079 0196<br \/>\n\u00b7 WhatsApp: www.gisa.energisa.com.br<br \/>\n\u00b7 Aplicativo: Energisa On<\/p>\n<p>As den\u00fancias s\u00e3o fundamentais para coibir pr\u00e1ticas ilegais que, al\u00e9m de perigosas, onera todos os consumidores.<\/p>\n<p><strong><em>Acompanhe tamb\u00e9m o SE Not\u00edcias no\u00a0<a href=\"https:\/\/twitter.com\/Senoticias\" target=\"_blank\" rel=\"noreferrer noopener\">Twitter<\/a>,\u00a0<a href=\"https:\/\/www.facebook.com\/senoticias1\" target=\"_blank\" rel=\"noreferrer noopener\">Facebook<\/a>\u00a0e no\u00a0<a href=\"https:\/\/www.instagram.com\/senoticias\/\" target=\"_blank\" rel=\"noreferrer noopener\">Instagram<\/a><\/em><\/strong><\/p>\n<p>Fonte: SSP\/SE<\/p>\n","protected":false},"excerpt":{"rendered":"<p>Uma opera\u00e7\u00e3o conjunta da Energisa, Pol\u00edcia Civil e Pol\u00edcia Cient\u00edfica na \u00faltima quarta-feira (29) resultou na autua\u00e7\u00e3o de um lava-jato e uma pastelaria, localizados no Centro de Aracaju, por furto de energia el\u00e9trica. Os propriet\u00e1rios dos estabelecimentos, tr\u00eas pessoas no total, foram conduzidos \u00e0 delegacia para prestar esclarecimentos. A a\u00e7\u00e3o foi deflagrada ap\u00f3s den\u00fancias de [&hellip;]<\/p>\n","protected":false},"author":6557,"featured_media":0,"comment_status":"closed","ping_status":"closed","sticky":false,"template":"","format":"standard","meta":{"footnotes":""},"categories":[15,6],"tags":[5967,34833,34832,38323,78],"class_list":{"0":"post-149973","1":"post","2":"type-post","3":"status-publish","4":"format-standard","6":"category-destaques","7":"category-politica","8":"tag-energisa","9":"tag-energisa-on","10":"tag-furto-de-energia","11":"tag-policia-cientifica","12":"tag-policia-civil"},"_links":{"self":[{"href":"https:\/\/senoticias.com.br\/se\/wp-json\/wp\/v2\/posts\/149973"}],"collection":[{"href":"https:\/\/senoticias.com.br\/se\/wp-json\/wp\/v2\/posts"}],"about":[{"href":"https:\/\/senoticias.com.br\/se\/wp-json\/wp\/v2\/types\/post"}],"author":[{"embeddable":true,"href":"https:\/\/senoticias.com.br\/se\/wp-json\/wp\/v2\/users\/6557"}],"replies":[{"embeddable":true,"href":"https:\/\/senoticias.com.br\/se\/wp-json\/wp\/v2\/comments?post=149973"}],"version-history":[{"count":0,"href":"https:\/\/senoticias.com.br\/se\/wp-json\/wp\/v2\/posts\/149973\/revisions"}],"wp:attachment":[{"href":"https:\/\/senoticias.com.br\/se\/wp-json\/wp\/v2\/media?parent=149973"}],"wp:term":[{"taxonomy":"category","embeddable":true,"href":"https:\/\/senoticias.com.br\/se\/wp-json\/wp\/v2\/categories?post=149973"},{"taxonomy":"post_tag","embeddable":true,"href":"https:\/\/senoticias.com.br\/se\/wp-json\/wp\/v2\/tags?post=149973"}],"curies":[{"name":"wp","href":"https:\/\/api.w.org\/{rel}","templated":true}]}}