{"id":149934,"date":"2025-10-28T14:06:12","date_gmt":"2025-10-28T17:06:12","guid":{"rendered":"https:\/\/senoticias.com.br\/se\/?p=149934"},"modified":"2025-10-28T14:34:25","modified_gmt":"2025-10-28T17:34:25","slug":"corpo-de-bombeiros-resgata-vitimas-de-capotamento-na-br-101","status":"publish","type":"post","link":"https:\/\/senoticias.com.br\/se\/corpo-de-bombeiros-resgata-vitimas-de-capotamento-na-br-101\/","title":{"rendered":"Corpo de Bombeiros resgata v\u00edtimas de capotamento na BR-101"},"content":{"rendered":"<p>A equipe do 4\u00ba Grupamento Bombeiro Militar de Sergipe (GBM), localizado em Nossa Senhora do Socorro, foi acionada no in\u00edcio da manh\u00e3 desta ter\u00e7a-feira (28) para uma ocorr\u00eancia de resgate veicular na BR-101, no munic\u00edpio de Maruim. Um carro capotou e ficou preso em um morro, \u00e0s margens da rodovia.<\/p>\n<div id=\"attachment_149936\" style=\"width: 586px\" class=\"wp-caption aligncenter\"><a href=\"https:\/\/senoticias.com.br\/se\/wp-content\/uploads\/2025\/10\/Acidente-na-BR-101-SE-Noticias.jpeg\"><img loading=\"lazy\" decoding=\"async\" aria-describedby=\"caption-attachment-149936\" class=\"size-full wp-image-149936\" src=\"https:\/\/senoticias.com.br\/se\/wp-content\/uploads\/2025\/10\/Acidente-na-BR-101-SE-Noticias.jpeg\" alt=\"\" width=\"576\" height=\"596\" srcset=\"https:\/\/senoticias.com.br\/se\/wp-content\/uploads\/2025\/10\/Acidente-na-BR-101-SE-Noticias.jpeg 576w, https:\/\/senoticias.com.br\/se\/wp-content\/uploads\/2025\/10\/Acidente-na-BR-101-SE-Noticias-290x300.jpeg 290w\" sizes=\"(max-width: 576px) 100vw, 576px\" \/><\/a><p id=\"caption-attachment-149936\" class=\"wp-caption-text\"><br \/>Tr\u00eas pessoas ficam feridas ap\u00f3s capotamento \u2014 Foto: CBMSE<\/p><\/div>\n<p>De acordo com o sargento Jonathas Alves, dentro do carro havia tr\u00eas v\u00edtimas, conscientes e orientadas, sem suspeitas de fratura, enquanto o condutor j\u00e1 tinha conseguido sair do ve\u00edculo, tamb\u00e9m com sinais vitais est\u00e1veis. \u201cInicialmente, foram utilizadas t\u00e9cnicas para a estabiliza\u00e7\u00e3o do ve\u00edculo e, posteriormente, t\u00e9cnicas de corte para extra\u00e7\u00e3o de uma das v\u00edtimas pela porta. As outras duas v\u00edtimas foram retiradas, em protocolo, somente com a abertura das portas\u201d, explicou.<\/p>\n<p>Ap\u00f3s o resgate, as v\u00edtimas receberam atendimento das equipes do Servi\u00e7o de Atendimento M\u00f3vel de Urg\u00eancia (Samu), sendo encaminhadas ao hospital em tr\u00eas ambul\u00e2ncias: uma Unidade de Suporte Avan\u00e7ado (USA) e duas Unidades de Suporte B\u00e1sico (USB). O isolamento da \u00e1rea e controle do tr\u00e2nsito foram realizados pela Pol\u00edcia Rodovi\u00e1ria Federal (PRF).<\/p>\n<p><strong><em>Acompanhe tamb\u00e9m o SE Not\u00edcias no\u00a0<a href=\"https:\/\/twitter.com\/Senoticias\" target=\"_blank\" rel=\"noreferrer noopener\">Twitter<\/a>,\u00a0<a href=\"https:\/\/www.facebook.com\/senoticias1\" target=\"_blank\" rel=\"noreferrer noopener\">Facebook<\/a>\u00a0e no\u00a0<a href=\"https:\/\/www.instagram.com\/senoticias\/\" target=\"_blank\" rel=\"noreferrer noopener\">Instagram<\/a><\/em><\/strong><\/p>\n<p>Fonte: Ascom CBM\/SE<\/p>\n","protected":false},"excerpt":{"rendered":"<p>A equipe do 4\u00ba Grupamento Bombeiro Militar de Sergipe (GBM), localizado em Nossa Senhora do Socorro, foi acionada no in\u00edcio da manh\u00e3 desta ter\u00e7a-feira (28) para uma ocorr\u00eancia de resgate veicular na BR-101, no munic\u00edpio de Maruim. Um carro capotou e ficou preso em um morro, \u00e0s margens da rodovia. De acordo com o sargento [&hellip;]<\/p>\n","protected":false},"author":6557,"featured_media":149936,"comment_status":"closed","ping_status":"closed","sticky":false,"template":"","format":"standard","meta":{"footnotes":""},"categories":[15,6],"tags":[254,8237,4511,44410],"class_list":{"0":"post-149934","1":"post","2":"type-post","3":"status-publish","4":"format-standard","5":"has-post-thumbnail","7":"category-destaques","8":"category-politica","9":"tag-acidente-em-maruim","10":"tag-capotamento","11":"tag-cbmse","12":"tag-tres-feridos"},"_links":{"self":[{"href":"https:\/\/senoticias.com.br\/se\/wp-json\/wp\/v2\/posts\/149934"}],"collection":[{"href":"https:\/\/senoticias.com.br\/se\/wp-json\/wp\/v2\/posts"}],"about":[{"href":"https:\/\/senoticias.com.br\/se\/wp-json\/wp\/v2\/types\/post"}],"author":[{"embeddable":true,"href":"https:\/\/senoticias.com.br\/se\/wp-json\/wp\/v2\/users\/6557"}],"replies":[{"embeddable":true,"href":"https:\/\/senoticias.com.br\/se\/wp-json\/wp\/v2\/comments?post=149934"}],"version-history":[{"count":0,"href":"https:\/\/senoticias.com.br\/se\/wp-json\/wp\/v2\/posts\/149934\/revisions"}],"wp:featuredmedia":[{"embeddable":true,"href":"https:\/\/senoticias.com.br\/se\/wp-json\/wp\/v2\/media\/149936"}],"wp:attachment":[{"href":"https:\/\/senoticias.com.br\/se\/wp-json\/wp\/v2\/media?parent=149934"}],"wp:term":[{"taxonomy":"category","embeddable":true,"href":"https:\/\/senoticias.com.br\/se\/wp-json\/wp\/v2\/categories?post=149934"},{"taxonomy":"post_tag","embeddable":true,"href":"https:\/\/senoticias.com.br\/se\/wp-json\/wp\/v2\/tags?post=149934"}],"curies":[{"name":"wp","href":"https:\/\/api.w.org\/{rel}","templated":true}]}}