{"id":149922,"date":"2025-10-27T11:40:25","date_gmt":"2025-10-27T14:40:25","guid":{"rendered":"https:\/\/senoticias.com.br\/se\/?p=149922"},"modified":"2025-10-27T11:40:25","modified_gmt":"2025-10-27T14:40:25","slug":"villela-producoes-traz-a-aracaju-fabio-rabin-e-o-espetaculo-ladeira-abaixo","status":"publish","type":"post","link":"https:\/\/senoticias.com.br\/se\/villela-producoes-traz-a-aracaju-fabio-rabin-e-o-espetaculo-ladeira-abaixo\/","title":{"rendered":"Villela Produ\u00e7\u00f5es traz a Aracaju F\u00e1bio Rabin e o espet\u00e1culo \u201cLadeira Abaixo\u201d"},"content":{"rendered":"<p>Um dos pioneiros do stand up comedy no Brasil, F\u00e1bio Rabin chega a Aracaju no dia 9 de novembro para uma noite repleta de humor e boas risadas. O comediante traz o seu novo show, \u201cLadeira Abaixo\u201d, que promete divers\u00e3o e identifica\u00e7\u00e3o imediata com o p\u00fablico sergipano. A sess\u00e3o \u00fanica acontece \u00e0s 19h, no Teatro Atheneu, com produ\u00e7\u00e3o local de Villela Produ\u00e7\u00f5es.<\/p>\n<div id=\"attachment_149923\" style=\"width: 610px\" class=\"wp-caption aligncenter\"><a href=\"https:\/\/senoticias.com.br\/se\/wp-content\/uploads\/2025\/10\/55766e2d-d11e-494e-84b5-110a752c648a.jpeg\"><img loading=\"lazy\" decoding=\"async\" aria-describedby=\"caption-attachment-149923\" class=\"wp-image-149923 size-full\" src=\"https:\/\/senoticias.com.br\/se\/wp-content\/uploads\/2025\/10\/55766e2d-d11e-494e-84b5-110a752c648a.jpeg\" alt=\"\" width=\"600\" height=\"400\" srcset=\"https:\/\/senoticias.com.br\/se\/wp-content\/uploads\/2025\/10\/55766e2d-d11e-494e-84b5-110a752c648a.jpeg 600w, https:\/\/senoticias.com.br\/se\/wp-content\/uploads\/2025\/10\/55766e2d-d11e-494e-84b5-110a752c648a-300x200.jpeg 300w, https:\/\/senoticias.com.br\/se\/wp-content\/uploads\/2025\/10\/55766e2d-d11e-494e-84b5-110a752c648a-90x60.jpeg 90w, https:\/\/senoticias.com.br\/se\/wp-content\/uploads\/2025\/10\/55766e2d-d11e-494e-84b5-110a752c648a-180x120.jpeg 180w, https:\/\/senoticias.com.br\/se\/wp-content\/uploads\/2025\/10\/55766e2d-d11e-494e-84b5-110a752c648a-95x64.jpeg 95w\" sizes=\"(max-width: 600px) 100vw, 600px\" \/><\/a><p id=\"caption-attachment-149923\" class=\"wp-caption-text\">Apresenta\u00e7\u00e3o acontece no dia 09 de novembro, a partir das 19h, no Teatro Atheneu &#8211; Foto: Juliana Nunes<\/p><\/div>\n<p>Em sua nova apresenta\u00e7\u00e3o, F\u00e1bio Rabin transforma experi\u00eancias pessoais em piadas afiadas ao contar as tentativas de um homem de reconquistar a esposa depois de alguns deslizes. Entre situa\u00e7\u00f5es improv\u00e1veis, como viagens internacionais, encontros com \u00eddolos de cinema e at\u00e9 uma busca por uma baleia em alto-mar, o humorista constr\u00f3i um retrato c\u00f4mico da vida adulta, combinando autocr\u00edtica, leveza e ironia.<\/p>\n<p>O espet\u00e1culo tamb\u00e9m aborda de forma descontra\u00edda as mudan\u00e7as que acompanham a chegada aos 40 anos, como novas prioridades, transforma\u00e7\u00f5es f\u00edsicas e manias que surgem com o tempo. \u201cDa\u00ed pra frente \u00e9 s\u00f3 ladeira abaixo\u201d, brinca F\u00e1bio Rabin, que encara o passar dos anos com otimismo e bom humor.<\/p>\n<p>Com mais de duas d\u00e9cadas de carreira, F\u00e1bio Rabin \u00e9 um dos principais nomes do stand up brasileiro. O paulistano iniciou sua trajet\u00f3ria em 2002 e se destacou em programas de grande audi\u00eancia como P\u00e2nico na TV e Com\u00e9dia MTV. Desde ent\u00e3o, tem lotado teatros em todo o pa\u00eds e no exterior, consolidando um estilo inteligente e irreverente que o tornou refer\u00eancia no g\u00eanero.<\/p>\n<p>Os ingressos para \u201cLadeira Abaixo\u201d est\u00e3o dispon\u00edveis na bilheteria do Teatro Atheneu e no site Ingresso Digital. Clientes Banese Card t\u00eam 50% de desconto na compra de at\u00e9 dois ingressos, sendo um para o titular e outro para o acompanhante. Tamb\u00e9m h\u00e1 a op\u00e7\u00e3o de ingresso solid\u00e1rio mediante doa\u00e7\u00e3o de 1 kg de alimento n\u00e3o perec\u00edvel na entrada do evento, al\u00e9m dos descontos garantidos por lei para estudantes, professores e pessoas acima de 60 anos.<\/p>\n<p>&nbsp;<\/p>\n<p>Da Assessoria de Imprensa<\/p>\n","protected":false},"excerpt":{"rendered":"<p>Um dos pioneiros do stand up comedy no Brasil, F\u00e1bio Rabin chega a Aracaju no dia 9 de novembro para uma noite repleta de humor e boas risadas. O comediante traz o seu novo show, \u201cLadeira Abaixo\u201d, que promete divers\u00e3o e identifica\u00e7\u00e3o imediata com o p\u00fablico sergipano. A sess\u00e3o \u00fanica acontece \u00e0s 19h, no Teatro [&hellip;]<\/p>\n","protected":false},"author":6557,"featured_media":0,"comment_status":"closed","ping_status":"closed","sticky":false,"template":"","format":"standard","meta":{"footnotes":""},"categories":[15,21],"tags":[44406,44407],"class_list":{"0":"post-149922","1":"post","2":"type-post","3":"status-publish","4":"format-standard","6":"category-destaques","7":"category-entretenimento","8":"tag-fabio-rabin","9":"tag-ladeira-abaixo"},"_links":{"self":[{"href":"https:\/\/senoticias.com.br\/se\/wp-json\/wp\/v2\/posts\/149922"}],"collection":[{"href":"https:\/\/senoticias.com.br\/se\/wp-json\/wp\/v2\/posts"}],"about":[{"href":"https:\/\/senoticias.com.br\/se\/wp-json\/wp\/v2\/types\/post"}],"author":[{"embeddable":true,"href":"https:\/\/senoticias.com.br\/se\/wp-json\/wp\/v2\/users\/6557"}],"replies":[{"embeddable":true,"href":"https:\/\/senoticias.com.br\/se\/wp-json\/wp\/v2\/comments?post=149922"}],"version-history":[{"count":0,"href":"https:\/\/senoticias.com.br\/se\/wp-json\/wp\/v2\/posts\/149922\/revisions"}],"wp:attachment":[{"href":"https:\/\/senoticias.com.br\/se\/wp-json\/wp\/v2\/media?parent=149922"}],"wp:term":[{"taxonomy":"category","embeddable":true,"href":"https:\/\/senoticias.com.br\/se\/wp-json\/wp\/v2\/categories?post=149922"},{"taxonomy":"post_tag","embeddable":true,"href":"https:\/\/senoticias.com.br\/se\/wp-json\/wp\/v2\/tags?post=149922"}],"curies":[{"name":"wp","href":"https:\/\/api.w.org\/{rel}","templated":true}]}}