{"id":149919,"date":"2025-10-27T11:15:45","date_gmt":"2025-10-27T14:15:45","guid":{"rendered":"https:\/\/senoticias.com.br\/se\/?p=149919"},"modified":"2025-10-27T11:16:59","modified_gmt":"2025-10-27T14:16:59","slug":"vila-da-crianca-encerra-segunda-edicao-com-aprovacao-do-publico","status":"publish","type":"post","link":"https:\/\/senoticias.com.br\/se\/vila-da-crianca-encerra-segunda-edicao-com-aprovacao-do-publico\/","title":{"rendered":"Vila da Crian\u00e7a encerra segunda edi\u00e7\u00e3o com aprova\u00e7\u00e3o do p\u00fablico"},"content":{"rendered":"<p>&nbsp;<\/p>\n<p>Chegou ao fim neste domingo, 26, a segunda edi\u00e7\u00e3o da Vila da Crian\u00e7a, um espa\u00e7o tem\u00e1tico organizado pelo Governo do Estado para celebrar o m\u00eas das crian\u00e7as. O evento, montado na pra\u00e7a de eventos da Orla da Atalaia, em Aracaju, foi oficialmente aberto no \u00faltimo dia 3, e ofereceu, diariamente, atra\u00e7\u00f5es gratuitas como roda-gigante, minicidade, teatro, cinema, arena gamer, Aqua Nave, piscina de bolinhas, espa\u00e7o de recrea\u00e7\u00e3o, brinquedos acess\u00edveis e espa\u00e7o multissensorial.<\/p>\n<div id=\"attachment_149920\" style=\"width: 609px\" class=\"wp-caption alignnone\"><a href=\"https:\/\/senoticias.com.br\/se\/wp-content\/uploads\/2025\/10\/44cceec7-7a0f-4a4c-96e2-77ddcd8344f5-e1761574588331.jpeg\"><img loading=\"lazy\" decoding=\"async\" aria-describedby=\"caption-attachment-149920\" class=\"wp-image-149920 size-full\" src=\"https:\/\/senoticias.com.br\/se\/wp-content\/uploads\/2025\/10\/44cceec7-7a0f-4a4c-96e2-77ddcd8344f5-e1761574588331.jpeg\" alt=\"\" width=\"599\" height=\"399\" \/><\/a><p id=\"caption-attachment-149920\" class=\"wp-caption-text\">Foto: Igor Matias<\/p><\/div>\n<p>No encerramento deste domingo, pais, filhos, turistas, comerciantes e artistas destacaram a satisfa\u00e7\u00e3o com o evento. Priscila Santos foi uma dessas pessoas. Ela foi \u00e0 Vila para levar o filho \u00e0 Arena Gamer. \u201cTrouxe ele e o coleguinha, o filho da minha vizinha, de 4 anos, mas, antes, fomos \u00e0 roda-gigante e outras atra\u00e7\u00f5es. O evento foi muito bom. Teve muitas op\u00e7\u00f5es e foi bem seguro, tranquilo\u201d, avaliou.<\/p>\n<p>Para se despedir da Vila, G\u00e9ssica Santana foi com o marido e as duas filhas, Let\u00edcia e Lu\u00edsa, prestigiar o teatro do Corpo de Bombeiros. \u201cElas se engajaram com o espet\u00e1culo. Aprenderam brincando sobre as dicas de seguran\u00e7a passadas pelos militares. \u00c9, sem d\u00favida, um grande evento\u201d, pontuou.<\/p>\n<p>A Vila da Crian\u00e7a trouxe, tamb\u00e9m, um local reservado que serviu de Sala Multissensorial, cujo objetivo foi ser um ponto de apoio e seguran\u00e7a para crian\u00e7as neurodivergentes. Luciana Bomfim \u00e9 m\u00e3e de Matheus Pac\u00edfico, de 3 anos, diagnosticado com Transtorno de Espectro Autista (TEA). Segundo ela, ir \u00e0 Vila ajudou na intera\u00e7\u00e3o com o filho. \u201cVim porque sabia da exist\u00eancia da Sala. A Vila foi muito linda, com muitas cores, muitos cheiros e eu sabia que isso o agu\u00e7aria os sentidos dele, ent\u00e3o, ter um espa\u00e7o reservado para as necessidades dele foi especial. S\u00f3 tenho que agradecer por nos inclu\u00edrem na festa\u201d, considerou.<\/p>\n<p>Para quem vem de outras cidades e at\u00e9 estados, vir para Sergipe oferece gratas op\u00e7\u00f5es, como a Vila da Crian\u00e7a. O motorista pernambucano Thiago Lucas Barroso optou por se mudar, junto com a fam\u00edlia, para o estado. Acompanhado das filhas, Sofia e Laura, e da sobrinha Gabriela, ele aguardava a sess\u00e3o do cinema no \u00faltimo dia da Vila da Crian\u00e7a 2025. \u201c\u00c9 um evento maravilhoso, ficamos bastante impressionados com a estrutura. Foi tudo planejado direitinho e, hoje, no \u00faltimo dia, viemos ao cinema, Arena Gamer e ao teatro\u201d, contou.<\/p>\n<p>Os ambulantes tamb\u00e9m se sentiram contemplados pela segunda edi\u00e7\u00e3o da Vila das Crian\u00e7as. Adriana Alves trabalha h\u00e1 cinco anos como aut\u00f4noma e, neste ano, executou uma ideia exclusiva para a Vila da Crian\u00e7a. \u201cTrouxe ma\u00e7\u00e3 do amor, morango do amor e chocolate. Trabalho com churros e pipoca, mas, para a Vila, optei por esse card\u00e1pio alternativo. Trabalhei ano passado e espero trabalhar na pr\u00f3xima Vila, tamb\u00e9m, que \u00e9 do Natal\u201d, planejou, ao revelar, ainda, que registrou 30% de aumento nas vendas deste ano em rela\u00e7\u00e3o \u00e0 primeira edi\u00e7\u00e3o da Vila, no ano passado.<\/p>\n<p><strong>Realiza\u00e7\u00e3o<\/strong><\/p>\n<p>A Vila da Crian\u00e7a foi uma realiza\u00e7\u00e3o do Governo do Estado, por meio da Funda\u00e7\u00e3o de Cultura e Arte Aperip\u00ea de Sergipe (Funcap), com o apoio da Netiz e Igu\u00e1, e patroc\u00ednio do Banese.<\/p>\n<p><strong><em>Acompanhe tamb\u00e9m o SE Not\u00edcias no\u00a0<a href=\"https:\/\/twitter.com\/Senoticias\" target=\"_blank\" rel=\"noreferrer noopener\">Twitter<\/a>,\u00a0<a href=\"https:\/\/www.facebook.com\/senoticias1\" target=\"_blank\" rel=\"noreferrer noopener\">Facebook<\/a>\u00a0e no\u00a0<a href=\"https:\/\/www.instagram.com\/senoticias\/\" target=\"_blank\" rel=\"noreferrer noopener\">Instagram<\/a><\/em><\/strong><\/p>\n<p>Fonte: Ag\u00eancia Sergipe de Noticias<\/p>\n","protected":false},"excerpt":{"rendered":"<p>&nbsp; Chegou ao fim neste domingo, 26, a segunda edi\u00e7\u00e3o da Vila da Crian\u00e7a, um espa\u00e7o tem\u00e1tico organizado pelo Governo do Estado para celebrar o m\u00eas das crian\u00e7as. O evento, montado na pra\u00e7a de eventos da Orla da Atalaia, em Aracaju, foi oficialmente aberto no \u00faltimo dia 3, e ofereceu, diariamente, atra\u00e7\u00f5es gratuitas como roda-gigante, [&hellip;]<\/p>\n","protected":false},"author":6557,"featured_media":0,"comment_status":"closed","ping_status":"closed","sticky":false,"template":"","format":"standard","meta":{"footnotes":""},"categories":[15],"tags":[42370],"class_list":{"0":"post-149919","1":"post","2":"type-post","3":"status-publish","4":"format-standard","6":"category-destaques","7":"tag-vila-da-crianca"},"_links":{"self":[{"href":"https:\/\/senoticias.com.br\/se\/wp-json\/wp\/v2\/posts\/149919"}],"collection":[{"href":"https:\/\/senoticias.com.br\/se\/wp-json\/wp\/v2\/posts"}],"about":[{"href":"https:\/\/senoticias.com.br\/se\/wp-json\/wp\/v2\/types\/post"}],"author":[{"embeddable":true,"href":"https:\/\/senoticias.com.br\/se\/wp-json\/wp\/v2\/users\/6557"}],"replies":[{"embeddable":true,"href":"https:\/\/senoticias.com.br\/se\/wp-json\/wp\/v2\/comments?post=149919"}],"version-history":[{"count":0,"href":"https:\/\/senoticias.com.br\/se\/wp-json\/wp\/v2\/posts\/149919\/revisions"}],"wp:attachment":[{"href":"https:\/\/senoticias.com.br\/se\/wp-json\/wp\/v2\/media?parent=149919"}],"wp:term":[{"taxonomy":"category","embeddable":true,"href":"https:\/\/senoticias.com.br\/se\/wp-json\/wp\/v2\/categories?post=149919"},{"taxonomy":"post_tag","embeddable":true,"href":"https:\/\/senoticias.com.br\/se\/wp-json\/wp\/v2\/tags?post=149919"}],"curies":[{"name":"wp","href":"https:\/\/api.w.org\/{rel}","templated":true}]}}