{"id":149917,"date":"2025-10-27T10:09:19","date_gmt":"2025-10-27T13:09:19","guid":{"rendered":"https:\/\/senoticias.com.br\/se\/?p=149917"},"modified":"2025-10-27T10:09:19","modified_gmt":"2025-10-27T13:09:19","slug":"governo-municipal-divulga-programacao-do-pacatuba-fest-2025","status":"publish","type":"post","link":"https:\/\/senoticias.com.br\/se\/governo-municipal-divulga-programacao-do-pacatuba-fest-2025\/","title":{"rendered":"Governo Municipal divulga programa\u00e7\u00e3o do Pacatuba Fest 2025"},"content":{"rendered":"<p>O Governo Municipal de Pacatuba, por meio da Secretaria de Cultura e Turismo, anunciou na quinta-feira, 23\/10, as atra\u00e7\u00f5es do<strong> Pacatuba Fest 2025<\/strong>, um dos maiores eventos culturais do munic\u00edpio. A festa promete reunir a alegria do povo pacatubense e visitantes de toda a regi\u00e3o, com uma programa\u00e7\u00e3o musical diversificada que acontecer\u00e1 nos dias 22 e 23 de novembro.<\/p>\n<p>No primeiro dia de festa, subir\u00e3o ao palco Simone Morena, Mikael Santos e Cavaleiros do Forr\u00f3. J\u00e1 no dia 23, o grupo Parangol\u00e9 vai puxar o trio el\u00e9trico pela avenida e no palco quem comandar\u00e1 ser\u00e1 Leone o Nobre, Mulheres Perdidas e Heitor Costa.<\/p>\n<p>\u201cO Pacatuba Fest \u00e9 o maior evento do Baixo S\u00e3o Francisco e o mais importante evento do Munic\u00edpio pela diversidade de atra\u00e7\u00f5es, que foram, cuidadosamente, selecionadas para divertir o povo e tenho certeza que vai ser mais uma festa que ir\u00e1 movimentar nossa economia local e fortalecer\u00e1 o turismo, colocando Pacatuba em destaque em todo o Estado\u201d, projetou o secret\u00e1rio municipal de Turismo, Genivaldo Vieira.<a href=\"https:\/\/senoticias.com.br\/se\/wp-content\/uploads\/2025\/10\/Pacatuba-Fest-2025-SE-Noticias.jpeg\"><img loading=\"lazy\" decoding=\"async\" class=\"size-full wp-image-149918 aligncenter\" src=\"https:\/\/senoticias.com.br\/se\/wp-content\/uploads\/2025\/10\/Pacatuba-Fest-2025-SE-Noticias.jpeg\" alt=\"\" width=\"598\" height=\"747\" srcset=\"https:\/\/senoticias.com.br\/se\/wp-content\/uploads\/2025\/10\/Pacatuba-Fest-2025-SE-Noticias.jpeg 598w, https:\/\/senoticias.com.br\/se\/wp-content\/uploads\/2025\/10\/Pacatuba-Fest-2025-SE-Noticias-240x300.jpeg 240w\" sizes=\"(max-width: 598px) 100vw, 598px\" \/><\/a><\/p>\n<p>A Prefeitura de Pacatuba est\u00e1 empenhada em realizar um evento inesquec\u00edvel e come\u00e7a a prepara\u00e7\u00e3o desde cedo. Al\u00e9m disso, a gest\u00e3o prev\u00ea o fortalecimento do com\u00e9rcio com a movimenta\u00e7\u00e3o da economia, j\u00e1 que a localidade vai receber um grande n\u00famero de visitantes.<\/p>\n<p>\u201cEstamos preparando tudo com muito carinho para o nosso querido povo, que merece essa alegria e tamb\u00e9m para receber os turistas que vir\u00e3o curtir as atra\u00e7\u00f5es. Eventos como esses s\u00e3o importantes, pois movimentam a economia e fortalecem o com\u00e9rcio local. Ent\u00e3o nossa expectativa \u00e9 a melhor poss\u00edvel para esse grande evento que est\u00e1 chegando\u201d, disse a <strong>prefeita Iara Martins<\/strong>.<\/p>\n<p><strong><em>Acompanhe tamb\u00e9m o SE Not\u00edcias no\u00a0<a href=\"https:\/\/twitter.com\/Senoticias\" target=\"_blank\" rel=\"noreferrer noopener\">Twitter<\/a>,\u00a0<a href=\"https:\/\/www.facebook.com\/senoticias1\" target=\"_blank\" rel=\"noreferrer noopener\">Facebook<\/a>\u00a0e no\u00a0<a href=\"https:\/\/www.instagram.com\/senoticias\/\" target=\"_blank\" rel=\"noreferrer noopener\">Instagram<\/a><\/em><\/strong><\/p>\n<p>Fonte: Assessoria GMP<\/p>\n","protected":false},"excerpt":{"rendered":"<p>O Governo Municipal de Pacatuba, por meio da Secretaria de Cultura e Turismo, anunciou na quinta-feira, 23\/10, as atra\u00e7\u00f5es do Pacatuba Fest 2025, um dos maiores eventos culturais do munic\u00edpio. A festa promete reunir a alegria do povo pacatubense e visitantes de toda a regi\u00e3o, com uma programa\u00e7\u00e3o musical diversificada que acontecer\u00e1 nos dias 22 [&hellip;]<\/p>\n","protected":false},"author":6557,"featured_media":149918,"comment_status":"closed","ping_status":"closed","sticky":false,"template":"","format":"standard","meta":{"footnotes":""},"categories":[15,38],"tags":[44404,44405,43872],"class_list":{"0":"post-149917","1":"post","2":"type-post","3":"status-publish","4":"format-standard","5":"has-post-thumbnail","7":"category-destaques","8":"category-municipios","9":"tag-pacatuba-fest","10":"tag-pacatuba-fest-2025","11":"tag-prefeitura-de-pacatuba"},"_links":{"self":[{"href":"https:\/\/senoticias.com.br\/se\/wp-json\/wp\/v2\/posts\/149917"}],"collection":[{"href":"https:\/\/senoticias.com.br\/se\/wp-json\/wp\/v2\/posts"}],"about":[{"href":"https:\/\/senoticias.com.br\/se\/wp-json\/wp\/v2\/types\/post"}],"author":[{"embeddable":true,"href":"https:\/\/senoticias.com.br\/se\/wp-json\/wp\/v2\/users\/6557"}],"replies":[{"embeddable":true,"href":"https:\/\/senoticias.com.br\/se\/wp-json\/wp\/v2\/comments?post=149917"}],"version-history":[{"count":0,"href":"https:\/\/senoticias.com.br\/se\/wp-json\/wp\/v2\/posts\/149917\/revisions"}],"wp:featuredmedia":[{"embeddable":true,"href":"https:\/\/senoticias.com.br\/se\/wp-json\/wp\/v2\/media\/149918"}],"wp:attachment":[{"href":"https:\/\/senoticias.com.br\/se\/wp-json\/wp\/v2\/media?parent=149917"}],"wp:term":[{"taxonomy":"category","embeddable":true,"href":"https:\/\/senoticias.com.br\/se\/wp-json\/wp\/v2\/categories?post=149917"},{"taxonomy":"post_tag","embeddable":true,"href":"https:\/\/senoticias.com.br\/se\/wp-json\/wp\/v2\/tags?post=149917"}],"curies":[{"name":"wp","href":"https:\/\/api.w.org\/{rel}","templated":true}]}}