{"id":149915,"date":"2025-10-27T06:55:56","date_gmt":"2025-10-27T09:55:56","guid":{"rendered":"https:\/\/senoticias.com.br\/se\/?p=149915"},"modified":"2025-10-27T06:55:56","modified_gmt":"2025-10-27T09:55:56","slug":"fim-de-semana-violento-nas-rodovias-de-sergipe-quatro-motociclistas-morrem-em-menos-de-48-horas","status":"publish","type":"post","link":"https:\/\/senoticias.com.br\/se\/fim-de-semana-violento-nas-rodovias-de-sergipe-quatro-motociclistas-morrem-em-menos-de-48-horas\/","title":{"rendered":"Fim de semana violento nas rodovias de Sergipe: quatro motociclistas morrem em menos de 48 horas"},"content":{"rendered":"<p>Um fim de semana marcado pela viol\u00eancia nas rodovias estaduais de Sergipe. Em menos de 48 horas, quatro motociclistas perderam a vida e pelo menos seis pessoas ficaram feridas em quatro acidentes diferentes registrados entre a sexta-feira (24) e o domingo (26). As informa\u00e7\u00f5es foram apuradas pela reportagem do<strong><em> Portal SE Not\u00edcias<\/em><\/strong>, com base em dados divulgados pelo Batalh\u00e3o de Pol\u00edcia Rodovi\u00e1ria Estadual (BPRv).<\/p>\n<p>Os acidentes envolveram, em sua maioria, jovens e motocicletas \u2014 um cen\u00e1rio que refor\u00e7a a necessidade de medidas urgentes. Seja com campanhas educativas, refor\u00e7o na fiscaliza\u00e7\u00e3o ou melhorias nas condi\u00e7\u00f5es das vias, algo precisa ser feito. As estradas sergipanas t\u00eam se tornado palco constante de trag\u00e9dias que destroem fam\u00edlias e ceifam vidas precocemente.<\/p>\n<p>Na noite de sexta-feira, 24, um jovem identificado como Enzo Felipe dos Santos, de 26 anos, morreu ap\u00f3s colidir com um animal na rodovia Jo\u00e3o Bebe \u00c1gua, em S\u00e3o Crist\u00f3v\u00e3o. A esposa dele, que estava na garupa, sofreu escoria\u00e7\u00f5es leves.<\/p>\n<p>No s\u00e1bado (25), outro motociclista morreu ao bater na lateral de um ve\u00edculo n\u00e3o identificado na SE-175, em Ribeir\u00f3polis. O motorista do carro fugiu do local sem prestar socorro.<\/p>\n<div id=\"attachment_149916\" style=\"width: 587px\" class=\"wp-caption aligncenter\"><a href=\"https:\/\/senoticias.com.br\/se\/wp-content\/uploads\/2025\/10\/Acidentes-com-mortes-SE-Noticias.jpeg\"><img loading=\"lazy\" decoding=\"async\" aria-describedby=\"caption-attachment-149916\" class=\"size-full wp-image-149916\" src=\"https:\/\/senoticias.com.br\/se\/wp-content\/uploads\/2025\/10\/Acidentes-com-mortes-SE-Noticias.jpeg\" alt=\"\" width=\"577\" height=\"303\" srcset=\"https:\/\/senoticias.com.br\/se\/wp-content\/uploads\/2025\/10\/Acidentes-com-mortes-SE-Noticias.jpeg 577w, https:\/\/senoticias.com.br\/se\/wp-content\/uploads\/2025\/10\/Acidentes-com-mortes-SE-Noticias-300x158.jpeg 300w\" sizes=\"(max-width: 577px) 100vw, 577px\" \/><\/a><p id=\"caption-attachment-149916\" class=\"wp-caption-text\">O BPRv, o Samu, o IML e a Criminal\u00edstica atenderam \u00e0s ocorr\u00eancias &#8211; Foto: BPRv<\/p><\/div>\n<p>J\u00e1 no domingo (26), dois acidentes fatais foram registrados. Em Canind\u00e9 de S\u00e3o Francisco, um motociclista morreu ap\u00f3s bater em um carro no povoado Alto Bonitona. O condutor do ve\u00edculo n\u00e3o foi encontrado. Horas depois, entre Ros\u00e1rio do Catete e General Maynard, um motociclista perdeu a vida ao colidir com um cavalo solto na pista da rodovia Jos\u00e9 Teles Barreto.<\/p>\n<p>As estat\u00edsticas refor\u00e7am um alerta: o tr\u00e2nsito sergipano precisa de aten\u00e7\u00e3o imediata. Vidas continuam sendo perdidas, e a sensa\u00e7\u00e3o \u00e9 de que a cada fim de semana a hist\u00f3ria se repete. \u00c9 hora de unir esfor\u00e7os \u2014 poder p\u00fablico, motoristas e sociedade \u2014 para mudar essa realidade.<\/p>\n<p><strong><em>Acompanhe tamb\u00e9m o SE Not\u00edcias no\u00a0<a href=\"https:\/\/twitter.com\/Senoticias\" target=\"_blank\" rel=\"noreferrer noopener\">Twitter<\/a>,\u00a0<a href=\"https:\/\/www.facebook.com\/senoticias1\" target=\"_blank\" rel=\"noreferrer noopener\">Facebook<\/a>\u00a0e no\u00a0<a href=\"https:\/\/www.instagram.com\/senoticias\/\" target=\"_blank\" rel=\"noreferrer noopener\">Instagram<\/a><\/em><\/strong><\/p>\n<p><strong>Reda\u00e7\u00e3o SE Not\u00edcias<\/strong><\/p>\n","protected":false},"excerpt":{"rendered":"<p>Um fim de semana marcado pela viol\u00eancia nas rodovias estaduais de Sergipe. Em menos de 48 horas, quatro motociclistas perderam a vida e pelo menos seis pessoas ficaram feridas em quatro acidentes diferentes registrados entre a sexta-feira (24) e o domingo (26). As informa\u00e7\u00f5es foram apuradas pela reportagem do Portal SE Not\u00edcias, com base em [&hellip;]<\/p>\n","protected":false},"author":6557,"featured_media":149916,"comment_status":"closed","ping_status":"closed","sticky":false,"template":"","format":"standard","meta":{"footnotes":""},"categories":[15,7],"tags":[44403,4203,2036,5954],"class_list":{"0":"post-149915","1":"post","2":"type-post","3":"status-publish","4":"format-standard","5":"has-post-thumbnail","7":"category-destaques","8":"category-policia","9":"tag-acidente-com-motocicletas","10":"tag-acidente-de-transito","11":"tag-bprv","12":"tag-rodovias-estaduais"},"_links":{"self":[{"href":"https:\/\/senoticias.com.br\/se\/wp-json\/wp\/v2\/posts\/149915"}],"collection":[{"href":"https:\/\/senoticias.com.br\/se\/wp-json\/wp\/v2\/posts"}],"about":[{"href":"https:\/\/senoticias.com.br\/se\/wp-json\/wp\/v2\/types\/post"}],"author":[{"embeddable":true,"href":"https:\/\/senoticias.com.br\/se\/wp-json\/wp\/v2\/users\/6557"}],"replies":[{"embeddable":true,"href":"https:\/\/senoticias.com.br\/se\/wp-json\/wp\/v2\/comments?post=149915"}],"version-history":[{"count":0,"href":"https:\/\/senoticias.com.br\/se\/wp-json\/wp\/v2\/posts\/149915\/revisions"}],"wp:featuredmedia":[{"embeddable":true,"href":"https:\/\/senoticias.com.br\/se\/wp-json\/wp\/v2\/media\/149916"}],"wp:attachment":[{"href":"https:\/\/senoticias.com.br\/se\/wp-json\/wp\/v2\/media?parent=149915"}],"wp:term":[{"taxonomy":"category","embeddable":true,"href":"https:\/\/senoticias.com.br\/se\/wp-json\/wp\/v2\/categories?post=149915"},{"taxonomy":"post_tag","embeddable":true,"href":"https:\/\/senoticias.com.br\/se\/wp-json\/wp\/v2\/tags?post=149915"}],"curies":[{"name":"wp","href":"https:\/\/api.w.org\/{rel}","templated":true}]}}