{"id":149911,"date":"2025-10-26T19:25:02","date_gmt":"2025-10-26T22:25:02","guid":{"rendered":"https:\/\/senoticias.com.br\/se\/?p=149911"},"modified":"2025-10-26T19:40:59","modified_gmt":"2025-10-26T22:40:59","slug":"corda-quebra-e-trapezista-morre-apos-cair-de-10-metros-de-altura-durante-apresentacao-de-circo-no-interior-de-sergipe","status":"publish","type":"post","link":"https:\/\/senoticias.com.br\/se\/corda-quebra-e-trapezista-morre-apos-cair-de-10-metros-de-altura-durante-apresentacao-de-circo-no-interior-de-sergipe\/","title":{"rendered":"Corda quebra e trapezista morre ap\u00f3s cair de 10 metros de altura durante apresenta\u00e7\u00e3o de circo no interior de Sergipe"},"content":{"rendered":"<p>Uma trag\u00e9dia marcou a noite deste s\u00e1bado, 25, no munic\u00edpio de Cumbe, localizado a cerca de 86 km de Aracaju. A trapezista Valdemirian Alves de Carvalho Marques, conhecida como Mirinha Carvalho, de 28 anos, morreu ap\u00f3s cair de uma altura de aproximadamente dez metros durante uma apresenta\u00e7\u00e3o do Circo S\u00e3o Geraldo.<\/p>\n<p>De acordo com <strong>informa\u00e7\u00f5es divulgadas pela dire\u00e7\u00e3o do circo, Mirinha realizava um n\u00famero a\u00e9reo quando a corda se rompeu e ela caiu.<\/strong> O p\u00fablico, inicialmente sem entender o que havia acontecido, ficou em choque ao perceber a gravidade da situa\u00e7\u00e3o. A artista foi socorrida pelo Servi\u00e7o de Atendimento M\u00f3vel de Urg\u00eancia (SAMU) e encaminhada ao Hospital Regional de Nossa Senhora da Gl\u00f3ria, mas n\u00e3o resistiu aos ferimentos.<\/p>\n<div id=\"attachment_149912\" style=\"width: 583px\" class=\"wp-caption aligncenter\"><a href=\"https:\/\/senoticias.com.br\/se\/wp-content\/uploads\/2025\/10\/Morreu-trabalhando-SE-Noticias.jpeg\"><img loading=\"lazy\" decoding=\"async\" aria-describedby=\"caption-attachment-149912\" class=\"size-full wp-image-149912\" src=\"https:\/\/senoticias.com.br\/se\/wp-content\/uploads\/2025\/10\/Morreu-trabalhando-SE-Noticias.jpeg\" alt=\"\" width=\"573\" height=\"692\" srcset=\"https:\/\/senoticias.com.br\/se\/wp-content\/uploads\/2025\/10\/Morreu-trabalhando-SE-Noticias.jpeg 573w, https:\/\/senoticias.com.br\/se\/wp-content\/uploads\/2025\/10\/Morreu-trabalhando-SE-Noticias-248x300.jpeg 248w\" sizes=\"(max-width: 573px) 100vw, 573px\" \/><\/a><p id=\"caption-attachment-149912\" class=\"wp-caption-text\">Corda quebrou e trapezista morreu ap\u00f3s cair de 10 metros de altura em Cumbe &#8211; Foto: arquivo\/pessoal<\/p><\/div>\n<p>Natural de Acajutiba, na Bahia, Mirinha era reconhecida por seu talento, carisma e dedica\u00e7\u00e3o \u00e0 arte circense. Sua trajet\u00f3ria foi marcada pela paix\u00e3o pelos espet\u00e1culos e pelo amor ao picadeiro.<\/p>\n<p><strong>Em nota, a Prefeitura Municipal de Cumbe<\/strong> manifestou profundo pesar pela morte da artista, destacando que o acidente transformou um momento de alegria em tristeza. O munic\u00edpio se colocou \u00e0 disposi\u00e7\u00e3o para prestar apoio \u00e0 fam\u00edlia e aos integrantes do circo.<\/p>\n<p>\u201cMirinha encantava o p\u00fablico com seu talento, carisma e dedica\u00e7\u00e3o \u00e0 arte circense \u2014 uma paix\u00e3o que marcou sua trajet\u00f3ria e deixou um legado de coragem e sensibilidade\u201d, diz o comunicado.<\/p>\n<p>O <strong>Circo S\u00e3o Geraldo tamb\u00e9m divulgou uma nota lamentando o ocorrid<\/strong>o e agradecendo ao p\u00fablico pela compreens\u00e3o diante do encerramento repentino do espet\u00e1culo.<\/p>\n<p>\u201cA luz e a coragem dessa artista, que encantava o mundo entre voos e sorrisos, seguir\u00e3o inspirando todos que a amaram. Seu brilho permanecer\u00e1 eterno no cora\u00e7\u00e3o do circo e de quem a conheceu\u201d, declarou a dire\u00e7\u00e3o.<\/p>\n<p>O corpo da trapezista foi recolhido pelo Instituto M\u00e9dico Legal (IML), e familiares chegaram ao local na manh\u00e3 deste domingo, 26, para acompanhar a libera\u00e7\u00e3o.<\/p>\n<p>A morte de Mirinha Carvalho comoveu o p\u00fablico e colegas de profiss\u00e3o, deixando uma profunda marca na comunidade circense e na popula\u00e7\u00e3o de Cumbe.<\/p>\n<p><strong><em>Acompanhe tamb\u00e9m o SE Not\u00edcias no\u00a0<a href=\"https:\/\/twitter.com\/Senoticias\" target=\"_blank\" rel=\"noreferrer noopener\">Twitter<\/a>,\u00a0<a href=\"https:\/\/www.facebook.com\/senoticias1\" target=\"_blank\" rel=\"noreferrer noopener\">Facebook<\/a>\u00a0e no\u00a0<a href=\"https:\/\/www.instagram.com\/senoticias\/\" target=\"_blank\" rel=\"noreferrer noopener\">Instagram<\/a><\/em><\/strong><\/p>\n<p><strong>Reda\u00e7\u00e3o SE Not\u00edcias<\/strong><\/p>\n","protected":false},"excerpt":{"rendered":"<p>Uma trag\u00e9dia marcou a noite deste s\u00e1bado, 25, no munic\u00edpio de Cumbe, localizado a cerca de 86 km de Aracaju. A trapezista Valdemirian Alves de Carvalho Marques, conhecida como Mirinha Carvalho, de 28 anos, morreu ap\u00f3s cair de uma altura de aproximadamente dez metros durante uma apresenta\u00e7\u00e3o do Circo S\u00e3o Geraldo. De acordo com informa\u00e7\u00f5es [&hellip;]<\/p>\n","protected":false},"author":6557,"featured_media":149912,"comment_status":"closed","ping_status":"closed","sticky":false,"template":"","format":"standard","meta":{"footnotes":""},"categories":[15,6],"tags":[44402,5139,44401,44399,44400],"class_list":{"0":"post-149911","1":"post","2":"type-post","3":"status-publish","4":"format-standard","5":"has-post-thumbnail","7":"category-destaques","8":"category-politica","9":"tag-circo-sao-geraldo","10":"tag-cumbe","11":"tag-luto-no-circo","12":"tag-mirinha-carvalho","13":"tag-trapezista-valdemirian-alves"},"_links":{"self":[{"href":"https:\/\/senoticias.com.br\/se\/wp-json\/wp\/v2\/posts\/149911"}],"collection":[{"href":"https:\/\/senoticias.com.br\/se\/wp-json\/wp\/v2\/posts"}],"about":[{"href":"https:\/\/senoticias.com.br\/se\/wp-json\/wp\/v2\/types\/post"}],"author":[{"embeddable":true,"href":"https:\/\/senoticias.com.br\/se\/wp-json\/wp\/v2\/users\/6557"}],"replies":[{"embeddable":true,"href":"https:\/\/senoticias.com.br\/se\/wp-json\/wp\/v2\/comments?post=149911"}],"version-history":[{"count":0,"href":"https:\/\/senoticias.com.br\/se\/wp-json\/wp\/v2\/posts\/149911\/revisions"}],"wp:featuredmedia":[{"embeddable":true,"href":"https:\/\/senoticias.com.br\/se\/wp-json\/wp\/v2\/media\/149912"}],"wp:attachment":[{"href":"https:\/\/senoticias.com.br\/se\/wp-json\/wp\/v2\/media?parent=149911"}],"wp:term":[{"taxonomy":"category","embeddable":true,"href":"https:\/\/senoticias.com.br\/se\/wp-json\/wp\/v2\/categories?post=149911"},{"taxonomy":"post_tag","embeddable":true,"href":"https:\/\/senoticias.com.br\/se\/wp-json\/wp\/v2\/tags?post=149911"}],"curies":[{"name":"wp","href":"https:\/\/api.w.org\/{rel}","templated":true}]}}