{"id":149908,"date":"2025-10-25T16:38:55","date_gmt":"2025-10-25T19:38:55","guid":{"rendered":"https:\/\/senoticias.com.br\/se\/?p=149908"},"modified":"2025-10-25T16:58:47","modified_gmt":"2025-10-25T19:58:47","slug":"operacao-policial-em-tobias-barreto-desarticula-celula-de-faccoes-criminosas-tres-morreram","status":"publish","type":"post","link":"https:\/\/senoticias.com.br\/se\/operacao-policial-em-tobias-barreto-desarticula-celula-de-faccoes-criminosas-tres-morreram\/","title":{"rendered":"Tr\u00eas morrem em opera\u00e7\u00e3o que desarticula c\u00e9lula de fac\u00e7\u00e3o criminosa em Tobias Barreto"},"content":{"rendered":"<p>Uma opera\u00e7\u00e3o conjunta das for\u00e7as de seguran\u00e7a de Sergipe resultou na desarticula\u00e7\u00e3o de uma c\u00e9lula ligada a fac\u00e7\u00f5es criminosas, que atuava no tr\u00e1fico de drogas no munic\u00edpio de Tobias Barreto, regi\u00e3o Centro-Sul do estado.<\/p>\n<p>A a\u00e7\u00e3o foi deflagrada na madrugada deste s\u00e1bado (25), por equipes da Pol\u00edcia Civil, por meio das Delegacias Regionais de Itabaiana e Tobias Barreto, e da Pol\u00edcia Militar, com o apoio do Batalh\u00e3o de Pol\u00edcia de Caatinga (BPCaatinga).<\/p>\n<p>De acordo com o delegado Daniel Mattos, as investiga\u00e7\u00f5es apontaram que criminosos oriundos da Bahia estavam tentando expandir a atua\u00e7\u00e3o das fac\u00e7\u00f5es em Sergipe. \u201cAs equipes j\u00e1 monitoravam o grupo h\u00e1 algum tempo e, com base nas informa\u00e7\u00f5es colhidas, conseguimos localizar os suspeitos quando se preparavam para realizar uma entrega de entorpecentes\u201d, explicou o delegado.<\/p>\n<div id=\"attachment_149909\" style=\"width: 586px\" class=\"wp-caption aligncenter\"><a href=\"https:\/\/senoticias.com.br\/se\/wp-content\/uploads\/2025\/10\/Operacao-em-Tobias-Barreto-SE-Noticias.jpeg\"><img loading=\"lazy\" decoding=\"async\" aria-describedby=\"caption-attachment-149909\" class=\"size-full wp-image-149909\" src=\"https:\/\/senoticias.com.br\/se\/wp-content\/uploads\/2025\/10\/Operacao-em-Tobias-Barreto-SE-Noticias.jpeg\" alt=\"\" width=\"576\" height=\"324\" srcset=\"https:\/\/senoticias.com.br\/se\/wp-content\/uploads\/2025\/10\/Operacao-em-Tobias-Barreto-SE-Noticias.jpeg 576w, https:\/\/senoticias.com.br\/se\/wp-content\/uploads\/2025\/10\/Operacao-em-Tobias-Barreto-SE-Noticias-300x169.jpeg 300w\" sizes=\"(max-width: 576px) 100vw, 576px\" \/><\/a><p id=\"caption-attachment-149909\" class=\"wp-caption-text\"><br \/>For\u00e7as de seguran\u00e7a de Sergipe apreendem drogas, armas e muni\u00e7\u00f5es em a\u00e7\u00e3o conjunta da Pol\u00edcia Civil e Militar &#8211; Foto: SSP\/SE<\/p><\/div>\n<p>Os suspeitos foram localizados no <strong>bairro Agripino I, a bordo de um ve\u00edculo Renault Kwid<\/strong>. Durante a tentativa de abordagem, os indiv\u00edduos reagiram e efetuaram disparos contra os policiais. Houve confronto, e tr\u00eas suspeitos foram baleados. Eles chegaram a ser socorridos para o Hospital de Tobias Barreto, mas n\u00e3o resistiram aos ferimentos.<\/p>\n<p><strong>Materiais apreendidos<\/strong><\/p>\n<p>Na opera\u00e7\u00e3o, as for\u00e7as policiais apreenderam oito tabletes de subst\u00e2ncia an\u00e1loga \u00e0 maconha, totalizando seis quilos e trezentos e trinta e quatro gramas, que seriam destinados \u00e0 distribui\u00e7\u00e3o na cidade.<\/p>\n<p>Tamb\u00e9m foram recolhidas tr\u00eas armas de fogo, sendo uma pistola Taurus G2C, calibre nove mil\u00edmetros, n\u00famero de identifica\u00e7\u00e3o TMT47247; um rev\u00f3lver Taurus, calibre trinta e oito, n\u00famero MA725160; e um rev\u00f3lver Rossi, tamb\u00e9m calibre trinta e oito, n\u00famero E037329. Al\u00e9m disso, foram encontradas diversas muni\u00e7\u00f5es e estojos deflagrados.<\/p>\n<p>O delegado Daniel Mattos destacou que o trabalho integrado entre as for\u00e7as policiais foi essencial para impedir a consolida\u00e7\u00e3o da c\u00e9lula criminosa na regi\u00e3o. \u201cEssa opera\u00e7\u00e3o representa um importante golpe contra o tr\u00e1fico de drogas e demonstra o compromisso das pol\u00edcias em garantir a seguran\u00e7a da popula\u00e7\u00e3o de Tobias Barreto e de todo o estado\u201d, afirmou.<\/p>\n<p>A Pol\u00edcia Civil segue com as investiga\u00e7\u00f5es para identificar outros poss\u00edveis integrantes do grupo e suas conex\u00f5es com as fac\u00e7\u00f5es na Bahia e em Sergipe.<\/p>\n<p><strong><em>Acompanhe tamb\u00e9m o SE Not\u00edcias no\u00a0<a href=\"https:\/\/twitter.com\/Senoticias\" target=\"_blank\" rel=\"noreferrer noopener\">Twitter<\/a>,\u00a0<a href=\"https:\/\/www.facebook.com\/senoticias1\" target=\"_blank\" rel=\"noreferrer noopener\">Facebook<\/a>\u00a0e no\u00a0<a href=\"https:\/\/www.instagram.com\/senoticias\/\" target=\"_blank\" rel=\"noreferrer noopener\">Instagram<\/a><\/em><\/strong><\/p>\n<p>Fonte: SSP\/SE<\/p>\n","protected":false},"excerpt":{"rendered":"<p>Uma opera\u00e7\u00e3o conjunta das for\u00e7as de seguran\u00e7a de Sergipe resultou na desarticula\u00e7\u00e3o de uma c\u00e9lula ligada a fac\u00e7\u00f5es criminosas, que atuava no tr\u00e1fico de drogas no munic\u00edpio de Tobias Barreto, regi\u00e3o Centro-Sul do estado. A a\u00e7\u00e3o foi deflagrada na madrugada deste s\u00e1bado (25), por equipes da Pol\u00edcia Civil, por meio das Delegacias Regionais de Itabaiana [&hellip;]<\/p>\n","protected":false},"author":6557,"featured_media":149909,"comment_status":"closed","ping_status":"closed","sticky":false,"template":"","format":"standard","meta":{"footnotes":""},"categories":[15,7,1],"tags":[44398,468,8086],"class_list":{"0":"post-149908","1":"post","2":"type-post","3":"status-publish","4":"format-standard","5":"has-post-thumbnail","7":"category-destaques","8":"category-policia","9":"category-sem-categoria","10":"tag-forcas-de-seguranca-de-sergipe","11":"tag-tobias-barreto","12":"tag-tres-mortos"},"_links":{"self":[{"href":"https:\/\/senoticias.com.br\/se\/wp-json\/wp\/v2\/posts\/149908"}],"collection":[{"href":"https:\/\/senoticias.com.br\/se\/wp-json\/wp\/v2\/posts"}],"about":[{"href":"https:\/\/senoticias.com.br\/se\/wp-json\/wp\/v2\/types\/post"}],"author":[{"embeddable":true,"href":"https:\/\/senoticias.com.br\/se\/wp-json\/wp\/v2\/users\/6557"}],"replies":[{"embeddable":true,"href":"https:\/\/senoticias.com.br\/se\/wp-json\/wp\/v2\/comments?post=149908"}],"version-history":[{"count":0,"href":"https:\/\/senoticias.com.br\/se\/wp-json\/wp\/v2\/posts\/149908\/revisions"}],"wp:featuredmedia":[{"embeddable":true,"href":"https:\/\/senoticias.com.br\/se\/wp-json\/wp\/v2\/media\/149909"}],"wp:attachment":[{"href":"https:\/\/senoticias.com.br\/se\/wp-json\/wp\/v2\/media?parent=149908"}],"wp:term":[{"taxonomy":"category","embeddable":true,"href":"https:\/\/senoticias.com.br\/se\/wp-json\/wp\/v2\/categories?post=149908"},{"taxonomy":"post_tag","embeddable":true,"href":"https:\/\/senoticias.com.br\/se\/wp-json\/wp\/v2\/tags?post=149908"}],"curies":[{"name":"wp","href":"https:\/\/api.w.org\/{rel}","templated":true}]}}