{"id":149899,"date":"2025-10-24T17:40:09","date_gmt":"2025-10-24T20:40:09","guid":{"rendered":"https:\/\/senoticias.com.br\/se\/?p=149899"},"modified":"2025-10-24T18:15:44","modified_gmt":"2025-10-24T21:15:44","slug":"suspeito-de-invadir-abrigo-de-idosos-e-furtar-alimentos-botijao-e-tv-e-preso-em-acao-conjunta-em-sao-cristovao","status":"publish","type":"post","link":"https:\/\/senoticias.com.br\/se\/suspeito-de-invadir-abrigo-de-idosos-e-furtar-alimentos-botijao-e-tv-e-preso-em-acao-conjunta-em-sao-cristovao\/","title":{"rendered":"Suspeito de invadir abrigo de idosos e furtar alimentos, botij\u00e3o e TV \u00e9 preso em a\u00e7\u00e3o conjunta em S\u00e3o Crist\u00f3v\u00e3o"},"content":{"rendered":"<p>Um dos suspeitos de invadir o Lar Isa\u00edas Gileno Barreto \u2014 abrigo de idosos localizado na Ladeira Dom Jos\u00e9 Vicente T\u00e1vora, em S\u00e3o Crist\u00f3v\u00e3o \u2014<strong> foi preso no in\u00edcio da tarde desta sexta-feira, 24<\/strong>, durante uma a\u00e7\u00e3o conjunta da Guarda Municipal e da Pol\u00edcia Civil do munic\u00edpio, por meio da 12\u00aa Delegacia Metropolitana (12\u00aa DM).<\/p>\n<p>A pris\u00e3o ocorreu em cumprimento a um mandado de pris\u00e3o preventiva expedido pela Vara Criminal de S\u00e3o Crist\u00f3v\u00e3o.<\/p>\n<p>Ao <em><strong>SE Not\u00edcias<\/strong><\/em>, o delegado Francisco Gerl\u00e2ndio Gomes informou que o segundo suspeito poder\u00e1 ser preso nas pr\u00f3ximas horas.<\/p>\n<div id=\"attachment_149900\" style=\"width: 603px\" class=\"wp-caption aligncenter\"><a href=\"https:\/\/senoticias.com.br\/se\/wp-content\/uploads\/2025\/10\/Preso-em-Sao-Cristovao-SE-Noticias.jpeg\"><img loading=\"lazy\" decoding=\"async\" aria-describedby=\"caption-attachment-149900\" class=\"size-full wp-image-149900\" src=\"https:\/\/senoticias.com.br\/se\/wp-content\/uploads\/2025\/10\/Preso-em-Sao-Cristovao-SE-Noticias.jpeg\" alt=\"\" width=\"593\" height=\"696\" srcset=\"https:\/\/senoticias.com.br\/se\/wp-content\/uploads\/2025\/10\/Preso-em-Sao-Cristovao-SE-Noticias.jpeg 593w, https:\/\/senoticias.com.br\/se\/wp-content\/uploads\/2025\/10\/Preso-em-Sao-Cristovao-SE-Noticias-256x300.jpeg 256w\" sizes=\"(max-width: 593px) 100vw, 593px\" \/><\/a><p id=\"caption-attachment-149900\" class=\"wp-caption-text\">A pris\u00e3o ocorreu em cumprimento a um mandado de pris\u00e3o preventiva expedido pela Vara Criminal de S\u00e3o Crist\u00f3v\u00e3o &#8211; Foto: GM\/PC\/divulga\u00e7\u00e3o<\/p><\/div>\n<p>De acordo com informa\u00e7\u00f5es apuradas pela reportagem, o homem, de 39 anos, foi localizado no bairro Divineia. Com ele, os agentes recuperaram o botij\u00e3o de g\u00e1s furtado do abrigo. A televis\u00e3o tamb\u00e9m levada durante o crime havia sido recuperada na quinta-feira, 23, em posse de um receptador que afirmou ter comprado o aparelho <strong>por R$ 250.<\/strong><\/p>\n<p>A pol\u00edcia apurou ainda que o suspeito preso \u00e9 investigado por outros furtos recentes ocorridos na cidade, incluindo o de portas de alum\u00ednio de dois restaurantes situados no Parque Alu\u00edzio Fontes, conhecido como Bica dos Pintos.<\/p>\n<p>No momento, o homem presta depoimento ao <strong>delegado Gerl\u00e2ndio Francisco, titular da 12\u00aa DM<\/strong>, na sede do munic\u00edpio. A opera\u00e7\u00e3o que resultou na pris\u00e3o foi coordenada pelo<strong> secret\u00e1rio de Defesa Social de S\u00e3o Crist\u00f3v\u00e3o, coronel Neto<\/strong>, e pelo delegado Francisco Gerl\u00e2ndio.<\/p>\n<p>O crime que motivou a pris\u00e3o foi registrado na madrugada da \u00faltima ter\u00e7a-feira, 21, quando dois homens invadiram o abrigo de idosos e furtaram uma TV, um botij\u00e3o de g\u00e1s e alimentos. O caso gerou grande revolta na comunidade local, especialmente por se tratar de uma institui\u00e7\u00e3o que acolhe pessoas idosas em situa\u00e7\u00e3o de vulnerabilidade.<\/p>\n<p><strong><em>Acompanhe tamb\u00e9m o SE Not\u00edcias no\u00a0<a href=\"https:\/\/twitter.com\/Senoticias\" target=\"_blank\" rel=\"noreferrer noopener\">Twitter<\/a>,\u00a0<a href=\"https:\/\/www.facebook.com\/senoticias1\" target=\"_blank\" rel=\"noreferrer noopener\">Facebook<\/a>\u00a0e no\u00a0<a href=\"https:\/\/www.instagram.com\/senoticias\/\" target=\"_blank\" rel=\"noreferrer noopener\">Instagram<\/a><\/em><\/strong><\/p>\n<p><strong>Reda\u00e7\u00e3o SE Not\u00edcias<\/strong><\/p>\n","protected":false},"excerpt":{"rendered":"<p>Um dos suspeitos de invadir o Lar Isa\u00edas Gileno Barreto \u2014 abrigo de idosos localizado na Ladeira Dom Jos\u00e9 Vicente T\u00e1vora, em S\u00e3o Crist\u00f3v\u00e3o \u2014 foi preso no in\u00edcio da tarde desta sexta-feira, 24, durante uma a\u00e7\u00e3o conjunta da Guarda Municipal e da Pol\u00edcia Civil do munic\u00edpio, por meio da 12\u00aa Delegacia Metropolitana (12\u00aa DM). [&hellip;]<\/p>\n","protected":false},"author":6557,"featured_media":149900,"comment_status":"closed","ping_status":"closed","sticky":false,"template":"","format":"standard","meta":{"footnotes":""},"categories":[15,7],"tags":[44395,44380,44396,335],"class_list":{"0":"post-149899","1":"post","2":"type-post","3":"status-publish","4":"format-standard","5":"has-post-thumbnail","7":"category-destaques","8":"category-policia","9":"tag-furtou-o-asilo","10":"tag-lar-isaias-gileno-barreto","11":"tag-preso-preventivamente","12":"tag-sao-cristovao"},"_links":{"self":[{"href":"https:\/\/senoticias.com.br\/se\/wp-json\/wp\/v2\/posts\/149899"}],"collection":[{"href":"https:\/\/senoticias.com.br\/se\/wp-json\/wp\/v2\/posts"}],"about":[{"href":"https:\/\/senoticias.com.br\/se\/wp-json\/wp\/v2\/types\/post"}],"author":[{"embeddable":true,"href":"https:\/\/senoticias.com.br\/se\/wp-json\/wp\/v2\/users\/6557"}],"replies":[{"embeddable":true,"href":"https:\/\/senoticias.com.br\/se\/wp-json\/wp\/v2\/comments?post=149899"}],"version-history":[{"count":0,"href":"https:\/\/senoticias.com.br\/se\/wp-json\/wp\/v2\/posts\/149899\/revisions"}],"wp:featuredmedia":[{"embeddable":true,"href":"https:\/\/senoticias.com.br\/se\/wp-json\/wp\/v2\/media\/149900"}],"wp:attachment":[{"href":"https:\/\/senoticias.com.br\/se\/wp-json\/wp\/v2\/media?parent=149899"}],"wp:term":[{"taxonomy":"category","embeddable":true,"href":"https:\/\/senoticias.com.br\/se\/wp-json\/wp\/v2\/categories?post=149899"},{"taxonomy":"post_tag","embeddable":true,"href":"https:\/\/senoticias.com.br\/se\/wp-json\/wp\/v2\/tags?post=149899"}],"curies":[{"name":"wp","href":"https:\/\/api.w.org\/{rel}","templated":true}]}}