{"id":149893,"date":"2025-10-24T14:50:28","date_gmt":"2025-10-24T17:50:28","guid":{"rendered":"https:\/\/senoticias.com.br\/se\/?p=149893"},"modified":"2025-10-24T14:50:28","modified_gmt":"2025-10-24T17:50:28","slug":"centro-de-referencia-lgbti-da-ssp-promoveu-3a-edicao-do-simposio-intersexo","status":"publish","type":"post","link":"https:\/\/senoticias.com.br\/se\/centro-de-referencia-lgbti-da-ssp-promoveu-3a-edicao-do-simposio-intersexo\/","title":{"rendered":"Centro de Refer\u00eancia LGBTI+ da SSP promoveu 3\u00aa edi\u00e7\u00e3o do Simp\u00f3sio Intersexo"},"content":{"rendered":"<p>Nesta quinta-feira, 23, o\u00a0Centro de Refer\u00eancia em Direitos Humanos LGBTI+ da Secretaria de Seguran\u00e7a P\u00fablica de Sergipe realizou a 3\u00aa edi\u00e7\u00e3o do Simp\u00f3sio Intersexo, que neste ano trouxe\u00a0o tema \u201cCapacitando para acolher as diferen\u00e7as\u201d. O evento, realizado no audit\u00f3rio do Centro Universit\u00e1rio UniPio, em Aracaju, buscou\u00a0promover reflex\u00e3o e capacita\u00e7\u00e3o de profissionais da sa\u00fade, educa\u00e7\u00e3o e \u00e1reas afins sobre o respeito e os direitos das pessoas intersexo, indiv\u00edduos que nascem com caracter\u00edsticas sexuais que n\u00e3o se enquadram nas defini\u00e7\u00f5es t\u00edpicas de masculino ou feminino.<\/p>\n<p><a href=\"https:\/\/senoticias.com.br\/se\/wp-content\/uploads\/2025\/10\/IMG_4700-e1761328177925.jpeg\"><img loading=\"lazy\" decoding=\"async\" class=\"size-full wp-image-149894 aligncenter\" src=\"https:\/\/senoticias.com.br\/se\/wp-content\/uploads\/2025\/10\/IMG_4700-e1761328177925.jpeg\" alt=\"\" width=\"599\" height=\"240\" \/><\/a><\/p>\n<p>O simp\u00f3sio faz parte do programa \u2018Direitos Humanos para Todos\u2019, que promove debates e forma\u00e7\u00f5es para ampliar a compreens\u00e3o sobre diversidade e reduzir pr\u00e1ticas discriminat\u00f3rias. A programa\u00e7\u00e3o inclui palestras, rodas de conversa e blocos de perguntas, com a participa\u00e7\u00e3o de profissionais das \u00e1reas de sa\u00fade, direito, psicologia, servi\u00e7o social e educa\u00e7\u00e3o, al\u00e9m de representantes de institui\u00e7\u00f5es p\u00fablicas e organiza\u00e7\u00f5es sociais.<\/p>\n<p>Para o coordenador do Centro de Refer\u00eancia dos direitos Humanos da SSP, Helenilton Dantas, o principal objetivo do simp\u00f3sio \u00e9 promover a interlocu\u00e7\u00e3o sobre o atendimento \u00e0s pessoas intersexo. \u201cS\u00e3o pessoas que, historicamente, foram invisibilizadas na sociedade, e o que buscamos \u00e9 fortalecer os instrumentos p\u00fablicos para oferecer informa\u00e7\u00e3o, acolhimento e um atendimento verdadeiramente humanizado\u201d, explicou.<\/p>\n<p>Este semin\u00e1rio, na vis\u00e3o da advogada e representante da Associa\u00e7\u00e3o Brasileira Intersexo (ABRAI), Renata Quirino, \u00e9 fruto da necessidade de fortalecimento da luta contra a invisibilidade dessas pessoas. \u201cHoje, ainda existe uma grande luta para que as pessoas conhe\u00e7am e compreendam a causa intersexo, especialmente quando se trata de fam\u00edlias e crian\u00e7as que nascem com essa condi\u00e7\u00e3o. Muitas vezes, os profissionais de sa\u00fade n\u00e3o sabem como acolher ou orientar corretamente, o que torna essencial iniciativas como esta, que buscam capacitar e sensibilizar esses profissionais\u201d, ressaltou.<\/p>\n<p>A enfermeira e palestrante do simp\u00f3sio Jana\u00edna Amarante, que ministrou o tema pol\u00edticas p\u00fablicas em sa\u00fade voltadas \u00e0s pessoas intersexo no Brasil, concluiu evidenciando que eventos como este contribuem com a luta pela prote\u00e7\u00e3o dos direitos dessas pessoas no pa\u00eds. \u201cAs pol\u00edticas surgem a partir da articula\u00e7\u00e3o coletiva e da escuta dos grupos envolvidos. Por isso, esse tipo de espa\u00e7o \u00e9 um verdadeiro combust\u00edvel para quem estuda, formula e atua na implementa\u00e7\u00e3o de pol\u00edticas p\u00fablicas inclusivas\u201d, concluiu.<\/p>\n<p>&nbsp;<\/p>\n","protected":false},"excerpt":{"rendered":"<p>Nesta quinta-feira, 23, o\u00a0Centro de Refer\u00eancia em Direitos Humanos LGBTI+ da Secretaria de Seguran\u00e7a P\u00fablica de Sergipe realizou a 3\u00aa edi\u00e7\u00e3o do Simp\u00f3sio Intersexo, que neste ano trouxe\u00a0o tema \u201cCapacitando para acolher as diferen\u00e7as\u201d. O evento, realizado no audit\u00f3rio do Centro Universit\u00e1rio UniPio, em Aracaju, buscou\u00a0promover reflex\u00e3o e capacita\u00e7\u00e3o de profissionais da sa\u00fade, educa\u00e7\u00e3o e [&hellip;]<\/p>\n","protected":false},"author":6557,"featured_media":0,"comment_status":"closed","ping_status":"closed","sticky":false,"template":"","format":"standard","meta":{"footnotes":""},"categories":[15],"tags":[14929,44389],"class_list":{"0":"post-149893","1":"post","2":"type-post","3":"status-publish","4":"format-standard","6":"category-destaques","7":"tag-lgbtqia","8":"tag-simposio-intersexo"},"_links":{"self":[{"href":"https:\/\/senoticias.com.br\/se\/wp-json\/wp\/v2\/posts\/149893"}],"collection":[{"href":"https:\/\/senoticias.com.br\/se\/wp-json\/wp\/v2\/posts"}],"about":[{"href":"https:\/\/senoticias.com.br\/se\/wp-json\/wp\/v2\/types\/post"}],"author":[{"embeddable":true,"href":"https:\/\/senoticias.com.br\/se\/wp-json\/wp\/v2\/users\/6557"}],"replies":[{"embeddable":true,"href":"https:\/\/senoticias.com.br\/se\/wp-json\/wp\/v2\/comments?post=149893"}],"version-history":[{"count":0,"href":"https:\/\/senoticias.com.br\/se\/wp-json\/wp\/v2\/posts\/149893\/revisions"}],"wp:attachment":[{"href":"https:\/\/senoticias.com.br\/se\/wp-json\/wp\/v2\/media?parent=149893"}],"wp:term":[{"taxonomy":"category","embeddable":true,"href":"https:\/\/senoticias.com.br\/se\/wp-json\/wp\/v2\/categories?post=149893"},{"taxonomy":"post_tag","embeddable":true,"href":"https:\/\/senoticias.com.br\/se\/wp-json\/wp\/v2\/tags?post=149893"}],"curies":[{"name":"wp","href":"https:\/\/api.w.org\/{rel}","templated":true}]}}