{"id":149837,"date":"2025-10-21T06:16:56","date_gmt":"2025-10-21T09:16:56","guid":{"rendered":"https:\/\/senoticias.com.br\/se\/?p=149837"},"modified":"2025-10-21T06:23:50","modified_gmt":"2025-10-21T09:23:50","slug":"vitoria-faz-historia-vence-o-santos-na-vila-e-poe-o-peixe-as-portas-do-z4","status":"publish","type":"post","link":"https:\/\/senoticias.com.br\/se\/vitoria-faz-historia-vence-o-santos-na-vila-e-poe-o-peixe-as-portas-do-z4\/","title":{"rendered":"Vit\u00f3ria faz hist\u00f3ria, vence o Santos na Vila e p\u00f5e o Peixe \u00e0s portas do Z4"},"content":{"rendered":"<p>O\u00a0 Santos voltou a decepcionar sua torcida. Nesta segunda-feira, 20\/10, no jogo que fechou a 29\u00aa rodada do Brasileir\u00e3o, jogou na Vila Belmiro diante do Vit\u00f3ria. Em nenhum momento lembrou o time eficiente na vit\u00f3ria sobre o Corinthians. Levou um gol de p\u00eanalti de Matheuzinho no primeiro tempo, em falta infantil de Braz\u00e3o sobre Renzo Lopes no lance. N\u00e3o teve for\u00e7a nem sequer para buscar o empate e perdeu para um rival direto na luta contra o rebaixamento, por 1 a 0. Esta foi a primeira vez que o Vit\u00f3ria venceu o Santos na Vila Belmiro.<\/p>\n<p>O Santos, assim, viu o Vit\u00f3ria chegar aos mesmos 31 pontos na tabela. Mas o time baiano \u00e9 o primeiro dentro da zona de rebaixamento porque tem uma vit\u00f3ria a menos do que o Peixe, que v\u00ea cada vez mais pr\u00f3xima uma volta \u00e0 Segundona, para desespero de sua torcida e dos 11.775 presentes na Vila (incluindo Neymar, que at\u00e9 fez postagem reclamando, sem raz\u00e3o, do p\u00eanalti que decidiu o jogo).<\/p>\n<div id=\"attachment_149838\" style=\"width: 602px\" class=\"wp-caption aligncenter\"><a href=\"https:\/\/senoticias.com.br\/se\/wp-content\/uploads\/2025\/10\/Matheuzinho-do-Vitoria-SE-Noticias.jpg\"><img loading=\"lazy\" decoding=\"async\" aria-describedby=\"caption-attachment-149838\" class=\"size-full wp-image-149838\" src=\"https:\/\/senoticias.com.br\/se\/wp-content\/uploads\/2025\/10\/Matheuzinho-do-Vitoria-SE-Noticias.jpg\" alt=\"\" width=\"592\" height=\"677\" srcset=\"https:\/\/senoticias.com.br\/se\/wp-content\/uploads\/2025\/10\/Matheuzinho-do-Vitoria-SE-Noticias.jpg 592w, https:\/\/senoticias.com.br\/se\/wp-content\/uploads\/2025\/10\/Matheuzinho-do-Vitoria-SE-Noticias-262x300.jpg 262w\" sizes=\"(max-width: 592px) 100vw, 592px\" \/><\/a><p id=\"caption-attachment-149838\" class=\"wp-caption-text\"><br \/>Pela primeira vez, Vit\u00f3ria vence o rival na Vila. Este 1 a 0 faz os times empatarem em pontos &#8211; Foto: Jogada10<\/p><\/div>\n<p><strong>Vit\u00f3ria em vantagem<\/strong><br \/>\nO jogo come\u00e7ou com o Santos em cima e com um p\u00eanalti marcado em Lautaro D\u00edaz no primeiro minuto. Por\u00e9m, foi n\u00edtido no VAR que o atacante santista caiu por ter chutado o ch\u00e3o e n\u00e3o sido atingido por um rival. Com isso, penalidade desmarcada. O Santos permaneceu mais ofensivo, mas sem conseguir construir lances de perigo.<\/p>\n<p>Com o tempo, o Vit\u00f3ria foi equilibrando, com jogadas em lances r\u00e1pidos e poucos toques, aparecendo muito na \u00e1rea \u2014 mas tamb\u00e9m sem grandes oportunidades. Mas isso at\u00e9 os 40 minutos, quando os baianos chegaram ao gol. Num lan\u00e7amento para a \u00e1rea, o goleiro Braz\u00e3o saiu mal demais (a zaga estava na bola e tinha cortado) e atingiu Renzo L\u00f3pez. No primeiro momento, o juiz n\u00e3o marcou, mas o VAR o chamou, e Matheusinho cobrou para abrir o placar para a equipe baiana.<\/p>\n<p>O Santos por pouco n\u00e3o empatou ainda no primeiro tempo. Primeiramente\u00a0 num quase-gol fantasma de Escobar. O lateral tentou cruzar quase da intermedi\u00e1ria, mas a bola pegou efeito e obrigou o goleiro Lucas Arcanjo a se esticar e colocar para fora~no \u00fanico chute na dire\u00e7\u00e7ao do gol dos santistas na primeira etapa. Na cobran\u00e7a deste escanteio, Ar\u00e3o cabeceou raspando. E teve ainda um lance em que os santistas reclamaram de p\u00eanalti em Luan P\u00e9rez.\u00a0 Fim de um primeiro tempo em que o Santos teve posse (65%) e menos finaliza\u00e7\u00f5es no alvo (2 a 1).<\/p>\n<p><strong>Peixe luta, mas n\u00e3o empata<\/strong><br \/>\nCom Souza no lugar do lateral Escobar, o Santos voltou com mais for\u00e7a no ataque, ao menos chegando na \u00e1rea com qualidade e perdendo gols com Barreal e Lautaro. Como a bola n\u00e3o entrava, a partir dos 20 minutos a tens\u00e3o foi tomando conta da Vila Belmiro. Quando Guilherme perdeu uma \u00f3tima chance ao aparecer livre, mas, em vez de mandar a bomba com o p\u00e9, tentou um peixinho e errou o bote, a paci\u00eancia acabou. Muito vaiado, o atacante saiu para a entrada de Toquinho, mas o Santos seguiu sem efic\u00e1cia. O Vit\u00f3ria, com o Santos nervoso, assustou em contra-ataques e, aos 40, acertou a trave de Braz\u00e3o numa conclus\u00e3o de Lucas Braga. No fim, Rollheiser arriscou de fora, mas o goleiro Lucas Arcanjo espalmou para escanteio.<\/p>\n<p><strong>SANTOS 0X1 VIT\u00d3RIA<\/strong><br \/>\nCampeonato Brasileiro &#8211; 29\u00aa rodada<\/p>\n<p>Local: Vila Belmiro, Santos (SP)<br \/>\nData : 20\/10\/2025<br \/>\nP\u00fablico: 11.775<br \/>\nRenda: R$ 611.353,00<br \/>\nGol: Matheuzinho, 39&#8217;\/1\u00baT (0-1)<\/p>\n<p><strong>SANTOS:<\/strong> Gabriel Braz\u00e3o; Igor Vin\u00edcius, Adonis Fr\u00edas, Luan Peres e Escobar (Souza, Intervalo); Willian Ar\u00e3o (Victor Hugo, 23&#8217;\/2\u00baT), Z\u00e9 Rafael (Gabriel Bontempo, 39&#8217;\/2\u00baT), Barreal (Robinho J\u00fanior, 23&#8217;\/2\u00baT) e Rollheiser; Guilherme (Toquinho Soares, 32&#8217;\/2\u00baT)e Lautaro D\u00edaz. T\u00e9cnico: Juan Vojvoda<\/p>\n<p><strong>VIT\u00d3RIA:<\/strong> Lucas Arcanjo; Ra\u00fal C\u00e1ceres, Edu (N\u00e9ris, Intervalo), Lucas Halter, Z\u00e9 Marcos e Ramon; Gabriel Baralhas (William Oliveira, 18&#8217;\/2\u00baT) e Ronald Lopes; Matheuzinho (Lucas Braga, 18&#8217;\/2\u00baT), Cantalapiedra (Osvaldo, 30&#8217;\/2\u00baT)\u00a0 e Renzo L\u00f3pez (Carlinhos, 32&#8217;\/2\u00baT). T\u00e9cnico:\u00a0Jair Ventura<\/p>\n<p><strong>\u00c1rbitro:\u00a0<\/strong> Rafael Rodrigo Klein (RS)<br \/>\nAuxiliares: Maira Mastella Moreira (RS) e Gizeli Casaril (SC)<br \/>\nVAR: Emerson de Almeida Ferreira (MG)<br \/>\nCart\u00f5es amarelos: Escobar, Z\u00e9 Rafael (SAN); Edu, Renzo L\u00f3pez, William Oliveira (VIT)<\/p>\n<p><strong><em>Acompanhe tamb\u00e9m o SE Not\u00edcias no\u00a0<a href=\"https:\/\/twitter.com\/Senoticias\" target=\"_blank\" rel=\"noreferrer noopener\">Twitter<\/a>,\u00a0<a href=\"https:\/\/www.facebook.com\/senoticias1\" target=\"_blank\" rel=\"noreferrer noopener\">Facebook<\/a>\u00a0e no\u00a0<a href=\"https:\/\/www.instagram.com\/senoticias\/\" target=\"_blank\" rel=\"noreferrer noopener\">Instagram<\/a><\/em><\/strong><\/p>\n<p>Fonte: Portal Terra<\/p>\n","protected":false},"excerpt":{"rendered":"<p>O\u00a0 Santos voltou a decepcionar sua torcida. Nesta segunda-feira, 20\/10, no jogo que fechou a 29\u00aa rodada do Brasileir\u00e3o, jogou na Vila Belmiro diante do Vit\u00f3ria. Em nenhum momento lembrou o time eficiente na vit\u00f3ria sobre o Corinthians. Levou um gol de p\u00eanalti de Matheuzinho no primeiro tempo, em falta infantil de Braz\u00e3o sobre Renzo [&hellip;]<\/p>\n","protected":false},"author":6557,"featured_media":149838,"comment_status":"closed","ping_status":"closed","sticky":false,"template":"","format":"standard","meta":{"footnotes":""},"categories":[15,26],"tags":[6203,13325,44371,44372],"class_list":{"0":"post-149837","1":"post","2":"type-post","3":"status-publish","4":"format-standard","5":"has-post-thumbnail","7":"category-destaques","8":"category-esportes","9":"tag-campeonato-brasileiro-da-serie-a","10":"tag-serie-a","11":"tag-vitoria-ba","12":"tag-vitoria-vence-o-santos"},"_links":{"self":[{"href":"https:\/\/senoticias.com.br\/se\/wp-json\/wp\/v2\/posts\/149837"}],"collection":[{"href":"https:\/\/senoticias.com.br\/se\/wp-json\/wp\/v2\/posts"}],"about":[{"href":"https:\/\/senoticias.com.br\/se\/wp-json\/wp\/v2\/types\/post"}],"author":[{"embeddable":true,"href":"https:\/\/senoticias.com.br\/se\/wp-json\/wp\/v2\/users\/6557"}],"replies":[{"embeddable":true,"href":"https:\/\/senoticias.com.br\/se\/wp-json\/wp\/v2\/comments?post=149837"}],"version-history":[{"count":0,"href":"https:\/\/senoticias.com.br\/se\/wp-json\/wp\/v2\/posts\/149837\/revisions"}],"wp:featuredmedia":[{"embeddable":true,"href":"https:\/\/senoticias.com.br\/se\/wp-json\/wp\/v2\/media\/149838"}],"wp:attachment":[{"href":"https:\/\/senoticias.com.br\/se\/wp-json\/wp\/v2\/media?parent=149837"}],"wp:term":[{"taxonomy":"category","embeddable":true,"href":"https:\/\/senoticias.com.br\/se\/wp-json\/wp\/v2\/categories?post=149837"},{"taxonomy":"post_tag","embeddable":true,"href":"https:\/\/senoticias.com.br\/se\/wp-json\/wp\/v2\/tags?post=149837"}],"curies":[{"name":"wp","href":"https:\/\/api.w.org\/{rel}","templated":true}]}}