{"id":149831,"date":"2025-10-20T20:29:53","date_gmt":"2025-10-20T23:29:53","guid":{"rendered":"https:\/\/senoticias.com.br\/se\/?p=149831"},"modified":"2025-10-20T20:35:16","modified_gmt":"2025-10-20T23:35:16","slug":"lula-anuncia-boulos-no-lugar-de-marcio-macedo-na-secretaria-geral","status":"publish","type":"post","link":"https:\/\/senoticias.com.br\/se\/lula-anuncia-boulos-no-lugar-de-marcio-macedo-na-secretaria-geral\/","title":{"rendered":"Lula anuncia Boulos no lugar de M\u00e1rcio Mac\u00eado na Secretaria-Geral"},"content":{"rendered":"<p>Conforme o <em><strong>portal SE Not\u00edcias<\/strong><\/em> divulgou nas primeiras horas da manh\u00e3 desta segunda-feira (20), o presidente <strong data-start=\"209\" data-end=\"243\">Luiz In\u00e1cio Lula da Silva (PT)<\/strong> decidiu demitir o ministro da <strong data-start=\"274\" data-end=\"322\">Secretaria-Geral da Presid\u00eancia da Rep\u00fablica<\/strong>, <strong data-start=\"324\" data-end=\"349\">M\u00e1rcio Mac\u00eado (PT-SE)<\/strong>, e nomear o deputado federal <strong data-start=\"379\" data-end=\"409\">Guilherme Boulos (PSOL-SP)<\/strong> para o cargo.<\/p>\n<p><strong>Depois de meses de especula\u00e7\u00f5es e articula\u00e7\u00f5es internas, a mudan\u00e7a foi confirmada oficialmente por volta das 20h desta segunda-feira (20).<\/strong><\/p>\n<blockquote><p>\u201cConvidei o deputado @GuilhermeBoulos para assumir o cargo de ministro-chefe da Secretaria-Geral da Presid\u00eancia da Rep\u00fablica. Ele vai substituir o companheiro @MarcioMacedoPT na fun\u00e7\u00e3o, a quem agrade\u00e7o por todo o trabalho realizado para a amplia\u00e7\u00e3o e o fortalecimento da participa\u00e7\u00e3o social em nosso governo. A nomea\u00e7\u00e3o de Boulos sai amanh\u00e3 no Di\u00e1rio Oficial\u201d, escreveu o presidente no X.<\/p><\/blockquote>\n<p>Mais cedo, Boulos esteve no evento de lan\u00e7amento do programa Reforma Casa Brasil ao lado do presidente e de ministros.<\/p>\n<div id=\"attachment_149832\" style=\"width: 609px\" class=\"wp-caption aligncenter\"><a href=\"https:\/\/senoticias.com.br\/se\/wp-content\/uploads\/2025\/10\/Lula-e-Boulos-SE-Noticias.jpg\"><img loading=\"lazy\" decoding=\"async\" aria-describedby=\"caption-attachment-149832\" class=\"size-full wp-image-149832\" src=\"https:\/\/senoticias.com.br\/se\/wp-content\/uploads\/2025\/10\/Lula-e-Boulos-SE-Noticias.jpg\" alt=\"\" width=\"599\" height=\"382\" srcset=\"https:\/\/senoticias.com.br\/se\/wp-content\/uploads\/2025\/10\/Lula-e-Boulos-SE-Noticias.jpg 599w, https:\/\/senoticias.com.br\/se\/wp-content\/uploads\/2025\/10\/Lula-e-Boulos-SE-Noticias-300x191.jpg 300w, https:\/\/senoticias.com.br\/se\/wp-content\/uploads\/2025\/10\/Lula-e-Boulos-SE-Noticias-190x122.jpg 190w, https:\/\/senoticias.com.br\/se\/wp-content\/uploads\/2025\/10\/Lula-e-Boulos-SE-Noticias-120x76.jpg 120w, https:\/\/senoticias.com.br\/se\/wp-content\/uploads\/2025\/10\/Lula-e-Boulos-SE-Noticias-265x168.jpg 265w, https:\/\/senoticias.com.br\/se\/wp-content\/uploads\/2025\/10\/Lula-e-Boulos-SE-Noticias-284x180.jpg 284w, https:\/\/senoticias.com.br\/se\/wp-content\/uploads\/2025\/10\/Lula-e-Boulos-SE-Noticias-220x140.jpg 220w\" sizes=\"(max-width: 599px) 100vw, 599px\" \/><\/a><p id=\"caption-attachment-149832\" class=\"wp-caption-text\">Lula anuncia Boulos no lugar de M\u00e1rcio Mac\u00eado &#8211; Foto: Ricardo Stuckert<\/p><\/div>\n<p>A Secretaria-Geral \u00e9 respons\u00e1vel pela articula\u00e7\u00e3o do governo com os movimentos sociais. A mudan\u00e7a no comando da pasta vem no momento em que o presidente busca fortalecer a base para as elei\u00e7\u00f5es de 2026.<\/p>\n<p>A sa\u00edda de Mac\u00eado j\u00e1 era ventilada desde o ano passado e voltou a ganhar for\u00e7a recentemente, em meio aos esfor\u00e7os do governo para reorganizar a base.<\/p>\n<p>Com a altera\u00e7\u00e3o, Mac\u00eado deve se dedicar \u00e0 campanha para deputado federal no pr\u00f3ximo pleito. Enquanto Boulos, que tem boa interlocu\u00e7\u00e3o com movimentos sociais, vai intensificar as agendas pelo pa\u00eds de olho na reelei\u00e7\u00e3o do presidente Lula.<\/p>\n<p><strong><em>Acompanhe tamb\u00e9m o SE Not\u00edcias no\u00a0<a href=\"https:\/\/twitter.com\/Senoticias\" target=\"_blank\" rel=\"noreferrer noopener\">Twitter<\/a>,\u00a0<a href=\"https:\/\/www.facebook.com\/senoticias1\" target=\"_blank\" rel=\"noreferrer noopener\">Facebook<\/a>\u00a0e no\u00a0<a href=\"https:\/\/www.instagram.com\/senoticias\/\" target=\"_blank\" rel=\"noreferrer noopener\">Instagram<\/a><\/em><\/strong><\/p>\n<p>Fonte: Daniela Santos e Alice Groth\/Metropoles<\/p>\n","protected":false},"excerpt":{"rendered":"<p>Conforme o portal SE Not\u00edcias divulgou nas primeiras horas da manh\u00e3 desta segunda-feira (20), o presidente Luiz In\u00e1cio Lula da Silva (PT) decidiu demitir o ministro da Secretaria-Geral da Presid\u00eancia da Rep\u00fablica, M\u00e1rcio Mac\u00eado (PT-SE), e nomear o deputado federal Guilherme Boulos (PSOL-SP) para o cargo. Depois de meses de especula\u00e7\u00f5es e articula\u00e7\u00f5es internas, a [&hellip;]<\/p>\n","protected":false},"author":6557,"featured_media":149832,"comment_status":"closed","ping_status":"closed","sticky":false,"template":"","format":"standard","meta":{"footnotes":""},"categories":[15,2961],"tags":[10664,90,2332,37974],"class_list":{"0":"post-149831","1":"post","2":"type-post","3":"status-publish","4":"format-standard","5":"has-post-thumbnail","7":"category-destaques","8":"category-nacional","9":"tag-guilherme-boulos","10":"tag-lula","11":"tag-marcio-macedo","12":"tag-secretaria-geral-da-presidencia"},"_links":{"self":[{"href":"https:\/\/senoticias.com.br\/se\/wp-json\/wp\/v2\/posts\/149831"}],"collection":[{"href":"https:\/\/senoticias.com.br\/se\/wp-json\/wp\/v2\/posts"}],"about":[{"href":"https:\/\/senoticias.com.br\/se\/wp-json\/wp\/v2\/types\/post"}],"author":[{"embeddable":true,"href":"https:\/\/senoticias.com.br\/se\/wp-json\/wp\/v2\/users\/6557"}],"replies":[{"embeddable":true,"href":"https:\/\/senoticias.com.br\/se\/wp-json\/wp\/v2\/comments?post=149831"}],"version-history":[{"count":0,"href":"https:\/\/senoticias.com.br\/se\/wp-json\/wp\/v2\/posts\/149831\/revisions"}],"wp:featuredmedia":[{"embeddable":true,"href":"https:\/\/senoticias.com.br\/se\/wp-json\/wp\/v2\/media\/149832"}],"wp:attachment":[{"href":"https:\/\/senoticias.com.br\/se\/wp-json\/wp\/v2\/media?parent=149831"}],"wp:term":[{"taxonomy":"category","embeddable":true,"href":"https:\/\/senoticias.com.br\/se\/wp-json\/wp\/v2\/categories?post=149831"},{"taxonomy":"post_tag","embeddable":true,"href":"https:\/\/senoticias.com.br\/se\/wp-json\/wp\/v2\/tags?post=149831"}],"curies":[{"name":"wp","href":"https:\/\/api.w.org\/{rel}","templated":true}]}}