{"id":149817,"date":"2025-10-20T07:33:09","date_gmt":"2025-10-20T10:33:09","guid":{"rendered":"https:\/\/senoticias.com.br\/se\/?p=149817"},"modified":"2025-10-20T12:46:08","modified_gmt":"2025-10-20T15:46:08","slug":"lula-deve-anunciar-guilherme-boulos-como-novo-ministro-da-secretaria-geral-da-presidencia-marcio-macedo-podera-ser-remanejado","status":"publish","type":"post","link":"https:\/\/senoticias.com.br\/se\/lula-deve-anunciar-guilherme-boulos-como-novo-ministro-da-secretaria-geral-da-presidencia-marcio-macedo-podera-ser-remanejado\/","title":{"rendered":"Lula deve anunciar Guilherme Boulos como novo ministro da Secretaria-Geral da Presid\u00eancia; M\u00e1rcio Mac\u00eado poder\u00e1 ser remanejado"},"content":{"rendered":"<p>O presidente Luiz In\u00e1cio Lula da Silva deve anunciar, nas pr\u00f3ximas horas, <strong>o deputado federal Guilherme Boulos (PSOL-SP) como novo ministro da Secretaria-Geral da Presid\u00eancia da Rep\u00fablica<\/strong>. A confirma\u00e7\u00e3o oficial est\u00e1 prevista para ocorrer at\u00e9 a pr\u00f3xima ter\u00e7a-feira (21), antes da viagem de Lula \u00e0 \u00c1sia.<\/p>\n<p>De acordo com fontes do Pal\u00e1cio do Planalto, a decis\u00e3o j\u00e1 havia sido tomada h\u00e1 algumas semanas, mas o presidente <strong>aguardava a defini\u00e7\u00e3o sobre o futuro do atual ministro M\u00e1rcio Mac\u00eado.<\/strong><\/p>\n<p><strong>Na manh\u00e3 desta segunda-feira (20), o jornalista Narcizo Machado, da FAN FM (99,7), informou em seu programa que um integrante da assessoria de M\u00e1rcio Mac\u00eado confirmou que o ministro tem agenda com o presidente Lula no Pal\u00e1cio do Planalto marcada para esta segunda-feira, por volta das 18h..<\/strong><\/p>\n<div id=\"attachment_147621\" style=\"width: 582px\" class=\"wp-caption aligncenter\"><a href=\"https:\/\/senoticias.com.br\/se\/wp-content\/uploads\/2025\/05\/Guilherme-Boulos-SE-Noticias.jpg\"><img loading=\"lazy\" decoding=\"async\" aria-describedby=\"caption-attachment-147621\" class=\"size-full wp-image-147621\" src=\"https:\/\/senoticias.com.br\/se\/wp-content\/uploads\/2025\/05\/Guilherme-Boulos-SE-Noticias.jpg\" alt=\"\" width=\"572\" height=\"365\" srcset=\"https:\/\/senoticias.com.br\/se\/wp-content\/uploads\/2025\/05\/Guilherme-Boulos-SE-Noticias.jpg 572w, https:\/\/senoticias.com.br\/se\/wp-content\/uploads\/2025\/05\/Guilherme-Boulos-SE-Noticias-300x191.jpg 300w, https:\/\/senoticias.com.br\/se\/wp-content\/uploads\/2025\/05\/Guilherme-Boulos-SE-Noticias-190x122.jpg 190w, https:\/\/senoticias.com.br\/se\/wp-content\/uploads\/2025\/05\/Guilherme-Boulos-SE-Noticias-120x76.jpg 120w, https:\/\/senoticias.com.br\/se\/wp-content\/uploads\/2025\/05\/Guilherme-Boulos-SE-Noticias-265x168.jpg 265w, https:\/\/senoticias.com.br\/se\/wp-content\/uploads\/2025\/05\/Guilherme-Boulos-SE-Noticias-284x180.jpg 284w, https:\/\/senoticias.com.br\/se\/wp-content\/uploads\/2025\/05\/Guilherme-Boulos-SE-Noticias-220x140.jpg 220w\" sizes=\"(max-width: 572px) 100vw, 572px\" \/><\/a><p id=\"caption-attachment-147621\" class=\"wp-caption-text\">Lula deve anunciar Guilherme Boulos como novo ministro da Secretaria-Geral da Presid\u00eancia &#8211; Foto: arquivo\/Taba Benedicto \/ Estad\u00e3o<\/p><\/div>\n<p>A expectativa \u00e9 que M\u00e1rcio Mac\u00eado seja remanejado para outro cargo dentro do governo federal ou reassuma alguma fun\u00e7\u00e3o no Partido dos Trabalhadores (PT), onde j\u00e1 atuou como tesoureiro nacional.<\/p>\n<p>A Secretaria-Geral da Presid\u00eancia \u00e9 considerada uma das pastas mais estrat\u00e9gicas do governo, respons\u00e1vel por articular a rela\u00e7\u00e3o direta do Pal\u00e1cio do Planalto com movimentos sociais e entidades populares, al\u00e9m de coordenar parte da estrutura administrativa da Presid\u00eancia.<\/p>\n<p>Com a poss\u00edvel ida de Boulos ao primeiro escal\u00e3o, o PSOL tende a ganhar mais protagonismo dentro da base aliada de Lula, refor\u00e7ando o di\u00e1logo do governo com os setores progressistas e de esquerda.<\/p>\n<p><strong><em>Acompanhe tamb\u00e9m o SE Not\u00edcias no\u00a0<a href=\"https:\/\/twitter.com\/Senoticias\" target=\"_blank\" rel=\"noreferrer noopener\">Twitter<\/a>,\u00a0<a href=\"https:\/\/www.facebook.com\/senoticias1\" target=\"_blank\" rel=\"noreferrer noopener\">Facebook<\/a>\u00a0e no\u00a0<a href=\"https:\/\/www.instagram.com\/senoticias\/\" target=\"_blank\" rel=\"noreferrer noopener\">Instagram<\/a><\/em><\/strong><\/p>\n<p>Reda\u00e7\u00e3o, com informa\u00e7\u00f5es do Metropoles.<\/p>\n","protected":false},"excerpt":{"rendered":"<p>O presidente Luiz In\u00e1cio Lula da Silva deve anunciar, nas pr\u00f3ximas horas, o deputado federal Guilherme Boulos (PSOL-SP) como novo ministro da Secretaria-Geral da Presid\u00eancia da Rep\u00fablica. A confirma\u00e7\u00e3o oficial est\u00e1 prevista para ocorrer at\u00e9 a pr\u00f3xima ter\u00e7a-feira (21), antes da viagem de Lula \u00e0 \u00c1sia. De acordo com fontes do Pal\u00e1cio do Planalto, a [&hellip;]<\/p>\n","protected":false},"author":6557,"featured_media":147621,"comment_status":"closed","ping_status":"closed","sticky":false,"template":"","format":"standard","meta":{"footnotes":""},"categories":[15,6],"tags":[10664,90,2332,44369],"class_list":{"0":"post-149817","1":"post","2":"type-post","3":"status-publish","4":"format-standard","5":"has-post-thumbnail","7":"category-destaques","8":"category-politica","9":"tag-guilherme-boulos","10":"tag-lula","11":"tag-marcio-macedo","12":"tag-psol-sp"},"_links":{"self":[{"href":"https:\/\/senoticias.com.br\/se\/wp-json\/wp\/v2\/posts\/149817"}],"collection":[{"href":"https:\/\/senoticias.com.br\/se\/wp-json\/wp\/v2\/posts"}],"about":[{"href":"https:\/\/senoticias.com.br\/se\/wp-json\/wp\/v2\/types\/post"}],"author":[{"embeddable":true,"href":"https:\/\/senoticias.com.br\/se\/wp-json\/wp\/v2\/users\/6557"}],"replies":[{"embeddable":true,"href":"https:\/\/senoticias.com.br\/se\/wp-json\/wp\/v2\/comments?post=149817"}],"version-history":[{"count":0,"href":"https:\/\/senoticias.com.br\/se\/wp-json\/wp\/v2\/posts\/149817\/revisions"}],"wp:featuredmedia":[{"embeddable":true,"href":"https:\/\/senoticias.com.br\/se\/wp-json\/wp\/v2\/media\/147621"}],"wp:attachment":[{"href":"https:\/\/senoticias.com.br\/se\/wp-json\/wp\/v2\/media?parent=149817"}],"wp:term":[{"taxonomy":"category","embeddable":true,"href":"https:\/\/senoticias.com.br\/se\/wp-json\/wp\/v2\/categories?post=149817"},{"taxonomy":"post_tag","embeddable":true,"href":"https:\/\/senoticias.com.br\/se\/wp-json\/wp\/v2\/tags?post=149817"}],"curies":[{"name":"wp","href":"https:\/\/api.w.org\/{rel}","templated":true}]}}