{"id":149814,"date":"2025-10-19T18:59:53","date_gmt":"2025-10-19T21:59:53","guid":{"rendered":"https:\/\/senoticias.com.br\/se\/?p=149814"},"modified":"2025-10-19T18:59:53","modified_gmt":"2025-10-19T21:59:53","slug":"tobiarte-celebra-15-anos-e-transforma-tobias-barreto-em-palco-cultural-confira-a-programacao","status":"publish","type":"post","link":"https:\/\/senoticias.com.br\/se\/tobiarte-celebra-15-anos-e-transforma-tobias-barreto-em-palco-cultural-confira-a-programacao\/","title":{"rendered":"TobiArte celebra 15 anos e transforma Tobias Barreto em palco cultural; confira a programa\u00e7\u00e3o"},"content":{"rendered":"<p>De 22 a 26 de outubro, Tobias Barreto ser\u00e1 o palco da 15\u00aa edi\u00e7\u00e3o do TobiArte &#8211; Festival de Arte de Tobias Barreto. O evento, realizado pela Prefeitura de Tobias Barreto, por meio da Secretaria de Cultura, Juventude e Turismo, celebra as mais diversas manifesta\u00e7\u00f5es culturais da cidade, oferecendo \u00e0 popula\u00e7\u00e3o acesso a trabalhos e apresenta\u00e7\u00f5es de artistas regionais e nacionais de forma gratuita.<\/p>\n<p>Neste ano, o festival, que j\u00e1 faz parte do calend\u00e1rio festivo do munic\u00edpio do Centro Sul sergipano, vai contar com espet\u00e1culos teatrais, dan\u00e7a, circo, m\u00fasica e interven\u00e7\u00f5es urbanas. Dentre as atra\u00e7\u00f5es que est\u00e3o confirmadas nos palcos Aderbal Barbosa e Z\u00e9 Menezes, v\u00e3o se apresentar Toni Garrido, Joaquim Vaqueirinho, Chiko Queiroga e Ant\u00f4nio Rog\u00e9rio, Felip\u00e3o, Silicium e muito mais.<\/p>\n<div id=\"attachment_149815\" style=\"width: 558px\" class=\"wp-caption aligncenter\"><a href=\"https:\/\/senoticias.com.br\/se\/wp-content\/uploads\/2025\/10\/Tobiarte-2025-SE-Noticias.png\"><img loading=\"lazy\" decoding=\"async\" aria-describedby=\"caption-attachment-149815\" class=\"size-full wp-image-149815\" src=\"https:\/\/senoticias.com.br\/se\/wp-content\/uploads\/2025\/10\/Tobiarte-2025-SE-Noticias.png\" alt=\"\" width=\"548\" height=\"308\" srcset=\"https:\/\/senoticias.com.br\/se\/wp-content\/uploads\/2025\/10\/Tobiarte-2025-SE-Noticias.png 548w, https:\/\/senoticias.com.br\/se\/wp-content\/uploads\/2025\/10\/Tobiarte-2025-SE-Noticias-300x169.png 300w\" sizes=\"(max-width: 548px) 100vw, 548px\" \/><\/a><p id=\"caption-attachment-149815\" class=\"wp-caption-text\">TobiArte celebra 15 anos &#8211; Foto: ascom\/divulga\u00e7\u00e3o<\/p><\/div>\n<p>Al\u00e9m disso, haver\u00e1 apresenta\u00e7\u00f5es de grupos folcl\u00f3ricos e quadrilhas juninas, a exemplo dos Caboclinhos (Itaporanga D&#8217;Ajuda), Quadrilha Junina Meu Xamego (Tobias Barreto), Cacumbi (Itaporanga D\u2019Ajuda), Reisado S\u00e3o Jos\u00e9 (Japaratuba) e grupos de capoeira de Tobias Barreto. Eles ir\u00e3o sair em cortejo pelas ruas da cidade, saindo da Lagoa da Porta at\u00e9 a Pra\u00e7a do Cruzeiro.<\/p>\n<p>Confira a programa\u00e7\u00e3o completa:<\/p>\n<p>PALCO ADERBAL BARBOSA &#8211; PRA\u00c7A DO CRUZEIRO<\/p>\n<p><strong>QUARTA-FEIRA, DIA 22 (a partir das 15h):<\/strong><\/p>\n<p>-Apresenta\u00e7\u00f5es musicais e teatrais das escolas p\u00fablicas e particulares sediadas no munic\u00edpio<br \/>\n-Mostra Internacional \u00c1rabe de Cinema<br \/>\n-Apresenta\u00e7\u00f5es circense.<\/p>\n<p><strong>QUINTA-FEIRA, DIA 23\/10 (a partir das 14h):<\/strong><\/p>\n<p>-Concurso de dan\u00e7a livres<br \/>\n-Apresenta\u00e7\u00f5es musicais e teatrais das escolas p\u00fablicas e particulares sediadas no munic\u00edpio.<\/p>\n<p><strong>SEXTA-FEIRA, DIA 24\/10 (a partir 14h):<\/strong><\/p>\n<p>-Concurso de dan\u00e7a livres<br \/>\n-Apresenta\u00e7\u00f5es musicais e teatrais das escolas p\u00fablicas e particulares sediadas no munic\u00edpio<br \/>\n-Stand up comedy com Ramon Coxinha<\/p>\n<p><strong>S\u00c1BADO, DIA 25\/10:<\/strong><\/p>\n<p>-Apresenta\u00e7\u00e3o circense<br \/>\n-Flavia Caina &#8211; Dan\u00e7a \u00c1rabe<br \/>\n-Era uma vez um circo &#8211; Trupe Kadabra (Aracaju)<br \/>\n-Cia Nelson Santos<br \/>\n-A Magia das Bailarinas<\/p>\n<p>Apresenta\u00e7\u00e3o cultural:<\/p>\n<p>Barco de Fogo (Est\u00e2ncia)<\/p>\n<p>Apresenta\u00e7\u00f5es musicais:<\/p>\n<p>Valmor<br \/>\nJoaquim Vaqueirinho<br \/>\nToni Garrido<br \/>\nChiko Queiroga e Ant\u00f4nio Rog\u00e9rio<br \/>\nEdzero<\/p>\n<p>PALCO Z\u00c9 MENEZES &#8211; LAGOA DA PORTA<\/p>\n<p><strong>SEXTA-FEIRA, DIA 24:<\/strong><\/p>\n<p>Apresenta\u00e7\u00f5es musicais:<\/p>\n<p>Lucas Victor<br \/>\nRoberto Andrade<br \/>\nWesley Ara\u00fajo<br \/>\nRomario Lennon<br \/>\nFelip\u00e3o<br \/>\nBruno Rangel<\/p>\n<p><strong>S\u00c1BADO, DIA 25:<\/strong><\/p>\n<p>Apresenta\u00e7\u00f5es musicais:<\/p>\n<p>Cordas rom\u00e2nticas<br \/>\nAnchieta<br \/>\nLucas Carvalho<br \/>\nRom\u00e1rio o Ba\u00fa<br \/>\nMiltinho Marques<br \/>\nSilicium<\/p>\n<p><strong>DOMINGO, DIA 26:<\/strong><\/p>\n<p>Cortejo cultural com os grupos folcl\u00f3ricos &#8211; a partir das 16h40 (sa\u00edda):<\/p>\n<p>Bacamarteiros (Carm\u00f3polis)<br \/>\nBanda de P\u00edfano<br \/>\nBMAB<br \/>\nCaboclinhos (Itaporanga D\u2019Ajuda)<br \/>\nGrupo folcl\u00f3rico (Lagarto)<br \/>\nLambe Sujo (Indiaroba)<br \/>\nQuadrilha Junina Meu Xamego (Tobias Barreto)<br \/>\nCacumbi (Itaporanga D\u2019Ajuda)<br \/>\nReisado S\u00e3o Jos\u00e9 (Japaratuba)<br \/>\nSamba de roda (Japaratuba)<br \/>\nLIRA<br \/>\nXaxado de Lampi\u00e3o Gil de Z\u00e9 (Pov. Montes Coelho)<br \/>\nGrupos de Capoeira (Tobias Barreto)<\/p>\n<p>Apresenta\u00e7\u00f5es musicais:<\/p>\n<p>Samba do 7<br \/>\nSamba S2<br \/>\nNemesis<br \/>\nLos Cabrone<br \/>\nCesar Mendes<\/p>\n<p><strong><em>Acompanhe tamb\u00e9m o SE Not\u00edcias no\u00a0<a href=\"https:\/\/twitter.com\/Senoticias\" target=\"_blank\" rel=\"noreferrer noopener\">Twitter<\/a>,\u00a0<a href=\"https:\/\/www.facebook.com\/senoticias1\" target=\"_blank\" rel=\"noreferrer noopener\">Facebook<\/a>\u00a0e no\u00a0<a href=\"https:\/\/www.instagram.com\/senoticias\/\" target=\"_blank\" rel=\"noreferrer noopener\">Instagram<\/a><\/em><\/strong><\/p>\n<p><strong>Da Assessoria de Imprensa<\/strong><\/p>\n","protected":false},"excerpt":{"rendered":"<p>De 22 a 26 de outubro, Tobias Barreto ser\u00e1 o palco da 15\u00aa edi\u00e7\u00e3o do TobiArte &#8211; Festival de Arte de Tobias Barreto. O evento, realizado pela Prefeitura de Tobias Barreto, por meio da Secretaria de Cultura, Juventude e Turismo, celebra as mais diversas manifesta\u00e7\u00f5es culturais da cidade, oferecendo \u00e0 popula\u00e7\u00e3o acesso a trabalhos e [&hellip;]<\/p>\n","protected":false},"author":6557,"featured_media":149815,"comment_status":"closed","ping_status":"closed","sticky":false,"template":"","format":"standard","meta":{"footnotes":""},"categories":[21],"tags":[44368,16276,10880],"class_list":{"0":"post-149814","1":"post","2":"type-post","3":"status-publish","4":"format-standard","5":"has-post-thumbnail","7":"category-entretenimento","8":"tag-prefeito-dilson-de-agripino","9":"tag-prefeitura-de-tobias-barreto","10":"tag-tobiarte"},"_links":{"self":[{"href":"https:\/\/senoticias.com.br\/se\/wp-json\/wp\/v2\/posts\/149814"}],"collection":[{"href":"https:\/\/senoticias.com.br\/se\/wp-json\/wp\/v2\/posts"}],"about":[{"href":"https:\/\/senoticias.com.br\/se\/wp-json\/wp\/v2\/types\/post"}],"author":[{"embeddable":true,"href":"https:\/\/senoticias.com.br\/se\/wp-json\/wp\/v2\/users\/6557"}],"replies":[{"embeddable":true,"href":"https:\/\/senoticias.com.br\/se\/wp-json\/wp\/v2\/comments?post=149814"}],"version-history":[{"count":0,"href":"https:\/\/senoticias.com.br\/se\/wp-json\/wp\/v2\/posts\/149814\/revisions"}],"wp:featuredmedia":[{"embeddable":true,"href":"https:\/\/senoticias.com.br\/se\/wp-json\/wp\/v2\/media\/149815"}],"wp:attachment":[{"href":"https:\/\/senoticias.com.br\/se\/wp-json\/wp\/v2\/media?parent=149814"}],"wp:term":[{"taxonomy":"category","embeddable":true,"href":"https:\/\/senoticias.com.br\/se\/wp-json\/wp\/v2\/categories?post=149814"},{"taxonomy":"post_tag","embeddable":true,"href":"https:\/\/senoticias.com.br\/se\/wp-json\/wp\/v2\/tags?post=149814"}],"curies":[{"name":"wp","href":"https:\/\/api.w.org\/{rel}","templated":true}]}}