{"id":149806,"date":"2025-10-19T17:52:20","date_gmt":"2025-10-19T20:52:20","guid":{"rendered":"https:\/\/senoticias.com.br\/se\/?p=149806"},"modified":"2025-10-19T18:04:41","modified_gmt":"2025-10-19T21:04:41","slug":"confronto-em-nossa-senhora-do-socorro-radiopatrulha-apreende-arma-e-drogas-suspeito-morre-apos-trocar-tiros-com-a-policia","status":"publish","type":"post","link":"https:\/\/senoticias.com.br\/se\/confronto-em-nossa-senhora-do-socorro-radiopatrulha-apreende-arma-e-drogas-suspeito-morre-apos-trocar-tiros-com-a-policia\/","title":{"rendered":"Confronto em Nossa Senhora do Socorro: Radiopatrulha apreende arma e drogas; suspeito morre ap\u00f3s trocar tiros com a pol\u00edcia"},"content":{"rendered":"<p data-start=\"327\" data-end=\"548\">Uma a\u00e7\u00e3o da Batalh\u00e3o de Radiopatrulha terminou com a apreens\u00e3o de uma arma de fogo, drogas e a morte de um suspeito na tarde deste domingo, 19, no munic\u00edpio de Nossa Senhora do Socorro, regi\u00e3o metropolitana de Aracaju.<\/p>\n<p data-start=\"550\" data-end=\"821\">De acordo com o comandante do Batalh\u00e3o de Radiopatrulha, tenente-coronel Anderson Vitor, por volta das 14h, a equipe Le\u00e3o 03 realizava patrulhamento t\u00e1tico motorizado no Loteamento Santa Cec\u00edlia quando recebeu den\u00fancias de populares sobre um homem que estaria comercializando drogas em uma resid\u00eancia na Rua 126.<\/p>\n<div id=\"attachment_149807\" style=\"width: 586px\" class=\"wp-caption aligncenter\"><a href=\"https:\/\/senoticias.com.br\/se\/wp-content\/uploads\/2025\/10\/Confronto-em-Socorro-SE-Noticias.jpg\"><img loading=\"lazy\" decoding=\"async\" aria-describedby=\"caption-attachment-149807\" class=\"size-full wp-image-149807\" src=\"https:\/\/senoticias.com.br\/se\/wp-content\/uploads\/2025\/10\/Confronto-em-Socorro-SE-Noticias.jpg\" alt=\"\" width=\"576\" height=\"706\" srcset=\"https:\/\/senoticias.com.br\/se\/wp-content\/uploads\/2025\/10\/Confronto-em-Socorro-SE-Noticias.jpg 576w, https:\/\/senoticias.com.br\/se\/wp-content\/uploads\/2025\/10\/Confronto-em-Socorro-SE-Noticias-245x300.jpg 245w\" sizes=\"(max-width: 576px) 100vw, 576px\" \/><\/a><p id=\"caption-attachment-149807\" class=\"wp-caption-text\">Suspeito morre ap\u00f3s trocar tiros com a pol\u00edcia &#8211; Foto: BPRp<\/p><\/div>\n<p data-start=\"823\" data-end=\"1151\">Ao se aproximar do endere\u00e7o indicado, os policiais visualizaram o suspeito portando uma pochete preta. Ao perceber a presen\u00e7a da guarni\u00e7\u00e3o, ele tentou fugir em dire\u00e7\u00e3o a uma \u00e1rea de charco, arremessando o objeto ao solo. Durante a persegui\u00e7\u00e3o, o homem efetuou disparos contra os militares, que reagiram para cessar a agress\u00e3o.<\/p>\n<p data-start=\"1153\" data-end=\"1315\">No confronto, o suspeito foi atingido. Ele foi imediatamente socorrido e encaminhado ao Hospital de Urg\u00eancia de Sergipe (HUSE), mas n\u00e3o resistiu aos ferimentos.<\/p>\n<p data-start=\"1317\" data-end=\"1524\">Na pochete abandonada, os policiais encontraram <strong data-start=\"1365\" data-end=\"1521\">um rev\u00f3lver calibre .38 com seis muni\u00e7\u00f5es, 50 pinos e 56 embalagens tipo ziplock contendo subst\u00e2ncia an\u00e1loga \u00e0 coca\u00edna, al\u00e9m de 22 embalagens de maconha<\/strong>.<\/p>\n<p data-start=\"1526\" data-end=\"1633\">Todo o material apreendido foi encaminhado \u00e0 autoridade policial competente para as devidas provid\u00eancias.<\/p>\n<p><strong><em>Acompanhe tamb\u00e9m o SE Not\u00edcias no\u00a0<a href=\"https:\/\/twitter.com\/Senoticias\" target=\"_blank\" rel=\"noreferrer noopener\">Twitter<\/a>,\u00a0<a href=\"https:\/\/www.facebook.com\/senoticias1\" target=\"_blank\" rel=\"noreferrer noopener\">Facebook<\/a>\u00a0e no\u00a0<a href=\"https:\/\/www.instagram.com\/senoticias\/\" target=\"_blank\" rel=\"noreferrer noopener\">Instagram<\/a><\/em><\/strong><\/p>\n<p data-start=\"1526\" data-end=\"1633\"><strong>Reda\u00e7\u00e3o SE Not\u00edcias<\/strong><\/p>\n","protected":false},"excerpt":{"rendered":"<p>Uma a\u00e7\u00e3o da Batalh\u00e3o de Radiopatrulha terminou com a apreens\u00e3o de uma arma de fogo, drogas e a morte de um suspeito na tarde deste domingo, 19, no munic\u00edpio de Nossa Senhora do Socorro, regi\u00e3o metropolitana de Aracaju. De acordo com o comandante do Batalh\u00e3o de Radiopatrulha, tenente-coronel Anderson Vitor, por volta das 14h, a [&hellip;]<\/p>\n","protected":false},"author":6557,"featured_media":149807,"comment_status":"closed","ping_status":"closed","sticky":false,"template":"","format":"standard","meta":{"footnotes":""},"categories":[15,7],"tags":[37153,2650,2617,44367],"class_list":{"0":"post-149806","1":"post","2":"type-post","3":"status-publish","4":"format-standard","5":"has-post-thumbnail","7":"category-destaques","8":"category-policia","9":"tag-batalhao-de-radiopatrulha","10":"tag-nossa-senhora-do-socorro","11":"tag-radiopatrulha","12":"tag-santa-cecilia"},"_links":{"self":[{"href":"https:\/\/senoticias.com.br\/se\/wp-json\/wp\/v2\/posts\/149806"}],"collection":[{"href":"https:\/\/senoticias.com.br\/se\/wp-json\/wp\/v2\/posts"}],"about":[{"href":"https:\/\/senoticias.com.br\/se\/wp-json\/wp\/v2\/types\/post"}],"author":[{"embeddable":true,"href":"https:\/\/senoticias.com.br\/se\/wp-json\/wp\/v2\/users\/6557"}],"replies":[{"embeddable":true,"href":"https:\/\/senoticias.com.br\/se\/wp-json\/wp\/v2\/comments?post=149806"}],"version-history":[{"count":0,"href":"https:\/\/senoticias.com.br\/se\/wp-json\/wp\/v2\/posts\/149806\/revisions"}],"wp:featuredmedia":[{"embeddable":true,"href":"https:\/\/senoticias.com.br\/se\/wp-json\/wp\/v2\/media\/149807"}],"wp:attachment":[{"href":"https:\/\/senoticias.com.br\/se\/wp-json\/wp\/v2\/media?parent=149806"}],"wp:term":[{"taxonomy":"category","embeddable":true,"href":"https:\/\/senoticias.com.br\/se\/wp-json\/wp\/v2\/categories?post=149806"},{"taxonomy":"post_tag","embeddable":true,"href":"https:\/\/senoticias.com.br\/se\/wp-json\/wp\/v2\/tags?post=149806"}],"curies":[{"name":"wp","href":"https:\/\/api.w.org\/{rel}","templated":true}]}}