{"id":149794,"date":"2025-10-17T16:27:42","date_gmt":"2025-10-17T19:27:42","guid":{"rendered":"https:\/\/senoticias.com.br\/se\/?p=149794"},"modified":"2025-10-17T16:27:42","modified_gmt":"2025-10-17T19:27:42","slug":"sobrevivente-de-acidente-em-japaratuba-que-perdeu-os-pais-recebe-alta-hospitalar","status":"publish","type":"post","link":"https:\/\/senoticias.com.br\/se\/sobrevivente-de-acidente-em-japaratuba-que-perdeu-os-pais-recebe-alta-hospitalar\/","title":{"rendered":"Sobrevivente de acidente em Japaratuba, que perdeu os pais, recebe alta hospitalar"},"content":{"rendered":"<p>A filha do casal que ficou ferida ap\u00f3s um grave acidente com os pais, na BR-101, em Japaratuba, recebeu alta m\u00e9dica, ap\u00f3s atendimento no Hospital de Urg\u00eancias de Sergipe Governador Jo\u00e3o Alves Filho (Huse).<\/p>\n<p>Segundo informa\u00e7\u00f5es da Secretaria de Estado da Sa\u00fade (SES), a paciente passou por avalia\u00e7\u00f5es nas especialidades de Cirurgia Geral e Neurocirurgia, realizou exames de tomografia e permaneceu em observa\u00e7\u00e3o antes de ser liberada.<\/p>\n<p>Na manh\u00e3 desta sexta-feira, 17, a jovem esteve no Instituto M\u00e9dico Legal (IML) para realizar a libera\u00e7\u00e3o dos corpos dos pais.<\/p>\n<div id=\"attachment_149796\" style=\"width: 514px\" class=\"wp-caption aligncenter\"><a href=\"https:\/\/senoticias.com.br\/se\/wp-content\/uploads\/2025\/10\/Resgate-em-Japaratuba-SE-Noticias.png\"><img loading=\"lazy\" decoding=\"async\" aria-describedby=\"caption-attachment-149796\" class=\"size-full wp-image-149796\" src=\"https:\/\/senoticias.com.br\/se\/wp-content\/uploads\/2025\/10\/Resgate-em-Japaratuba-SE-Noticias.png\" alt=\"\" width=\"504\" height=\"412\" srcset=\"https:\/\/senoticias.com.br\/se\/wp-content\/uploads\/2025\/10\/Resgate-em-Japaratuba-SE-Noticias.png 504w, https:\/\/senoticias.com.br\/se\/wp-content\/uploads\/2025\/10\/Resgate-em-Japaratuba-SE-Noticias-300x245.png 300w\" sizes=\"(max-width: 504px) 100vw, 504px\" \/><\/a><p id=\"caption-attachment-149796\" class=\"wp-caption-text\">Ap\u00f3s perder os pais em acidente em Japaratuba, jovem ferida recebe alta hospitalar &#8211; Foto: GTA<\/p><\/div>\n<p>No carro estavam tr\u00eas pessoas da mesma fam\u00edlia: um homem de 70 anos, sua esposa, de 60, e a filha do casal, de 35 anos. O acidente ocorreu quando o ve\u00edculo, que seguia de Porto de Galinhas (PE) para Minas Gerais, perdeu o controle na rodovia, invadiu a pista contr\u00e1ria, capotou e caiu em um lago \u00e0s margens da estrada.<\/p>\n<p><strong><em>Acompanhe tamb\u00e9m o SE Not\u00edcias no\u00a0<a href=\"https:\/\/twitter.com\/Senoticias\" target=\"_blank\" rel=\"noreferrer noopener\">Twitter<\/a>,\u00a0<a href=\"https:\/\/www.facebook.com\/senoticias1\" target=\"_blank\" rel=\"noreferrer noopener\">Facebook<\/a>\u00a0e no\u00a0<a href=\"https:\/\/www.instagram.com\/senoticias\/\" target=\"_blank\" rel=\"noreferrer noopener\">Instagram<\/a><\/em><\/strong><\/p>\n<p>Fonte: Infonet<\/p>\n","protected":false},"excerpt":{"rendered":"<p>A filha do casal que ficou ferida ap\u00f3s um grave acidente com os pais, na BR-101, em Japaratuba, recebeu alta m\u00e9dica, ap\u00f3s atendimento no Hospital de Urg\u00eancias de Sergipe Governador Jo\u00e3o Alves Filho (Huse). Segundo informa\u00e7\u00f5es da Secretaria de Estado da Sa\u00fade (SES), a paciente passou por avalia\u00e7\u00f5es nas especialidades de Cirurgia Geral e Neurocirurgia, [&hellip;]<\/p>\n","protected":false},"author":6557,"featured_media":149796,"comment_status":"closed","ping_status":"closed","sticky":false,"template":"","format":"standard","meta":{"footnotes":""},"categories":[15,6],"tags":[],"class_list":{"0":"post-149794","1":"post","2":"type-post","3":"status-publish","4":"format-standard","5":"has-post-thumbnail","7":"category-destaques","8":"category-politica"},"_links":{"self":[{"href":"https:\/\/senoticias.com.br\/se\/wp-json\/wp\/v2\/posts\/149794"}],"collection":[{"href":"https:\/\/senoticias.com.br\/se\/wp-json\/wp\/v2\/posts"}],"about":[{"href":"https:\/\/senoticias.com.br\/se\/wp-json\/wp\/v2\/types\/post"}],"author":[{"embeddable":true,"href":"https:\/\/senoticias.com.br\/se\/wp-json\/wp\/v2\/users\/6557"}],"replies":[{"embeddable":true,"href":"https:\/\/senoticias.com.br\/se\/wp-json\/wp\/v2\/comments?post=149794"}],"version-history":[{"count":0,"href":"https:\/\/senoticias.com.br\/se\/wp-json\/wp\/v2\/posts\/149794\/revisions"}],"wp:featuredmedia":[{"embeddable":true,"href":"https:\/\/senoticias.com.br\/se\/wp-json\/wp\/v2\/media\/149796"}],"wp:attachment":[{"href":"https:\/\/senoticias.com.br\/se\/wp-json\/wp\/v2\/media?parent=149794"}],"wp:term":[{"taxonomy":"category","embeddable":true,"href":"https:\/\/senoticias.com.br\/se\/wp-json\/wp\/v2\/categories?post=149794"},{"taxonomy":"post_tag","embeddable":true,"href":"https:\/\/senoticias.com.br\/se\/wp-json\/wp\/v2\/tags?post=149794"}],"curies":[{"name":"wp","href":"https:\/\/api.w.org\/{rel}","templated":true}]}}